{"id":37064,"date":"2012-05-18T10:19:49","date_gmt":"2012-05-18T08:19:49","guid":{"rendered":"http:\/\/www.pauljorion.com\/blog\/?p=37064"},"modified":"2013-01-02T00:48:38","modified_gmt":"2013-01-01T23:48:38","slug":"atlantico-fr-un-g8-pour-la-photo-par-francois-leclerc","status":"publish","type":"post","link":"https:\/\/www.pauljorion.com\/blog\/2012\/05\/18\/atlantico-fr-un-g8-pour-la-photo-par-francois-leclerc\/","title":{"rendered":"<b>Atlantico.fr, Le G8 est-il vraiment \u00e0 la hauteur de la crise de la dette ?<\/b>, par Fran\u00e7ois Leclerc"},"content":{"rendered":"<blockquote><p>Billet invit\u00e9, <a href=\"http:\/\/www.atlantico.fr\/decryptage\/g8-decisions-cruciales-pour-sauver-zone-euro-francois-leclerc-363223.html\" target=\"_blank\">paru ce jour \u00e9galement sur Atlantico.fr<\/a><\/p><\/blockquote>\n<p>La tenue du \u00ab G8 \u00bb \u00e0 Camp David vendredi et samedi co\u00efncide avec la r\u00e9surgence de l&rsquo;affrontement entre r\u00e9publicains et d\u00e9mocrates am\u00e9ricains \u00e0 propos de la dette US. Marquant le retour \u00e0 l&rsquo;\u00e9chelle mondiale &#8211; et non plus seulement europ\u00e9enne &#8211; d\u2019une dette dont nul ne sait comment la r\u00e9sorber, et au premier plan le d\u00e9bat sur la stimulation d\u2019une croissance qui n\u2019est pas au rendez-vous.<\/p>\n<p>En raison du risque d&rsquo;effondrement des banques grecques et de la perspective qui se rapproche d\u2019un sauvetage impos\u00e9 de l\u2019Espagne &#8211; ainsi que de leurs cons\u00e9quences impr\u00e9visibles &#8211; l\u2019Europe va encore avoir la vedette en solo. Mais pour combien de temps encore ? En pleine campagne \u00e9lectorale, les \u00e9lus r\u00e9publicains majoritaires \u00e0 la Chambre des repr\u00e9sentants viennent de remonter au cr\u00e9neau, annon\u00e7ant un nouveau bras de fer \u00e0 propos du d\u00e9plafonnement de la dette pr\u00e9vu pour la fin d&rsquo;ann\u00e9e.<\/p>\n<p>Au chapitre de la croissance, alors que celle de la Chine qui devait tirer le monde s\u2019essouffle, la secr\u00e9taire d\u2019Etat Hillary Clinton s\u2019est dite \u00ab encourag\u00e9e d\u2019entendre des d\u00e9clarations venant de dirigeants europ\u00e9ens sur l\u2019effort fait pour tenter de trouver un consensus autour de la croissance \u00bb. Rencontrant Mario Monti, le pr\u00e9sident du conseil italien, Barack Obama a d\u00e9fendu cette m\u00eame approche. Selon le communiqu\u00e9 de la Maison Blanche, les deux dirigeants,\u00ab se sont mis d\u2019accord sur la n\u00e9cessit\u00e9 d\u2019intensifier les efforts destin\u00e9s \u00e0 promouvoir la croissance et la cr\u00e9ation d\u2019emplois \u00bb.<\/p>\n<p><!--more-->Devant cette offensive am\u00e9ricaine, le gouvernement allemand affecte la s\u00e9r\u00e9nit\u00e9 : \u00ab je ne pense pas qu\u2019on en arrive \u00e0 des querelles \u00bb a d\u00e9clar\u00e9 un haut fonctionnaire qui a r\u00e9clam\u00e9 l\u2019anonymat, en ajoutant \u00ab nous avons bien vu que tout le monde voulait la croissance \u00bb. Certes, l\u2019objectif est en paroles commun mais les moyens diff\u00e8rent.<\/p>\n<p>Les Am\u00e9ricains se donnent implicitement comme mod\u00e8le aux Europ\u00e9ens, l\u2019administration Obama ayant favoris\u00e9 les mesures de relance au d\u00e9triment de la rigueur budg\u00e9taire, et la Federal Reserve soutenu l\u2019industrie financi\u00e8re tout en faisant baisser par ses achats les taux \u00e0 long terme de la dette publique. En Europe, le d\u00e9bat est engag\u00e9 entre les partisans de r\u00e9formes structurelles d\u2019inspiration lib\u00e9rale et ceux qui pr\u00e9conisent une politique d\u2019investissement. Les uns et les autres sont n\u00e9anmoins d\u2019accord pour attendre de la croissance la solution \u00e0 des probl\u00e8mes qu&rsquo;ils ne parviennent pas \u00e0 r\u00e9soudre sans son apport.<\/p>\n<p>Barack Obama averti ses challengers qu\u2019ils ne doivent pas r\u00e9\u00e9diter \u00ab la catastrophe du plafond de la dette de l\u2019ann\u00e9e derni\u00e8re \u00bb, durant l&rsquo;\u00e9t\u00e9 2011, tandis que John Boehner, le leader r\u00e9publicain de la Chambre des repr\u00e9sentants, d\u00e9clare qu\u2019\u00ab il ne permettra pas un rel\u00e8vement du plafond de la dette sans que quelque chose de s\u00e9rieux ne soit fait contre la dette \u00bb et demande \u00ab o\u00f9 est le plan du pr\u00e9sident ?\u00bb pour endiguer une dette qui d\u00e9passe 15.600 milliards de dollars. Mais les r\u00e9publicains ne veulent pas d\u2019augmentation des imp\u00f4ts et les d\u00e9mocrates n\u2019acceptent pas de coupes dans les programmes sociaux\u2026 Les dirigeants de la Fed s&rsquo;inqui\u00e8tent des r\u00e9percussions d&rsquo;un retour \u00e0 marche forc\u00e9e vers l&rsquo;\u00e9quilibre budg\u00e9taire aux Etats-Unis, en plus des risques que fait courir la crise europ\u00e9enne.<\/p>\n<p>En Europe, la strat\u00e9gie choisie de d\u00e9sendettement de la dette, tant publique que priv\u00e9e, est en \u00e9chec et suscite une dynamique de crise qui ne se d\u00e9ment pas. La croissance nulle mesur\u00e9e par Eurostat dans la zone euro pour le premier trimestre n\u2019augure rien de bon, tandis que le syst\u00e8me bancaire semble devenu d\u00e9pendant de la morphine mon\u00e9taire de la BCE. Les \u00e9ch\u00e9ances grecques et espagnoles ne vont pas pouvoir \u00eatre repouss\u00e9es longtemps.<\/p>\n<p>Une v\u00e9rit\u00e9 se fait jour, objet d\u2019un nouveau d\u00e9ni auquel le \u00ab G8 \u00bb va participer : dans toute l\u2019\u00e9conomie occidentale, la dette est tout simplement trop importante pour \u00eatre r\u00e9sorb\u00e9e. Ni les mesures d\u2019aust\u00e9rit\u00e9 qui freinent l\u2019\u00e9conomie, ni les tentatives contradictoires de relance destin\u00e9es \u00e0 d\u00e9velopper les ressources fiscales ne peuvent y pr\u00e9tendre s\u00e9rieusement. La machine est cass\u00e9e. Gagner du temps est la seule strat\u00e9gie qui subsiste et l\u2019invocation de la croissance a toutes les chances de se r\u00e9sumer \u00e0 un geste politique de plus. Cela va \u00eatre un \u00ab G8 \u00bb pour rien, l\u2019habitude s\u2019en installe.<\/p>\n<p>&#8212;&#8212;&#8212;&#8212;<br \/>\nLes <a href=\"http:\/\/www.osez-la-republique-sociale.fr\/boutique\/#ecwid:category=0&#038;mode=product&#038;product=11341370\"><b>CHRONIQUES DE LA GRANDE PERDITION<\/b><\/a> viennent de para\u00eetre. <\/p>\n","protected":false},"excerpt":{"rendered":"<blockquote>\n<p>Billet invit\u00e9, <a href=\"http:\/\/www.atlantico.fr\/decryptage\/g8-decisions-cruciales-pour-sauver-zone-euro-francois-leclerc-363223.html\" target=\"_blank\">paru ce jour \u00e9galement sur Atlantico.fr<\/a><\/p>\n<\/blockquote>\n<p>La tenue du \u00ab G8 \u00bb \u00e0 Camp David vendredi et samedi co\u00efncide avec la r\u00e9surgence de l&rsquo;affrontement entre r\u00e9publicains et d\u00e9mocrates am\u00e9ricains \u00e0 propos de la dette US. Marquant le retour \u00e0 l&rsquo;\u00e9chelle mondiale &#8211; et non plus seulement europ\u00e9enne &#8211; d\u2019une dette dont [&hellip;]<\/p>\n","protected":false},"author":38,"featured_media":0,"comment_status":"closed","ping_status":"open","sticky":false,"template":"","format":"standard","meta":{"footnotes":""},"categories":[1],"tags":[],"class_list":["post-37064","post","type-post","status-publish","format-standard","hentry","category-economie"],"_links":{"self":[{"href":"https:\/\/www.pauljorion.com\/blog\/wp-json\/wp\/v2\/posts\/37064","targetHints":{"allow":["GET"]}}],"collection":[{"href":"https:\/\/www.pauljorion.com\/blog\/wp-json\/wp\/v2\/posts"}],"about":[{"href":"https:\/\/www.pauljorion.com\/blog\/wp-json\/wp\/v2\/types\/post"}],"author":[{"embeddable":true,"href":"https:\/\/www.pauljorion.com\/blog\/wp-json\/wp\/v2\/users\/38"}],"replies":[{"embeddable":true,"href":"https:\/\/www.pauljorion.com\/blog\/wp-json\/wp\/v2\/comments?post=37064"}],"version-history":[{"count":10,"href":"https:\/\/www.pauljorion.com\/blog\/wp-json\/wp\/v2\/posts\/37064\/revisions"}],"predecessor-version":[{"id":46358,"href":"https:\/\/www.pauljorion.com\/blog\/wp-json\/wp\/v2\/posts\/37064\/revisions\/46358"}],"wp:attachment":[{"href":"https:\/\/www.pauljorion.com\/blog\/wp-json\/wp\/v2\/media?parent=37064"}],"wp:term":[{"taxonomy":"category","embeddable":true,"href":"https:\/\/www.pauljorion.com\/blog\/wp-json\/wp\/v2\/categories?post=37064"},{"taxonomy":"post_tag","embeddable":true,"href":"https:\/\/www.pauljorion.com\/blog\/wp-json\/wp\/v2\/tags?post=37064"}],"curies":[{"name":"wp","href":"https:\/\/api.w.org\/{rel}","templated":true}]}}