{"id":37161,"date":"2012-05-19T12:22:38","date_gmt":"2012-05-19T10:22:38","guid":{"rendered":"http:\/\/www.pauljorion.com\/blog\/?p=37161"},"modified":"2013-01-02T00:48:35","modified_gmt":"2013-01-01T23:48:35","slug":"lactualite-de-la-crise-vielen-dank-frau-merkel-par-francois-leclerc","status":"publish","type":"post","link":"https:\/\/www.pauljorion.com\/blog\/2012\/05\/19\/lactualite-de-la-crise-vielen-dank-frau-merkel-par-francois-leclerc\/","title":{"rendered":"<i>L&rsquo;actualit\u00e9 de la crise<\/i> : <b>VIELEN DANK FRAU MERKEL  !<\/b> par Fran\u00e7ois Leclerc"},"content":{"rendered":"<blockquote><p>Billet invit\u00e9.<\/p><\/blockquote>\n<p>Une information ayant comme origine le bureau de Panayiotis Pikrammenos, le premier ministre grec par int\u00e9rim, soul\u00e8ve ce matin un gigantesque toll\u00e9 dans le pays. Selon cette source cit\u00e9e hier soir par les agences de presse internationales, Angela Merkel aurait \u00e9voqu\u00e9 avec Carolos Papoulias, le pr\u00e9sident de la R\u00e9publique, l\u2019organisation d\u2019un r\u00e9f\u00e9rendum portant sur le maintien ou non de la Gr\u00e8ce dans l\u2019euro. <\/p>\n<p>Un d\u00e9menti est tr\u00e8s vite venu de Berlin, mais le mal \u00e9tait fait. Personne ne pouvait y croire, car le projet circulait d\u00e9j\u00e0. Il avait \u00e9t\u00e9 notamment \u00e9voqu\u00e9 sous la forme d\u2019un \u00ab\u00a0troisi\u00e8me tour\u00a0\u00bb aux prochaines \u00e9lections l\u00e9gislatives par le commissaire europ\u00e9en Karel de Gucht. Deux hypoth\u00e8ses pouvaient par contre \u00eatre formul\u00e9es \u00e0 propos de cette annonce intempestive : une fuite organis\u00e9e destin\u00e9e \u00e0 torpiller le projet ou l\u2019inexp\u00e9rience d\u2019un fonctionnaire (depuis injoignable et renvoy\u00e9 \u00e0 son cher foyer). <\/p>\n<p><!--more-->Le r\u00e9sultat n\u2019a pas d\u00e9\u00e7u les esp\u00e9rances de l\u2019auteur de la fuite, si cette hypoth\u00e8se un peu retorse devait \u00eatre retenue. Ta Nea titre ce matin \u00ab\u00a0Ultimatum Merkel\u00a0\u00bb tandis qu\u2019Eleftheros Typos, \u00e0 l\u2019oppos\u00e9 politiquement, barre sa \u00ab\u00a0une\u00a0\u00bb de \u00ab\u00a0Bombe Merkel pour un euro-referendum\u00a0\u00bb. Antonis Samaras, le leader de Nouvelle D\u00e9mocratie, d\u00e9clare que cette suggestion est \u00ab\u00a0regrettable et ne peut pas \u00eatre accept\u00e9e\u00a0\u00bb. Alexis Tsipras, de Syriza, constate que \u00ab\u00a0Madame Merkel est habitu\u00e9e \u00e0 s\u2019adresser aux dirigeants politiques de la Gr\u00e8ce comme s\u2019il s\u2019agissait d\u2019un pays sous protectorat\u00a0\u00bb. Evang\u00e9los V\u00e9niz\u00e9los du Pasok affirme que \u00ab\u00a0la question en Gr\u00e8ce n\u2019est pas son maintien ou non dans l\u2019euro, mais la sortie d\u00e9finitive de la crise\u2026\u00a0\u00bb<\/p>\n<p>C\u2019est \u00e0 cela que l\u2019on reconna\u00eet les grands dirigeants : \u00e0 leur capacit\u00e9 de r\u00e9ussir l\u00e0 o\u00f9 tout le monde a \u00e9chou\u00e9. A Ath\u00e8nes, tout le monde se retrouve d\u2019accord ce matin. Merci beaucoup, Madame Merkel !<\/p>\n","protected":false},"excerpt":{"rendered":"<blockquote>\n<p>Billet invit\u00e9.<\/p>\n<\/blockquote>\n<p>Une information ayant comme origine le bureau de Panayiotis Pikrammenos, le premier ministre grec par int\u00e9rim, soul\u00e8ve ce matin un gigantesque toll\u00e9 dans le pays. Selon cette source cit\u00e9e hier soir par les agences de presse internationales, Angela Merkel aurait \u00e9voqu\u00e9 avec Carolos Papoulias, le pr\u00e9sident de la R\u00e9publique, l\u2019organisation d\u2019un r\u00e9f\u00e9rendum portant [&hellip;]<\/p>\n","protected":false},"author":37,"featured_media":0,"comment_status":"closed","ping_status":"open","sticky":false,"template":"","format":"standard","meta":{"footnotes":""},"categories":[1,204,307],"tags":[160],"class_list":["post-37161","post","type-post","status-publish","format-standard","hentry","category-economie","category-europe","category-finance","tag-grece"],"_links":{"self":[{"href":"https:\/\/www.pauljorion.com\/blog\/wp-json\/wp\/v2\/posts\/37161","targetHints":{"allow":["GET"]}}],"collection":[{"href":"https:\/\/www.pauljorion.com\/blog\/wp-json\/wp\/v2\/posts"}],"about":[{"href":"https:\/\/www.pauljorion.com\/blog\/wp-json\/wp\/v2\/types\/post"}],"author":[{"embeddable":true,"href":"https:\/\/www.pauljorion.com\/blog\/wp-json\/wp\/v2\/users\/37"}],"replies":[{"embeddable":true,"href":"https:\/\/www.pauljorion.com\/blog\/wp-json\/wp\/v2\/comments?post=37161"}],"version-history":[{"count":17,"href":"https:\/\/www.pauljorion.com\/blog\/wp-json\/wp\/v2\/posts\/37161\/revisions"}],"predecessor-version":[{"id":46351,"href":"https:\/\/www.pauljorion.com\/blog\/wp-json\/wp\/v2\/posts\/37161\/revisions\/46351"}],"wp:attachment":[{"href":"https:\/\/www.pauljorion.com\/blog\/wp-json\/wp\/v2\/media?parent=37161"}],"wp:term":[{"taxonomy":"category","embeddable":true,"href":"https:\/\/www.pauljorion.com\/blog\/wp-json\/wp\/v2\/categories?post=37161"},{"taxonomy":"post_tag","embeddable":true,"href":"https:\/\/www.pauljorion.com\/blog\/wp-json\/wp\/v2\/tags?post=37161"}],"curies":[{"name":"wp","href":"https:\/\/api.w.org\/{rel}","templated":true}]}}