{"id":37179,"date":"2012-05-20T08:54:10","date_gmt":"2012-05-20T06:54:10","guid":{"rendered":"http:\/\/www.pauljorion.com\/blog\/?p=37179"},"modified":"2013-01-02T00:48:35","modified_gmt":"2013-01-01T23:48:35","slug":"lactualite-de-la-crise-limportant-cest-de-participer-par-francois-leclerc","status":"publish","type":"post","link":"https:\/\/www.pauljorion.com\/blog\/2012\/05\/20\/lactualite-de-la-crise-limportant-cest-de-participer-par-francois-leclerc\/","title":{"rendered":"<i>L&rsquo;actualit\u00e9 de la crise<\/i> : <b>L\u2019IMPORTANT, C\u2019EST DE PARTICIPER\u2026<\/b>, par Fran\u00e7ois Leclerc"},"content":{"rendered":"<p>Ils sont venus, ils sont tous l\u00e0\u2026.<\/p>\n<p>Avec Francois Hollande, Barack Obama a parl\u00e9 croissance et avec Angela Merkel aust\u00e9rit\u00e9. Ensemble, ils ont parl\u00e9 aust\u00e9rit\u00e9 et croissance \u00e0 Camp David. Puis Barack Obama a d\u00e9clar\u00e9 que la croissance et l\u2019emploi devaient \u00eatre la priorit\u00e9 commune.<\/p>\n<p>Angela Merkel et Barack Obama sont convenus de travailler \u00ab\u00a0en tandem\u00a0\u00bb sur les deux fronts de la consolidation fiscale et de la croissance, dans cet ordre-l\u00e0. Fran\u00e7ois Hollande, a promis \u00ab\u00a0un lien profond\u00a0\u00bb avec les Etats-Unis\u00a0\u00bb et constat\u00e9 \u00ab\u00a0des avanc\u00e9es importantes\u00a0\u00bb, se r\u00e9jouissant que la croissance ait \u00e9t\u00e9 \u00ab\u00a0le grand sujet\u00a0\u00bb du G8.<\/p>\n<p>\u00ab\u00a0Le consensus est de plus en plus net\u00a0\u00bb a d\u00e9clar\u00e9 Obama.\u00a0\u00ab\u00a0La France et l&rsquo;Allemagne n&rsquo;ont pas de divergences\u00a0\u00bb a fait valoir Merkel, \u00ab\u00a0sinon nous n&rsquo;aurions pas pu nous mettre d&rsquo;accord sur le communiqu\u00e9\u00a0\u00bb. Dans leur communiqu\u00e9 final, tous les membres du G8 ont d\u00e9clar\u00e9 vouloir une \u00ab\u00a0zone euro forte et unie\u00a0\u00bb, tout en reconnaissant que les mesures \u00e0 prendre \u00ab\u00a0ne sont pas les m\u00eames pour tous\u00a0\u00bb.<\/p>\n<p>Barack Obama, David Cameron et Angela Merkel ont regard\u00e9 les tirs au buts de la finale de la Ligue des champions finalement remport\u00e9e par Chelsea contre le Bayern de Munich (c&rsquo;\u00e9tait l&rsquo;\u00e9v\u00e9nement \u00e0 ne pas manquer du week-end). Angela Merkel, Mario Monti et Fran\u00e7ois Hollande ont cherch\u00e9 une date dans leur agenda pour se r\u00e9unir avant de retrouver leurs 24 autres coll\u00e8gues de l\u2019Union europ\u00e9enne, fin juin \u00e0 Bruxelles.<\/p>\n<p>Les sherpas ont imm\u00e9diatement entam\u00e9 la r\u00e9daction du projet de communiqu\u00e9 commun du prochain G8. C\u2019\u00e9tait une journ\u00e9e comme les autres.<\/p>\n","protected":false},"excerpt":{"rendered":"<p>Ils sont venus, ils sont tous l\u00e0\u2026.<\/p>\n<p>Avec Francois Hollande, Barack Obama a parl\u00e9 croissance et avec Angela Merkel aust\u00e9rit\u00e9. Ensemble, ils ont parl\u00e9 aust\u00e9rit\u00e9 et croissance \u00e0 Camp David. Puis Barack Obama a d\u00e9clar\u00e9 que la croissance et l\u2019emploi devaient \u00eatre la priorit\u00e9 commune.<\/p>\n<p>Angela Merkel et Barack Obama sont convenus de travailler \u00ab\u00a0en [&hellip;]<\/p>\n","protected":false},"author":37,"featured_media":0,"comment_status":"closed","ping_status":"open","sticky":false,"template":"","format":"standard","meta":{"footnotes":""},"categories":[1,204],"tags":[676],"class_list":["post-37179","post","type-post","status-publish","format-standard","hentry","category-economie","category-europe","tag-g8"],"_links":{"self":[{"href":"https:\/\/www.pauljorion.com\/blog\/wp-json\/wp\/v2\/posts\/37179","targetHints":{"allow":["GET"]}}],"collection":[{"href":"https:\/\/www.pauljorion.com\/blog\/wp-json\/wp\/v2\/posts"}],"about":[{"href":"https:\/\/www.pauljorion.com\/blog\/wp-json\/wp\/v2\/types\/post"}],"author":[{"embeddable":true,"href":"https:\/\/www.pauljorion.com\/blog\/wp-json\/wp\/v2\/users\/37"}],"replies":[{"embeddable":true,"href":"https:\/\/www.pauljorion.com\/blog\/wp-json\/wp\/v2\/comments?post=37179"}],"version-history":[{"count":17,"href":"https:\/\/www.pauljorion.com\/blog\/wp-json\/wp\/v2\/posts\/37179\/revisions"}],"predecessor-version":[{"id":46350,"href":"https:\/\/www.pauljorion.com\/blog\/wp-json\/wp\/v2\/posts\/37179\/revisions\/46350"}],"wp:attachment":[{"href":"https:\/\/www.pauljorion.com\/blog\/wp-json\/wp\/v2\/media?parent=37179"}],"wp:term":[{"taxonomy":"category","embeddable":true,"href":"https:\/\/www.pauljorion.com\/blog\/wp-json\/wp\/v2\/categories?post=37179"},{"taxonomy":"post_tag","embeddable":true,"href":"https:\/\/www.pauljorion.com\/blog\/wp-json\/wp\/v2\/tags?post=37179"}],"curies":[{"name":"wp","href":"https:\/\/api.w.org\/{rel}","templated":true}]}}