{"id":38179,"date":"2012-06-13T12:26:43","date_gmt":"2012-06-13T10:26:43","guid":{"rendered":"http:\/\/www.pauljorion.com\/blog\/?p=38179"},"modified":"2013-01-02T00:46:46","modified_gmt":"2013-01-01T23:46:46","slug":"lactualite-de-la-crise-les-maillons-cedent-par-francois-leclerc","status":"publish","type":"post","link":"https:\/\/www.pauljorion.com\/blog\/2012\/06\/13\/lactualite-de-la-crise-les-maillons-cedent-par-francois-leclerc\/","title":{"rendered":"<i>L&rsquo;actualit\u00e9 de la crise<\/i> : <b>LES MAILLONS C\u00c8DENT<\/b>, par Fran\u00e7ois Leclerc"},"content":{"rendered":"<blockquote><p>Billet invit\u00e9.<\/p><\/blockquote>\n<p><strong>The English version of this post <a href=\"http:\/\/www.pauljorion.com\/blog_en\/?p=622\" target=\"_blank\">can be found here<\/a>.<\/strong><\/p>\n<p>Les voix sont de plus en plus discordantes et les \u00e9v\u00e9nements se pr\u00e9cipitent : demande espagnole d\u00e9sormais in\u00e9vitable \u00e0 b\u00e9n\u00e9ficier d\u2019un <i>plan de sauvetage<\/i> et proche reconnaissance de l\u2019\u00e9chec du second plan de la Gr\u00e8ce, suivie de la n\u00e9gociation d\u2019un troisi\u00e8me, assorti de l\u2019\u00e9talement de son calendrier, quel que soit le r\u00e9sultat des \u00e9lections de ce week-end. <\/p>\n<p>Apr\u00e8s avoir qualifi\u00e9 de \u00ab\u00a0victoire\u00a0\u00bb un renflouement des banques espagnoles qu\u2019il avait essay\u00e9 d\u2019\u00e9viter \u00e0 tout prix, Mariano Rajoy va devoir reconna\u00eetre qu\u2019il ne peut plus poursuivre dans le d\u00e9ni et accepter de se r\u00e9fugier sous une protection europ\u00e9enne qui n\u2019est pas adapt\u00e9e \u00e0 un sauvetage de ce calibre. D\u2019autant que le MES n\u2019est pas op\u00e9rationnel et que les conditions de la ratification de sa cr\u00e9ation ne sont pas r\u00e9unies en Allemagne. Le chef du gouvernement espagnol risque cependant de se faire encore beaucoup prier, et de produire des d\u00e9g\u00e2ts, \u00e0 constater comment il essaye de ne pas reconna\u00eetre que des conditions au sauvetage des banques du pays sont en passe d&rsquo;\u00eatre formul\u00e9es. <\/p>\n<p><!--more-->La dynamique de ce qui a \u00e9t\u00e9 engag\u00e9 en Espagne se propage dans toute l\u2019Europe. Si les gouvernements irlandais et portugais refusent officiellement d\u2019envisager une ren\u00e9gociation de leurs <i>plans de sauvetage<\/i> respectifs, leurs oppositions le r\u00e9clament dor\u00e9navant et les pays tout entiers l\u2019attendent afin de desserrer les \u00e9taux. A Lisbonne, hier soir, les traditionnelles \u00ab\u00a0marchas\u00a0populares \u00bb de l\u2019avenue de la Libert\u00e9 avaient un autre air de f\u00eate dans un pays redevenu sans avenir et n\u2019ayant plus que le d\u00e9part \u00e0 offrir \u00e0 sa jeunesse. <\/p>\n<p>Signe des temps, Alexis Tsipras, le leader de Syriza, signe une tribune dans le Financial Times sous le titre\u00a0\u00ab <a href=\"http:\/\/www.ft.com\/intl\/cms\/s\/0\/4c44a296-b3b3-11e1-a3db-00144feabdc0.html#axzz1xk8sOZGz\">La Gr\u00e8ce restera dans la zone euro\u00a0et nous restaurerons la croissance<\/a> \u00bb. Il y explique qu\u2019une coalition de gauche aura pour principal objectif la r\u00e9alisation d\u2019une r\u00e9forme fiscale destin\u00e9e \u00e0 faire payer ceux qui \u00e9chappent \u00e0 l\u2019imp\u00f4t du fait du client\u00e9lisme pratiqu\u00e9 par un syst\u00e8me biparti r\u00e9volu. Rapport\u00e9s par le Financial Times Deutschland, les propos de Wolfgang Sch\u00e4uble et de Jean-Claude Juncker ne laissent aucun doute : ils sont pr\u00eats \u00e0 accorder du temps \u00e0 la Gr\u00e8ce, du moment que l\u2019essentiel du programme qu\u2019elle doit accomplir est maintenu. <\/p>\n<p>Tout aussi spectaculaire, la r\u00e9ception d\u2019une d\u00e9l\u00e9gation du SPD allemand \u00e0 l&rsquo;\u00c9lys\u00e9e vise \u00e0 exercer une pression accrue sur Angela Merkel, afin que soit entam\u00e9e une n\u00e9gociation d\u2019ensemble, portant sur la ren\u00e9gociation du trait\u00e9 budg\u00e9taire et un plan de croissance europ\u00e9en, toutes choses qu\u2019elle se refuse obstin\u00e9ment \u00e0 envisager. Hier, la BCE balayait le principe de tout pr\u00e9alable et de toute temporisation et r\u00e9clamait la mise en route de l\u2019Union bancaire destin\u00e9e selon ses concepteurs \u00e0 surveiller, r\u00e9guler et faire face aux accidents \u00e0 venir du d\u00e9sendettement tumultueux des banques europ\u00e9ennes. L\u2019opposition publiquement exprim\u00e9e \u00e0 propos de l\u2019ordre devant \u00eatre suivi entre cr\u00e9ation de l\u2019Union fiscale et de l\u2019Union bancaire \u00e9tait tranch\u00e9. Enfin, il se pr\u00e9cise \u00e0 Berlin qu\u2019une taxe sur les transactions financi\u00e8res devrait \u00eatre adopt\u00e9e sans attendre, comme l\u2019annon\u00e7ait Angela Merkel, la fin de la l\u00e9gislation allemande en cours, qui doit intervenir en septembre 2013. <\/p>\n<p>George Osborne, le chancelier de l\u2019\u00c9chiquier (ministre des finances) britannique s\u2019interrogeait hier pour savoir s\u2019il fallait une sortie en catastrophe de la Gr\u00e8ce de la zone euro pour qu\u2019Angela Merkel d\u00e9vie de sa ligne intransigeante. Il semble aujourd\u2019hui qu\u2019il puisse en \u00eatre fait l\u2019\u00e9conomie. Sans pr\u00e9judice de la suite, car marcher \u00e0 reculons n\u2019a jamais permis d&rsquo;effectuer de grands pas.  <\/p>\n<p>Prochain \u00e9pisode planifi\u00e9, la rencontre romaine de demain jeudi de Fran\u00e7ois Hollande et de Mario Monti, alors que s&rsquo;\u00e9l\u00e8vent les habituelles voix du ch\u0153ur dirig\u00e9 par Wolfgang Sch\u00e4uble : \u00ab\u00a0il n&rsquo;y a pas de danger pour l&rsquo;Italie\u00a0\u00bb, tandis que Mario Monti affecte la s\u00e9r\u00e9nit\u00e9 \u00ab\u00a0dans ce moment crucial\u00a0\u00bb. Comediante ! Tragediante !   <\/p>\n<p>&#8212;&#8212;&#8212;&#8212;<br \/>\n<b>VENTE EN LIGNE<\/b> : Les <a href=\"http:\/\/www.osez-la-republique-sociale.fr\/boutique\/#ecwid:category=0&#038;mode=product&#038;product=11341370\"><b>CHRONIQUES DE LA GRANDE PERDITION<\/b><\/a> viennent de para\u00eetre.<\/p>\n","protected":false},"excerpt":{"rendered":"<blockquote>\n<p>Billet invit\u00e9.<\/p>\n<\/blockquote>\n<p><strong>The English version of this post <a href=\"http:\/\/www.pauljorion.com\/blog_en\/?p=622\" target=\"_blank\">can be found here<\/a>.<\/strong><\/p>\n<p>Les voix sont de plus en plus discordantes et les \u00e9v\u00e9nements se pr\u00e9cipitent : demande espagnole d\u00e9sormais in\u00e9vitable \u00e0 b\u00e9n\u00e9ficier d\u2019un <i>plan de sauvetage<\/i> et proche reconnaissance de l\u2019\u00e9chec du second plan de la Gr\u00e8ce, suivie de la n\u00e9gociation d\u2019un troisi\u00e8me, [&hellip;]<\/p>\n","protected":false},"author":37,"featured_media":0,"comment_status":"closed","ping_status":"open","sticky":false,"template":"","format":"standard","meta":{"footnotes":""},"categories":[1,204,307],"tags":[],"class_list":["post-38179","post","type-post","status-publish","format-standard","hentry","category-economie","category-europe","category-finance"],"_links":{"self":[{"href":"https:\/\/www.pauljorion.com\/blog\/wp-json\/wp\/v2\/posts\/38179","targetHints":{"allow":["GET"]}}],"collection":[{"href":"https:\/\/www.pauljorion.com\/blog\/wp-json\/wp\/v2\/posts"}],"about":[{"href":"https:\/\/www.pauljorion.com\/blog\/wp-json\/wp\/v2\/types\/post"}],"author":[{"embeddable":true,"href":"https:\/\/www.pauljorion.com\/blog\/wp-json\/wp\/v2\/users\/37"}],"replies":[{"embeddable":true,"href":"https:\/\/www.pauljorion.com\/blog\/wp-json\/wp\/v2\/comments?post=38179"}],"version-history":[{"count":22,"href":"https:\/\/www.pauljorion.com\/blog\/wp-json\/wp\/v2\/posts\/38179\/revisions"}],"predecessor-version":[{"id":46266,"href":"https:\/\/www.pauljorion.com\/blog\/wp-json\/wp\/v2\/posts\/38179\/revisions\/46266"}],"wp:attachment":[{"href":"https:\/\/www.pauljorion.com\/blog\/wp-json\/wp\/v2\/media?parent=38179"}],"wp:term":[{"taxonomy":"category","embeddable":true,"href":"https:\/\/www.pauljorion.com\/blog\/wp-json\/wp\/v2\/categories?post=38179"},{"taxonomy":"post_tag","embeddable":true,"href":"https:\/\/www.pauljorion.com\/blog\/wp-json\/wp\/v2\/tags?post=38179"}],"curies":[{"name":"wp","href":"https:\/\/api.w.org\/{rel}","templated":true}]}}