{"id":39789,"date":"2012-07-24T08:38:13","date_gmt":"2012-07-24T06:38:13","guid":{"rendered":"http:\/\/www.pauljorion.com\/blog\/?p=39789"},"modified":"2013-01-02T00:44:08","modified_gmt":"2013-01-01T23:44:08","slug":"le-temps-quil-fera-le-22-fevrier-2013","status":"publish","type":"post","link":"https:\/\/www.pauljorion.com\/blog\/2012\/07\/24\/le-temps-quil-fera-le-22-fevrier-2013\/","title":{"rendered":"<b>LE TEMPS QU&rsquo;IL (FERA) LE 22 F\u00c9VRIER 2013<\/b>"},"content":{"rendered":"<p><a href=\"http:\/\/www.pauljorion.com\/blog\/wp-content\/uploads\/Vid\u00e9o.png\"><img loading=\"lazy\" decoding=\"async\" class=\"alignleft size-large wp-image-39790\" title=\"Vid\u00e9o\" src=\"http:\/\/www.pauljorion.com\/blog\/wp-content\/uploads\/Vid\u00e9o-1024x799.png\" alt=\"\" width=\"630\" height=\"480\" \/><\/a><\/p>\n<p>&nbsp;<\/p>\n<p>Le <a href=\"http:\/\/www.theatredurondpoint.fr\/\" target=\"_blank\">th\u00e9\u00e2tre du Rond-Point<\/a> \u00e0 Paris m&rsquo;offre tr\u00e8s aimablement de produire \u00ab\u00a0Le temps qu\u2019il fait, le 22 f\u00e9vrier 2013\u00a0\u00bb en direct pour vous.<\/p>\n<p>Pour qu&rsquo;on puisse se faire une id\u00e9e du nombre de spectateurs, si vous avez l&rsquo;intention de venir, soyez gentil de me le signaler en passant par le \u00ab\u00a0Me contacter\u00a0\u00bb, en-haut \u00e0 droite (\u00e0 c\u00f4t\u00e9 de l&rsquo;enveloppe). Merci d&rsquo;avance !<\/p>\n<blockquote><p>Depuis le 12 d\u00e9cembre 2008, Paul Jorion produit tous les vendredis sur son blog une vid\u00e9o bricol\u00e9e o\u00f9 il fait le point de l\u2019actualit\u00e9.<\/p>\n<p>Son \u00ab\u00a0Temps qu\u2019il fait\u00a0\u00bb, qui d\u00e9bute par un rituel \u00ab\u00a0Bonjour, on est vendredi\u00a0!\u00a0\u00bb, est tr\u00e8s regard\u00e9\u00a0: en 2012, le nombre de vues a d\u00e9pass\u00e9 le million.<\/p>\n<p>L\u2019enregistrement est parfois acrobatique\u00a0: dans une chambre d\u2019h\u00f4tel en Albanie, ou \u00e0 la table d\u2019une maison de campagne d\u2019o\u00f9 les invit\u00e9s entrent et sortent avec insouciance, assis \u2013 faute de lumi\u00e8re ailleurs \u2013 sur des toilettes, ou la t\u00eate cal\u00e9e sur un oreiller, l\u2019iPad tenu \u00e0 bout de bras au-dessus de lui.<\/p>\n<p>Qu\u2019y aura-t-il \u00e0 raconter, le vendredi 22 f\u00e9vrier 2013\u00a0? S\u2019il se trouvait qu&rsquo;il n\u2019y a rien \u00e0 dire, ce serait bien dommage pour le spectacle et une excellente nouvelle pour nous tous. Gageons pourtant que Jorion aura quelque chose \u00e0 raconter sur le temps qu\u2019il fait ce jour-l\u00e0 et \u2013 vu la mani\u00e8re dont les choses s\u2019annoncent \u2013 il faudra tr\u00e8s probablement s&rsquo;accrocher \u00e0 son fauteuil.<\/p>\n<p>&nbsp;<\/p><\/blockquote>\n","protected":false},"excerpt":{"rendered":"<p><a href=\"http:\/\/www.pauljorion.com\/blog\/wp-content\/uploads\/Vid\u00e9o.png\"><img loading=\"lazy\" decoding=\"async\" class=\"alignleft size-large wp-image-39790\" title=\"Vid\u00e9o\" src=\"http:\/\/www.pauljorion.com\/blog\/wp-content\/uploads\/Vid\u00e9o-1024x799.png\" alt=\"\" width=\"630\" height=\"480\" \/><\/a><\/p>\n<p>&nbsp;<\/p>\n<p>Le <a href=\"http:\/\/www.theatredurondpoint.fr\/\" target=\"_blank\">th\u00e9\u00e2tre du Rond-Point<\/a> \u00e0 Paris m&rsquo;offre tr\u00e8s aimablement de produire \u00ab\u00a0Le temps qu\u2019il fait, le 22 f\u00e9vrier 2013\u00a0\u00bb en direct pour vous.<\/p>\n<p>Pour qu&rsquo;on puisse se faire une id\u00e9e du nombre de spectateurs, si vous avez l&rsquo;intention de venir, soyez [&hellip;]<\/p>\n","protected":false},"author":1,"featured_media":0,"comment_status":"closed","ping_status":"open","sticky":false,"template":"","format":"standard","meta":{"footnotes":""},"categories":[24],"tags":[],"class_list":["post-39789","post","type-post","status-publish","format-standard","hentry","category-blog"],"_links":{"self":[{"href":"https:\/\/www.pauljorion.com\/blog\/wp-json\/wp\/v2\/posts\/39789","targetHints":{"allow":["GET"]}}],"collection":[{"href":"https:\/\/www.pauljorion.com\/blog\/wp-json\/wp\/v2\/posts"}],"about":[{"href":"https:\/\/www.pauljorion.com\/blog\/wp-json\/wp\/v2\/types\/post"}],"author":[{"embeddable":true,"href":"https:\/\/www.pauljorion.com\/blog\/wp-json\/wp\/v2\/users\/1"}],"replies":[{"embeddable":true,"href":"https:\/\/www.pauljorion.com\/blog\/wp-json\/wp\/v2\/comments?post=39789"}],"version-history":[{"count":7,"href":"https:\/\/www.pauljorion.com\/blog\/wp-json\/wp\/v2\/posts\/39789\/revisions"}],"predecessor-version":[{"id":46125,"href":"https:\/\/www.pauljorion.com\/blog\/wp-json\/wp\/v2\/posts\/39789\/revisions\/46125"}],"wp:attachment":[{"href":"https:\/\/www.pauljorion.com\/blog\/wp-json\/wp\/v2\/media?parent=39789"}],"wp:term":[{"taxonomy":"category","embeddable":true,"href":"https:\/\/www.pauljorion.com\/blog\/wp-json\/wp\/v2\/categories?post=39789"},{"taxonomy":"post_tag","embeddable":true,"href":"https:\/\/www.pauljorion.com\/blog\/wp-json\/wp\/v2\/tags?post=39789"}],"curies":[{"name":"wp","href":"https:\/\/api.w.org\/{rel}","templated":true}]}}