{"id":41178,"date":"2012-09-06T01:22:49","date_gmt":"2012-09-05T23:22:49","guid":{"rendered":"http:\/\/www.pauljorion.com\/blog\/?p=41178"},"modified":"2013-01-02T00:33:38","modified_gmt":"2013-01-01T23:33:38","slug":"lactualite-de-la-crise-la-parole-est-au-marche-par-francois-leclerc","status":"publish","type":"post","link":"https:\/\/www.pauljorion.com\/blog\/2012\/09\/06\/lactualite-de-la-crise-la-parole-est-au-marche-par-francois-leclerc\/","title":{"rendered":"<i>L&rsquo;actualit\u00e9 de la crise<\/i> : <b>LA PAROLE EST AU MARCH\u00c9 !<\/b> par Fran\u00e7ois Leclerc"},"content":{"rendered":"<blockquote><p>Billet invit\u00e9<\/p><\/blockquote>\n<p>Il ne faut pas s\u2019attendre \u00e0 un miracle. Prise entre des imp\u00e9ratifs contradictoires et soumise \u00e0 de fortes pressions, la BCE devrait s\u2019en tenir \u00e0 un programme minimum, selon les informations qui circulent ce soir.<\/p>\n<p>On s\u2019oriente vers une intervention sous forme d\u2019achats obligataires sur le second march\u00e9 au coup par coup, d\u00e9cid\u00e9e \u00e0 chaque fois par le conseil des gouverneurs, sans qu\u2019aucun m\u00e9canisme automatique ne soit adopt\u00e9. L\u2019abandon de la priorit\u00e9 de remboursement de la BCE par rapport aux autres investisseurs (la s\u00e9niorit\u00e9) a moins fait l\u2019objet de longues discussions. <\/p>\n<p>Cette d\u00e9cision, si elle se confirme, est \u00e0 l\u2019image du reste. Les cas de la Gr\u00e8ce, de l\u2019Espagne, de l\u2019Irlande et du Portugal sont toujours en suspens, les deux premiers devant imp\u00e9rativement \u00eatre r\u00e9gl\u00e9s \u00e0 la mi-octobre selon Fran\u00e7ois Hollande, qui n\u2019a pas dit comment il fallait s\u2019y prendre. Une union bancaire se pr\u00e9pare sur laquelle les espoirs vont se reporter, mais sans attendre elle ne nous d\u00e9\u00e7oit pas : sous couvert du dispositif de surveillance des banques, c\u2019est la taille des mailles du filet qui est en discussion, l&rsquo;articulation entre la BCE et les r\u00e9gulateurs nationaux et les complaisances qui pourront l&rsquo;accompagner.<\/p>\n","protected":false},"excerpt":{"rendered":"<blockquote>\n<p>Billet invit\u00e9<\/p>\n<\/blockquote>\n<p>Il ne faut pas s\u2019attendre \u00e0 un miracle. Prise entre des imp\u00e9ratifs contradictoires et soumise \u00e0 de fortes pressions, la BCE devrait s\u2019en tenir \u00e0 un programme minimum, selon les informations qui circulent ce soir.<\/p>\n<p>On s\u2019oriente vers une intervention sous forme d\u2019achats obligataires sur le second march\u00e9 au coup par coup, d\u00e9cid\u00e9e [&hellip;]<\/p>\n","protected":false},"author":37,"featured_media":0,"comment_status":"closed","ping_status":"open","sticky":false,"template":"","format":"standard","meta":{"footnotes":""},"categories":[1,204,307],"tags":[80,75,160,451,264],"class_list":["post-41178","post","type-post","status-publish","format-standard","hentry","category-economie","category-europe","category-finance","tag-bce","tag-espagne","tag-grece","tag-irlande","tag-portugal"],"_links":{"self":[{"href":"https:\/\/www.pauljorion.com\/blog\/wp-json\/wp\/v2\/posts\/41178","targetHints":{"allow":["GET"]}}],"collection":[{"href":"https:\/\/www.pauljorion.com\/blog\/wp-json\/wp\/v2\/posts"}],"about":[{"href":"https:\/\/www.pauljorion.com\/blog\/wp-json\/wp\/v2\/types\/post"}],"author":[{"embeddable":true,"href":"https:\/\/www.pauljorion.com\/blog\/wp-json\/wp\/v2\/users\/37"}],"replies":[{"embeddable":true,"href":"https:\/\/www.pauljorion.com\/blog\/wp-json\/wp\/v2\/comments?post=41178"}],"version-history":[{"count":10,"href":"https:\/\/www.pauljorion.com\/blog\/wp-json\/wp\/v2\/posts\/41178\/revisions"}],"predecessor-version":[{"id":45974,"href":"https:\/\/www.pauljorion.com\/blog\/wp-json\/wp\/v2\/posts\/41178\/revisions\/45974"}],"wp:attachment":[{"href":"https:\/\/www.pauljorion.com\/blog\/wp-json\/wp\/v2\/media?parent=41178"}],"wp:term":[{"taxonomy":"category","embeddable":true,"href":"https:\/\/www.pauljorion.com\/blog\/wp-json\/wp\/v2\/categories?post=41178"},{"taxonomy":"post_tag","embeddable":true,"href":"https:\/\/www.pauljorion.com\/blog\/wp-json\/wp\/v2\/tags?post=41178"}],"curies":[{"name":"wp","href":"https:\/\/api.w.org\/{rel}","templated":true}]}}