{"id":42534,"date":"2012-10-16T23:28:47","date_gmt":"2012-10-16T21:28:47","guid":{"rendered":"http:\/\/www.pauljorion.com\/blog\/?p=42534"},"modified":"2013-01-02T00:27:47","modified_gmt":"2013-01-01T23:27:47","slug":"20-ans-de-marche-unique-ceux-qui-ne-sont-pas-de-la-finance-v","status":"publish","type":"post","link":"https:\/\/www.pauljorion.com\/blog\/2012\/10\/16\/20-ans-de-marche-unique-ceux-qui-ne-sont-pas-de-la-finance-v\/","title":{"rendered":"<b>20 ans de march\u00e9 unique : Ceux qui ne sont pas de la finance (V)<\/b>"},"content":{"rendered":"<p>Hier, dans <a href=\"http:\/\/www.pauljorion.com\/blog\/?p=42400\" target=\"_blank\">la troisi\u00e8me livraison<\/a> de mon compte-rendu de l&rsquo;\u00e9v\u00e9nement \u00ab 20 ans de march\u00e9 unique \u00bb, j&rsquo;avais mentionn\u00e9 les noms de deux personnes dont les propos d\u00e9tonaient par rapport \u00e0 la componction commune aux autres interventions, et faisaient d\u00e9raper du coup la belle logique de l&rsquo;autosatisfaction : Bianca Schulz, directrice du Centre Europ\u00e9en des Consommateurs, et Veronica Nillson, secr\u00e9taire conf\u00e9d\u00e9rale de la Conf\u00e9d\u00e9ration europ\u00e9enne des syndicats. J&rsquo;ai voulu les voir chacune et les entendre en-dehors du cadre de l&rsquo;\u00e9v\u00e9nement pour leur poser la question : qu&rsquo;arrivez-vous en fait  \u00e0 obtenir ?<\/p>\n<p>Je ne vous rapporterai pas leurs paroles individuelles, mais l&rsquo;image globale qui se d\u00e9gage de leurs propos.<\/p>\n<p>Je ne surprendrai pas les lecteurs du blog en leur disant que les rapports de ces organisations avec la Communaut\u00e9 europ\u00e9enne se situe manifestement \u00e0 l&rsquo;int\u00e9rieur d&rsquo;un vaste rapport de force, et que celui-ci n&rsquo;est, pour commencer, pas sp\u00e9cialement favorable aux institutions qu&rsquo;elles repr\u00e9sentent l&rsquo;une et l&rsquo;autre, vus les moyens financiers dont disposent les interlocuteurs qu&rsquo;elles ont en face d&rsquo;elles. <\/p>\n<p>Intervient ensuite la pesanteur de l&rsquo;Union Europ\u00e9enne en tant que telle : 27 nations avec pratiquement autant de langues diff\u00e9rentes, plus 27 susceptibilit\u00e9s nationales, auxquelles s&rsquo;ajoutent encore des susceptibilit\u00e9s r\u00e9gionales \u00e0 l&rsquo;int\u00e9rieur-m\u00eame de ces nations (je vous \u00e9cris de la Belgique o\u00f9 a eu lieu avant-hier un scrutin communal haut en couleurs de ce point de vue l\u00e0). Du coup, ces textes propos\u00e9s au vote se voient affaiblis dans un premier temps par une cacophonie de consid\u00e9rations clochemerlesques, le manque de souffle soulignant l&rsquo;absence d&rsquo;un v\u00e9ritable projet europ\u00e9en en provenance des peuples.<\/p>\n<p>Ces textes sont encore affaiblis davantage dans un second temps par une complication surajout\u00e9e, cens\u00e9e refl\u00e9ter la complexit\u00e9 technique des probl\u00e8mes \u00e0 r\u00e9soudre. Quelques questions pr\u00e9cises de ma part portant sur les mesures propos\u00e9es en ce moment en vue d&rsquo;une unification bancaire m&rsquo;ont rapidement convaincu cependant que dans ce cas pr\u00e9cis en tout cas, la pr\u00e9tendue complication est \u00e0 usage strat\u00e9gique et vise \u00e0 d\u00e9courager les interlocuteurs \u00ab citoyens \u00bb pour qui le rapport de force est a priori d\u00e9j\u00e0 d\u00e9favorable. <\/p>\n<p>J&rsquo;ai quitt\u00e9 chacune de ces deux jeunes femmes de bonne volont\u00e9 en l&rsquo;assurant du soutien du Blog de Paul Jorion et je l&rsquo;ai encourag\u00e9e \u00e0 se tourner vers nous si n\u00e9cessaire. Proposition bien re\u00e7ue car, me suis-je entendu dire, c&rsquo;est la m\u00eame petite clique que l&rsquo;on retrouve dans la quasi-totalit\u00e9 des <i>think tanks<\/i> pr\u00e9tendument rivaux. <\/p>\n<p>Au moment de se quitter j&rsquo;ai per\u00e7u dans chacun de ces deux regards la m\u00eame interrogation : \u00ab Est-il compl\u00e8tement fou pour manifester un tel enthousiasme par les temps qui courent ? \u00bb Si celui-ci devait s&rsquo;av\u00e9rer contagieux, ce serait d\u00e9j\u00e0 un premier pas en avant.<\/p>\n","protected":false},"excerpt":{"rendered":"<p>Hier, dans <a href=\"http:\/\/www.pauljorion.com\/blog\/?p=42400\" target=\"_blank\">la troisi\u00e8me livraison<\/a> de mon compte-rendu de l&rsquo;\u00e9v\u00e9nement \u00ab 20 ans de march\u00e9 unique \u00bb, j&rsquo;avais mentionn\u00e9 les noms de deux personnes dont les propos d\u00e9tonaient par rapport \u00e0 la componction commune aux autres interventions, et faisaient d\u00e9raper du coup la belle logique de l&rsquo;autosatisfaction : Bianca Schulz, directrice du Centre [&hellip;]<\/p>\n","protected":false},"author":1,"featured_media":0,"comment_status":"closed","ping_status":"open","sticky":false,"template":"","format":"standard","meta":{"footnotes":""},"categories":[1,204],"tags":[152,2124],"class_list":["post-42534","post","type-post","status-publish","format-standard","hentry","category-economie","category-europe","tag-consommation","tag-syndicats"],"_links":{"self":[{"href":"https:\/\/www.pauljorion.com\/blog\/wp-json\/wp\/v2\/posts\/42534","targetHints":{"allow":["GET"]}}],"collection":[{"href":"https:\/\/www.pauljorion.com\/blog\/wp-json\/wp\/v2\/posts"}],"about":[{"href":"https:\/\/www.pauljorion.com\/blog\/wp-json\/wp\/v2\/types\/post"}],"author":[{"embeddable":true,"href":"https:\/\/www.pauljorion.com\/blog\/wp-json\/wp\/v2\/users\/1"}],"replies":[{"embeddable":true,"href":"https:\/\/www.pauljorion.com\/blog\/wp-json\/wp\/v2\/comments?post=42534"}],"version-history":[{"count":12,"href":"https:\/\/www.pauljorion.com\/blog\/wp-json\/wp\/v2\/posts\/42534\/revisions"}],"predecessor-version":[{"id":45836,"href":"https:\/\/www.pauljorion.com\/blog\/wp-json\/wp\/v2\/posts\/42534\/revisions\/45836"}],"wp:attachment":[{"href":"https:\/\/www.pauljorion.com\/blog\/wp-json\/wp\/v2\/media?parent=42534"}],"wp:term":[{"taxonomy":"category","embeddable":true,"href":"https:\/\/www.pauljorion.com\/blog\/wp-json\/wp\/v2\/categories?post=42534"},{"taxonomy":"post_tag","embeddable":true,"href":"https:\/\/www.pauljorion.com\/blog\/wp-json\/wp\/v2\/tags?post=42534"}],"curies":[{"name":"wp","href":"https:\/\/api.w.org\/{rel}","templated":true}]}}