{"id":44627,"date":"2012-12-10T14:43:00","date_gmt":"2012-12-10T13:43:00","guid":{"rendered":"http:\/\/www.pauljorion.com\/blog\/?p=44627"},"modified":"2013-01-02T00:17:42","modified_gmt":"2013-01-01T23:17:42","slug":"lactualite-de-la-crise-un-faux-pas-est-vite-arrive-par-francois-leclerc","status":"publish","type":"post","link":"https:\/\/www.pauljorion.com\/blog\/2012\/12\/10\/lactualite-de-la-crise-un-faux-pas-est-vite-arrive-par-francois-leclerc\/","title":{"rendered":"<i>L&rsquo;actualit\u00e9 de la crise<\/i> : <b>UN FAUX-PAS EST VITE ARRIV\u00c9<\/b>, par Fran\u00e7ois Leclerc"},"content":{"rendered":"<blockquote><p>Billet invit\u00e9.<\/p><\/blockquote>\n<p>La cl\u00e9 de vo\u00fbte de la crise europ\u00e9enne que repr\u00e9sente l\u2019Italie est en train de c\u00e9der l\u00e0 o\u00f9 on ne l\u2019attendait pas : sur le terrain politique. \u00c0 l\u2019image de la droite fran\u00e7aise, mais d\u2019une toute autre mani\u00e8re, la droite italienne continue de se diviser. Silvio Berlusconi s\u2019appr\u00eate \u00e0 tenter une op\u00e9ration \u00e9lectorale s\u2019appuyant sur tous les ressorts de la d\u00e9magogie &#8211; nombreux dans la grande tradition de la droite italienne &#8211; et Mario Monti voit sa pr\u00e9caire base d\u2019appui s\u2019affaisser, n\u2019ayant pas d\u2019autre ressource que de prendre les devants en annon\u00e7ant sa d\u00e9mission \u00ab\u00a0irr\u00e9vocable\u00a0\u00bb pour se placer en r\u00e9serve et si possible rebondir. <\/p>\n<p>Par effet de contagion, les cons\u00e9quences sur l\u2019Espagne ne se sont pas fait attendre, les taux obligataires se tendant \u00e0 nouveau, l\u2019imminence d\u2019une demande de <i>sauvetage<\/i> se pr\u00e9cisant, sans que Luis de Guindos, le ministre de l\u2019\u00e9conomie, l\u2019admette encore. El Pais titrait ce matin son \u00e9ditorial \u00ab\u00a0Rescate urgente\u00a0\u00bb (sauvetage urgent). <\/p>\n<p>Tout cela ne fait pas l\u2019affaire du gouvernement allemand. \u00ab\u00a0L\u2019Italie ne doit pas s\u2019arr\u00eater sur le chemin de r\u00e9formes\u00a0alors qu\u2019elle a fait les deux tiers du chemin \u00e0 parcourir. Cela plongerait non seulement l\u2019Italie, mais aussi l\u2019Europe dans une zone de turbulences \u00bb, a d\u00e9clar\u00e9 le ministre des affaires \u00e9trang\u00e8res, Guido Westerwelle. La porte-parole du minist\u00e8re des finances a \u00e9t\u00e9 plus circonspecte : \u00ab\u00a0Nous partons du principe que l\u2019Italie va continuer \u00e0 remplir ses obligations europ\u00e9ennes\u2026\u00a0\u00bb. <\/p>\n<p>Sinon ? <\/p>\n","protected":false},"excerpt":{"rendered":"<blockquote>\n<p>Billet invit\u00e9.<\/p>\n<\/blockquote>\n<p>La cl\u00e9 de vo\u00fbte de la crise europ\u00e9enne que repr\u00e9sente l\u2019Italie est en train de c\u00e9der l\u00e0 o\u00f9 on ne l\u2019attendait pas : sur le terrain politique. \u00c0 l\u2019image de la droite fran\u00e7aise, mais d\u2019une toute autre mani\u00e8re, la droite italienne continue de se diviser. Silvio Berlusconi s\u2019appr\u00eate \u00e0 tenter une op\u00e9ration \u00e9lectorale [&hellip;]<\/p>\n","protected":false},"author":37,"featured_media":0,"comment_status":"closed","ping_status":"open","sticky":false,"template":"","format":"standard","meta":{"footnotes":""},"categories":[1,204,307],"tags":[2205,2206],"class_list":["post-44627","post","type-post","status-publish","format-standard","hentry","category-economie","category-europe","category-finance","tag-berlusconi","tag-monti"],"_links":{"self":[{"href":"https:\/\/www.pauljorion.com\/blog\/wp-json\/wp\/v2\/posts\/44627","targetHints":{"allow":["GET"]}}],"collection":[{"href":"https:\/\/www.pauljorion.com\/blog\/wp-json\/wp\/v2\/posts"}],"about":[{"href":"https:\/\/www.pauljorion.com\/blog\/wp-json\/wp\/v2\/types\/post"}],"author":[{"embeddable":true,"href":"https:\/\/www.pauljorion.com\/blog\/wp-json\/wp\/v2\/users\/37"}],"replies":[{"embeddable":true,"href":"https:\/\/www.pauljorion.com\/blog\/wp-json\/wp\/v2\/comments?post=44627"}],"version-history":[{"count":9,"href":"https:\/\/www.pauljorion.com\/blog\/wp-json\/wp\/v2\/posts\/44627\/revisions"}],"predecessor-version":[{"id":45439,"href":"https:\/\/www.pauljorion.com\/blog\/wp-json\/wp\/v2\/posts\/44627\/revisions\/45439"}],"wp:attachment":[{"href":"https:\/\/www.pauljorion.com\/blog\/wp-json\/wp\/v2\/media?parent=44627"}],"wp:term":[{"taxonomy":"category","embeddable":true,"href":"https:\/\/www.pauljorion.com\/blog\/wp-json\/wp\/v2\/categories?post=44627"},{"taxonomy":"post_tag","embeddable":true,"href":"https:\/\/www.pauljorion.com\/blog\/wp-json\/wp\/v2\/tags?post=44627"}],"curies":[{"name":"wp","href":"https:\/\/api.w.org\/{rel}","templated":true}]}}