{"id":48500,"date":"2013-01-04T17:00:33","date_gmt":"2013-01-04T16:00:33","guid":{"rendered":"http:\/\/www.pauljorion.com\/blog\/?p=48500"},"modified":"2013-01-04T21:36:13","modified_gmt":"2013-01-04T20:36:13","slug":"le-temps-quil-fait-le-4-janvier-2013","status":"publish","type":"post","link":"https:\/\/www.pauljorion.com\/blog\/2013\/01\/04\/le-temps-quil-fait-le-4-janvier-2013\/","title":{"rendered":"<b>LE TEMPS QU&rsquo;IL FAIT, LE 4 JANVIER 2013<\/b>"},"content":{"rendered":"<p>Oups ! J&rsquo;ai voulu faire court et&#8230; je ne n&rsquo;y suis pas parvenu. J&rsquo;ai voulu parler du vote \u00ab\u00a0de compromis\u00a0\u00bb aux \u00c9tat-Unis, j&rsquo;ai voulu expliquer pourquoi il n&rsquo;y a plus de compromis possibles aujourd&rsquo;hui parce que nous sommes face \u00e0 des choix de soci\u00e9t\u00e9, j&rsquo;ai voulu expliquer que tout le monde se dit \u00ab\u00a0de gauche\u00a0\u00bb aujourd&rsquo;hui, mais qu&rsquo;il ne suffit pas de l&rsquo;affirmer, il faut encore en apporter les preuves&#8230;<\/p>\n<p>Et j&rsquo;ai dit deux mots de la nouvelle formule du blog.<\/p>\n<p><iframe loading=\"lazy\" frameborder=\"0\" width=\"600\" height=\"340\" src=\"http:\/\/www.dailymotion.com\/embed\/video\/xwgj0n\"><\/iframe> <\/p>\n<p>Le m\u00eame <a href=\"http:\/\/www.youtube.com\/embed\/6aEpNfXGa-o\">sur YouTube<\/a>.<\/p>\n","protected":false},"excerpt":{"rendered":"<p>Oups ! J&rsquo;ai voulu faire court et&#8230; je ne n&rsquo;y suis pas parvenu. J&rsquo;ai voulu parler du vote \u00ab\u00a0de compromis\u00a0\u00bb aux \u00c9tat-Unis, j&rsquo;ai voulu expliquer pourquoi il n&rsquo;y a plus de compromis possibles aujourd&rsquo;hui parce que nous sommes face \u00e0 des choix de soci\u00e9t\u00e9, j&rsquo;ai voulu expliquer que tout le monde se dit \u00ab\u00a0de gauche\u00a0\u00bb [&hellip;]<\/p>\n","protected":false},"author":1,"featured_media":0,"comment_status":"closed","ping_status":"open","sticky":false,"template":"","format":"standard","meta":{"footnotes":""},"categories":[1,1009,17,6],"tags":[852,4475,2244,2245,1938],"class_list":["post-48500","post","type-post","status-publish","format-standard","hentry","category-economie","category-fiscalite-2","category-politique","category-questions-essentielles","tag-etat-providence","tag-etats-unis","tag-gauche","tag-indexation","tag-privatisation"],"_links":{"self":[{"href":"https:\/\/www.pauljorion.com\/blog\/wp-json\/wp\/v2\/posts\/48500","targetHints":{"allow":["GET"]}}],"collection":[{"href":"https:\/\/www.pauljorion.com\/blog\/wp-json\/wp\/v2\/posts"}],"about":[{"href":"https:\/\/www.pauljorion.com\/blog\/wp-json\/wp\/v2\/types\/post"}],"author":[{"embeddable":true,"href":"https:\/\/www.pauljorion.com\/blog\/wp-json\/wp\/v2\/users\/1"}],"replies":[{"embeddable":true,"href":"https:\/\/www.pauljorion.com\/blog\/wp-json\/wp\/v2\/comments?post=48500"}],"version-history":[{"count":12,"href":"https:\/\/www.pauljorion.com\/blog\/wp-json\/wp\/v2\/posts\/48500\/revisions"}],"predecessor-version":[{"id":48516,"href":"https:\/\/www.pauljorion.com\/blog\/wp-json\/wp\/v2\/posts\/48500\/revisions\/48516"}],"wp:attachment":[{"href":"https:\/\/www.pauljorion.com\/blog\/wp-json\/wp\/v2\/media?parent=48500"}],"wp:term":[{"taxonomy":"category","embeddable":true,"href":"https:\/\/www.pauljorion.com\/blog\/wp-json\/wp\/v2\/categories?post=48500"},{"taxonomy":"post_tag","embeddable":true,"href":"https:\/\/www.pauljorion.com\/blog\/wp-json\/wp\/v2\/tags?post=48500"}],"curies":[{"name":"wp","href":"https:\/\/api.w.org\/{rel}","templated":true}]}}