{"id":48792,"date":"2013-01-09T21:56:44","date_gmt":"2013-01-09T20:56:44","guid":{"rendered":"http:\/\/www.pauljorion.com\/blog\/?p=48792"},"modified":"2013-01-09T21:57:04","modified_gmt":"2013-01-09T20:57:04","slug":"lactualite-de-demain-donnant-donnant-en-irlande-par-francois-leclerc","status":"publish","type":"post","link":"https:\/\/www.pauljorion.com\/blog\/2013\/01\/09\/lactualite-de-demain-donnant-donnant-en-irlande-par-francois-leclerc\/","title":{"rendered":"<i>L&rsquo;actualit\u00e9 de demain<\/i> : <b>DONNANT-DONNANT EN IRLANDE<\/b>, par Fran\u00e7ois Leclerc"},"content":{"rendered":"<blockquote><p>Billet invit\u00e9.<\/p><\/blockquote>\n<p>Si vous voulez pouvoir pr\u00e9senter un <i>plan de sauvetage<\/i> r\u00e9ussi, nous pouvons faire quelque chose pour vous, explique en substance aux dirigeants europ\u00e9ens le premier ministre irlandais, Enda Kenny, qui profite du fait qu\u2019il g\u00e8re la pr\u00e9sidence de l\u2019Union europ\u00e9enne pour six mois. Il suffit que les aides que vous nous avez accord\u00e9es pour renflouer nos banques leur soient r\u00e9troactivement attribu\u00e9es, afin de les d\u00e9duire de notre dette publique, et que la BCE consente un allongement de la dur\u00e9e de ses pr\u00eats \u00e0 huit ans et une baisse de leur taux.<\/p>\n<p>C\u2019est tout simple, mais cela coince depuis des mois. Le renflouement des banques a co\u00fbt\u00e9 64 milliards d\u2019euros \u00e0 l\u2019Etat, qui a d\u00fb demander \u00e0 b\u00e9n\u00e9ficier d\u2019un plan de sauvetage en raison de la r\u00e9action du march\u00e9 \u00e0 l\u2019ampleur de son d\u00e9ficit, ce qui n\u2019a pas grand chose \u00e0 voir avec l\u2019id\u00e9e que l\u2019\u00c9tat est trop dispendieux et qu\u2019il faut se serrer la ceinture, une habitude que les Irlandais ont acquise au cours de leur histoire. Et cela renvoie \u00e0 une question int\u00e9ressante : quelle est la d\u00e9monstration que les dirigeants europ\u00e9ens veulent faire, qu\u2019ils sont inflexibles ou que leur strat\u00e9gie r\u00e9ussit ?<\/p>\n<p>A moins qu\u2019ils ne craignent de fabriquer une jurisprudence, sur laquelle les Portugais et les Espagnols pourraient s\u2019appuyer pour demander \u00e0 b\u00e9n\u00e9ficier du m\u00eame dispositif&#8230;<\/p>\n","protected":false},"excerpt":{"rendered":"<blockquote>\n<p>Billet invit\u00e9.<\/p>\n<\/blockquote>\n<p>Si vous voulez pouvoir pr\u00e9senter un <i>plan de sauvetage<\/i> r\u00e9ussi, nous pouvons faire quelque chose pour vous, explique en substance aux dirigeants europ\u00e9ens le premier ministre irlandais, Enda Kenny, qui profite du fait qu\u2019il g\u00e8re la pr\u00e9sidence de l\u2019Union europ\u00e9enne pour six mois. Il suffit que les aides que vous nous avez accord\u00e9es [&hellip;]<\/p>\n","protected":false},"author":37,"featured_media":0,"comment_status":"closed","ping_status":"open","sticky":false,"template":"","format":"standard","meta":{"footnotes":""},"categories":[1,204,307],"tags":[451],"class_list":["post-48792","post","type-post","status-publish","format-standard","hentry","category-economie","category-europe","category-finance","tag-irlande"],"_links":{"self":[{"href":"https:\/\/www.pauljorion.com\/blog\/wp-json\/wp\/v2\/posts\/48792","targetHints":{"allow":["GET"]}}],"collection":[{"href":"https:\/\/www.pauljorion.com\/blog\/wp-json\/wp\/v2\/posts"}],"about":[{"href":"https:\/\/www.pauljorion.com\/blog\/wp-json\/wp\/v2\/types\/post"}],"author":[{"embeddable":true,"href":"https:\/\/www.pauljorion.com\/blog\/wp-json\/wp\/v2\/users\/37"}],"replies":[{"embeddable":true,"href":"https:\/\/www.pauljorion.com\/blog\/wp-json\/wp\/v2\/comments?post=48792"}],"version-history":[{"count":5,"href":"https:\/\/www.pauljorion.com\/blog\/wp-json\/wp\/v2\/posts\/48792\/revisions"}],"predecessor-version":[{"id":48801,"href":"https:\/\/www.pauljorion.com\/blog\/wp-json\/wp\/v2\/posts\/48792\/revisions\/48801"}],"wp:attachment":[{"href":"https:\/\/www.pauljorion.com\/blog\/wp-json\/wp\/v2\/media?parent=48792"}],"wp:term":[{"taxonomy":"category","embeddable":true,"href":"https:\/\/www.pauljorion.com\/blog\/wp-json\/wp\/v2\/categories?post=48792"},{"taxonomy":"post_tag","embeddable":true,"href":"https:\/\/www.pauljorion.com\/blog\/wp-json\/wp\/v2\/tags?post=48792"}],"curies":[{"name":"wp","href":"https:\/\/api.w.org\/{rel}","templated":true}]}}