{"id":48939,"date":"2013-01-12T23:03:42","date_gmt":"2013-01-12T22:03:42","guid":{"rendered":"http:\/\/www.pauljorion.com\/blog\/?p=48939"},"modified":"2013-01-13T04:21:46","modified_gmt":"2013-01-13T03:21:46","slug":"les-operations-militaires-compliquees","status":"publish","type":"post","link":"https:\/\/www.pauljorion.com\/blog\/2013\/01\/12\/les-operations-militaires-compliquees\/","title":{"rendered":"<b>LES OP\u00c9RATIONS MILITAIRES \u00ab COMPLIQU\u00c9ES \u00bb<\/b>"},"content":{"rendered":"<p>Nous sommes, il faut bien le dire, une sale engeance. D\u00e8s qu\u2019il s\u2019agit de d\u00e9finir la \u00ab\u00a0nature humaine\u00a0\u00bb, il faudrait \u00eatre vraiment de mauvaise foi pour pr\u00e9tendre que \u00ab\u00a0faire la guerre\u00a0\u00bb, n\u2019est pas l\u2019un de nos \u00ab\u00a0attributs essentiels\u00a0\u00bb, mais seulement \u00ab\u00a0accidentel\u00a0\u00bb.<\/p>\n<p>Il est beaucoup question ces jours-ci du monde abominable que nous l\u00e9guons \u00e0 nos enfants et petits-enfants. J\u2019envisage quant \u00e0 moi la question avec une certaine \u00e9quanimit\u00e9\u00a0: pour ce qui est d\u2019appartenir \u00e0 une g\u00e9n\u00e9ration \u00e0 qui la pr\u00e9c\u00e9dente n\u2019a pas fait de cadeaux, je crois que la mienne est un peu l\u00e0.<\/p>\n<p>J\u2019accueille du coup avec sympathie et soulagement tout signe d\u2019allergie que nous pourrions manifester d\u00e9sormais vis-\u00e0-vis de notre tol\u00e9rance ancestrale pour ce trait de notre patrimoine sp\u00e9cifique qu\u2019est la pr\u00e9disposition \u00e0 faire la guerre.<\/p>\n<p>Il y eut jusqu\u2019\u00e0 tr\u00e8s r\u00e9cemment des \u00e9poques o\u00f9 le fait que les guerres font des morts en grand nombre allait de soi. Et puis, les 300.000 morts de Verdun et le million (dont 250.000 civils) de Stalingrad, parvinrent tout de m\u00eame \u2013 malgr\u00e9 notre indiff\u00e9rence atavique \u00e0 ce genre de choses \u2013 \u00e0 soulever le c\u0153ur.<\/p>\n<p>Depuis, le fait que les guerres font des morts commence, Dieu merci, \u00e0 nous chagriner.<\/p>\n<p>Les historiens militaires me corrigeront si n\u00e9cessaire, mais j\u2019ai le sentiment que le d\u00e9compte consciencieux des soldats morts durant la guerre men\u00e9e par les \u00c9tats-Unis au Vietnam contribua, jour apr\u00e8s jour, \u00e0 la d\u00e9moralisation progressive de cette nation, et \u00e0 sa d\u00e9faite \u2013 m\u00eame si un soin particulier \u00e9tait toujours apport\u00e9 \u00e0 annoncer que si \u00ab\u00a0<em>n<\/em> des n\u00f4tres \u00e9taient tomb\u00e9s au champ d\u2019honneur\u00a0\u00bb, \u00ab\u00a0<em>n+1<\/em> (au moins) de la vermine terroriste du camp d\u2019en face\u00a0\u00bb avaient elles \u00e9t\u00e9 \u00e9limin\u00e9es. Vu le pass\u00e9 accablant de l\u2019esp\u00e8ce en la mati\u00e8re, je trouve cette d\u00e9moralisation admirable en soi.<\/p>\n<p>Je dis ceci sans ironie aucune\u00a0: \u00e0 Santa Monica en Californie, o\u00f9 j\u2019ai v\u00e9cu de 2004 \u00e0 2009, des citoyens de la ville avaient plant\u00e9 sur la plage \u00e0 l\u2019ombre du \u00ab\u00a0pier\u00a0\u00bb, l\u2019estacade, des rang\u00e9es de croix repr\u00e9sentant chacune un soldat tomb\u00e9 en Irak. \u00c7\u2019aurait \u00e9t\u00e9 plus beau encore si les morts irakiens \u2013 civils en particulier \u2013 avaient \u00e9t\u00e9 comptabilis\u00e9s de la m\u00eame mani\u00e8re, mais la plage de Santa Monica toute enti\u00e8re n\u2019y aurait peut-\u00eatre pas suffi.<\/p>\n<p>Ceci pour dire que quand je lis aujourd\u2019hui dans les journaux que la mort d\u2019un officier fran\u00e7ais au Mali (qu\u2019il repose en paix, et que sa famille sache que je con\u00e7ois dans toute son horreur l\u2019\u00e9tendue de leur malheur) signifie que \u00ab\u00a0l\u2019op\u00e9ration s\u2019annonce compliqu\u00e9e\u00a0\u00bb, je me dis que \u2013 malgr\u00e9 toute l\u2019\u00e9vidence que nous avons du contraire \u2013 il ne faut peut-\u00eatre pas d\u00e9sesp\u00e9rer de notre esp\u00e8ce\u00a0: son \u00e9c\u0153urement devant ses propres exc\u00e8s fait son chemin, m\u00eame si c\u2019est h\u00e9las encore \u00e0 pas de souris.<\/p>\n<p>&nbsp;<\/p>\n","protected":false},"excerpt":{"rendered":"<p>Nous sommes, il faut bien le dire, une sale engeance. D\u00e8s qu\u2019il s\u2019agit de d\u00e9finir la \u00ab\u00a0nature humaine\u00a0\u00bb, il faudrait \u00eatre vraiment de mauvaise foi pour pr\u00e9tendre que \u00ab\u00a0faire la guerre\u00a0\u00bb, n\u2019est pas l\u2019un de nos \u00ab\u00a0attributs essentiels\u00a0\u00bb, mais seulement \u00ab\u00a0accidentel\u00a0\u00bb.<\/p>\n<p>Il est beaucoup question ces jours-ci du monde abominable que nous l\u00e9guons \u00e0 nos [&hellip;]<\/p>\n","protected":false},"author":1,"featured_media":0,"comment_status":"closed","ping_status":"open","sticky":false,"template":"","format":"standard","meta":{"footnotes":""},"categories":[6],"tags":[695],"class_list":["post-48939","post","type-post","status-publish","format-standard","hentry","category-questions-essentielles","tag-guerre"],"_links":{"self":[{"href":"https:\/\/www.pauljorion.com\/blog\/wp-json\/wp\/v2\/posts\/48939","targetHints":{"allow":["GET"]}}],"collection":[{"href":"https:\/\/www.pauljorion.com\/blog\/wp-json\/wp\/v2\/posts"}],"about":[{"href":"https:\/\/www.pauljorion.com\/blog\/wp-json\/wp\/v2\/types\/post"}],"author":[{"embeddable":true,"href":"https:\/\/www.pauljorion.com\/blog\/wp-json\/wp\/v2\/users\/1"}],"replies":[{"embeddable":true,"href":"https:\/\/www.pauljorion.com\/blog\/wp-json\/wp\/v2\/comments?post=48939"}],"version-history":[{"count":12,"href":"https:\/\/www.pauljorion.com\/blog\/wp-json\/wp\/v2\/posts\/48939\/revisions"}],"predecessor-version":[{"id":48951,"href":"https:\/\/www.pauljorion.com\/blog\/wp-json\/wp\/v2\/posts\/48939\/revisions\/48951"}],"wp:attachment":[{"href":"https:\/\/www.pauljorion.com\/blog\/wp-json\/wp\/v2\/media?parent=48939"}],"wp:term":[{"taxonomy":"category","embeddable":true,"href":"https:\/\/www.pauljorion.com\/blog\/wp-json\/wp\/v2\/categories?post=48939"},{"taxonomy":"post_tag","embeddable":true,"href":"https:\/\/www.pauljorion.com\/blog\/wp-json\/wp\/v2\/tags?post=48939"}],"curies":[{"name":"wp","href":"https:\/\/api.w.org\/{rel}","templated":true}]}}