{"id":49335,"date":"2013-01-25T17:51:05","date_gmt":"2013-01-25T16:51:05","guid":{"rendered":"http:\/\/www.pauljorion.com\/blog\/?p=49335"},"modified":"2013-01-25T17:51:05","modified_gmt":"2013-01-25T16:51:05","slug":"leurope-veut-elle-se-saborder-par-pierre-sarton-du-jonchay","status":"publish","type":"post","link":"https:\/\/www.pauljorion.com\/blog\/2013\/01\/25\/leurope-veut-elle-se-saborder-par-pierre-sarton-du-jonchay\/","title":{"rendered":"<b>L&rsquo;Europe veut-elle se saborder ?<\/b>, par Pierre Sarton du Jonchay"},"content":{"rendered":"<blockquote><p>Billet invit\u00e9.<\/p><\/blockquote>\n<p>Dans <a href=\"http:\/\/www.pauljorion.com\/blog\/?p=49306\">La fuite en avant de la d\u00e9valuation comp\u00e9titive<\/a>, Fran\u00e7ois Leclerc nous d\u00e9crit le suicide europ\u00e9en par la m\u00e9canique de l&rsquo;euro. L&rsquo;euro contrairement \u00e0 son nom n&rsquo;est pas une monnaie europ\u00e9enne mais le cheval de Troie du non-syst\u00e8me mon\u00e9taire et financier en dollar dans le syst\u00e8me des d\u00e9mocraties europ\u00e9ennes.<\/p>\n<p>Comme la BCE n&rsquo;a pas d&rsquo;objectif de change dans sa politique mon\u00e9taire en vertu de la doctrine lib\u00e9rale de la neutralit\u00e9 politique de la monnaie, la non-comp\u00e9titivit\u00e9 globale de l&rsquo;\u00e9conomie europ\u00e9enne dans le march\u00e9 unique mondial n&rsquo;est officiellement pas un probl\u00e8me. La zone euro contrairement \u00e0 toutes les autres zones mon\u00e9taires n&rsquo;est pas un syst\u00e8me d&rsquo;adossement r\u00e9ciproque de la politique \u00e0 l&rsquo;\u00e9conomie.<\/p>\n<p>Comme il n&rsquo;y a pas d&rsquo;\u00e9tat europ\u00e9en, que les institutions europ\u00e9ennes ne sont pas un gouvernement des int\u00e9r\u00eats proprement europ\u00e9ens, il n&rsquo;y a en zone euro qu&rsquo;un march\u00e9 unique sans \u00c9tat et sans lois \u00e9conomiques ! Le prix de l&rsquo;euro dans les autres monnaies n&rsquo;est ni un sujet politique ni un sujet \u00e9conomique. En euro, le change n&rsquo;existe pas et les cons\u00e9quences \u00e9conomiques, politiques et sociales de la parit\u00e9 sur les march\u00e9s financiers est une non-question.<\/p>\n<p><!--more-->Comment peut-on vivre dans un tel d\u00e9lire id\u00e9ologique \u00e0 propos duquel, faute de mieux, les Britanniques se roulent par terre de rire ? Parce que les \u00e9lites politiques et \u00e9conomiques allemandes et fran\u00e7aises vivent encore au XIX\u00e8me si\u00e8cle dans l&rsquo;affrontement du Reich et de la R\u00e9publique unitaire. Et parce que l&rsquo;aristocratie du m\u00e9rite s&rsquo;est mu\u00e9e en ploutocratie. L&rsquo;euro est une fiction intellectuelle pour \u00e9luder le d\u00e9bat d\u00e9mocratique sur la r\u00e9alisation \u00e9conomique des droits du travail dans la zone de monnaie unique.<\/p>\n<p>Que font les non-euro, c&rsquo;est \u00e0 dire toute l&rsquo;\u00e9conomie mondiale, dont et y compris les entreprises de nationalit\u00e9 europ\u00e9enne op\u00e9rant dans la zone euro ? Toute entreprise, m\u00eame un \u00e9tat de droit institu\u00e9, se doit d&rsquo;\u00eatre rentable. C&rsquo;est \u00e0 dire d&rsquo;avoir dans la r\u00e9alit\u00e9 financi\u00e8re, par ses activit\u00e9s quelles qu&rsquo;elles soient, un compte de d\u00e9p\u00f4t avec un solde positif dans une banque. La rentabilit\u00e9 est en droit r\u00e9el mesur\u00e9 par un cr\u00e9dit positif de liquidit\u00e9 mon\u00e9taire sur un compte d&rsquo;une banque moralement cr\u00e9dible.<\/p>\n<p>Qu&rsquo;ont fait les non-europ\u00e9ens qui gouvernent l&rsquo;Europe avec la BCE ? Ils ont impos\u00e9 par une institution non politique, la Commission Europ\u00e9enne, une autorit\u00e9 l\u00e9gislative au-dessus de la souverainet\u00e9 des \u00c9tats. La politique mon\u00e9taire a \u00e9t\u00e9 sortie du champ de la politique et confi\u00e9e \u00e0 une institution non politique qui est la BCE. La d\u00e9politisation de la monnaie a \u00e9t\u00e9 verrouill\u00e9e par le cours forc\u00e9 l\u00e9gal de l&rsquo;euro dans tous les pays de la zone de monnaie unique.<\/p>\n<p>Que font actuellement les non-europ\u00e9ens europ\u00e9istes qui gouvernent l&rsquo;Europe ? Ils vident en toute l\u00e9galit\u00e9 l&rsquo;Europe de sa substance \u00e9conomique, donc de sa substance politique et humaine. Les laboratoires, les usines, les universit\u00e9s, les services publics, les entreprises culturelles, les partis politiques ferment ou se vendent \u00e0 des non-r\u00e9sidents qui dirigent tout de l&rsquo;ext\u00e9rieur. L&rsquo;espace europ\u00e9en de droit est une fiction financi\u00e8re.<\/p>\n<p>L&rsquo;euro est un artifice financier pour masquer le pillage de l&rsquo;Europe par des int\u00e9r\u00eats priv\u00e9s europ\u00e9ens domicili\u00e9s hors des fronti\u00e8res juridiques de l&rsquo;espace l\u00e9gal de l&rsquo;euro. Cette r\u00e9alit\u00e9 politique et \u00e9conomique d\u00e9sormais parfaitement palpable tient \u00e0 une seule r\u00e9alit\u00e9 arm\u00e9e dans le champ de l&rsquo;id\u00e9ologie : la libert\u00e9 de circulation du capital.<\/p>\n<p>Les \u00e9lites germano-anglo-italo-hispano-fran\u00e7aises ont le c\u0153ur vide de toute id\u00e9ologie sauf d&rsquo;un principe fondamental : libert\u00e9 d&rsquo;utiliser son argent hors de toute consid\u00e9ration morale selon le seul crit\u00e8re mon\u00e9tis\u00e9 de la rentabilit\u00e9. Bien s\u00fbr une rentabilit\u00e9 financi\u00e8re qui ne doit en aucun cas se raccrocher \u00e0 une quelconque r\u00e9alit\u00e9 mesurable d&rsquo;\u00e9conomie politique et sociale.<\/p>\n<p>Nier la r\u00e9alit\u00e9 politique de l&rsquo;\u00e9conomie est bien s\u00fbr la meilleure fa\u00e7on de ne pas comprendre <a href=\"http:\/\/pierresartondujonchay.over-blog.com\/article-constitution-de-l-economie-politique-preambule-84350568.html\">la th\u00e9orie keyn\u00e9sienne de la compensation internationale en droit des monnaies<\/a>.<\/p>\n<p> Avec une chambre de compensation financi\u00e8re de l&rsquo;euro-bancor, <a href=\"http:\/\/www.pauljorion.com\/blog\/?p=49206\">les dividendes calcul\u00e9s en euro<\/a> mais vers\u00e9s en dollar, livre et franc suisse se transforment en \u00ab\u00a0stock-options\u00a0\u00bb contractuellement adoss\u00e9s \u00e0 des primes de change calcul\u00e9es r\u00e9ellement sur l&rsquo;\u00e9conomie du droit. L&rsquo;euro-bancor adosse la politique des prix \u00e0 la v\u00e9rification \u00e9conomique du droit dans son espace de juridiction.<\/p>\n<p>En compensant les dividendes \u00e9conomiques par les dividendes politiques n\u00e9gociables publiquement dans un vrai march\u00e9 des changes en euro, toute option de capital public de n&rsquo;importe quelle entreprise d&rsquo;\u00e9conomie politique devient la prime de cr\u00e9dit personnel des dirigeants politiques et \u00e9conomiques de toute soci\u00e9t\u00e9 cot\u00e9e ; prime qui actuellement n&rsquo;existe pas et n&rsquo;est pas cot\u00e9e afin que les fond\u00e9s de pouvoir des soi-disant personnes morales ne soient pas sanctionn\u00e9s de leurs prises de risque perdante contre les soci\u00e9t\u00e9s r\u00e9elles.<br \/>\nCes primes de cr\u00e9dit actuellement n\u00e9gatives des \u00e9lites dirigeantes sont \u00ab\u00a0rachet\u00e9es\u00a0\u00bb contre rien par les banques centrales qui font la liquidit\u00e9 indistincte des emprunteurs \u00ab\u00a0too big to fail\u00a0\u00bb. La BCE pr\u00eate sans demander de comptes \u00ab\u00a0fid\u00e8les et sinc\u00e8res\u00a0\u00bb. Comptes qui sont construits aux normes IFRS pour n&rsquo;exprimer aucune v\u00e9rit\u00e9. La zone dollar et la zone euro sont des lessiveuses \u00e0 dividendes fictifs. \u00ab\u00a0Gr\u00e2ce\u00a0\u00bb \u00e0 la \u00ab\u00a0libert\u00e9 de circulation des capitaux\u00a0\u00bb, notre syst\u00e8me mon\u00e9taire et financier est totalement mafieux.<br \/>\nNos institutions politiques sont des vitrines de l\u00e9galit\u00e9 d&rsquo;un \u00ab\u00a0droit\u00a0\u00bb purement priv\u00e9 qui n&rsquo;a rien \u00e0 voir avec le bien commun, la r\u00e9publique et la d\u00e9mocratie. Nos amis Allemands, Italiens, Espagnols, Portugais, Irlandais et Grecs comprennent-ils cela ?<\/p>\n","protected":false},"excerpt":{"rendered":"<blockquote>\n<p>Billet invit\u00e9.<\/p>\n<\/blockquote>\n<p>Dans <a href=\"http:\/\/www.pauljorion.com\/blog\/?p=49306\">La fuite en avant de la d\u00e9valuation comp\u00e9titive<\/a>, Fran\u00e7ois Leclerc nous d\u00e9crit le suicide europ\u00e9en par la m\u00e9canique de l&rsquo;euro. L&rsquo;euro contrairement \u00e0 son nom n&rsquo;est pas une monnaie europ\u00e9enne mais le cheval de Troie du non-syst\u00e8me mon\u00e9taire et financier en dollar dans le syst\u00e8me des d\u00e9mocraties europ\u00e9ennes.<\/p>\n<p>Comme la BCE [&hellip;]<\/p>\n","protected":false},"author":1,"featured_media":0,"comment_status":"closed","ping_status":"open","sticky":false,"template":"","format":"standard","meta":{"footnotes":""},"categories":[1,204,21],"tags":[482,2305,1076,243],"class_list":["post-49335","post","type-post","status-publish","format-standard","hentry","category-economie","category-europe","category-monnaie","tag-bancor","tag-compensation-keynesienne","tag-marche-des-capitaux","tag-zone-euro"],"_links":{"self":[{"href":"https:\/\/www.pauljorion.com\/blog\/wp-json\/wp\/v2\/posts\/49335","targetHints":{"allow":["GET"]}}],"collection":[{"href":"https:\/\/www.pauljorion.com\/blog\/wp-json\/wp\/v2\/posts"}],"about":[{"href":"https:\/\/www.pauljorion.com\/blog\/wp-json\/wp\/v2\/types\/post"}],"author":[{"embeddable":true,"href":"https:\/\/www.pauljorion.com\/blog\/wp-json\/wp\/v2\/users\/1"}],"replies":[{"embeddable":true,"href":"https:\/\/www.pauljorion.com\/blog\/wp-json\/wp\/v2\/comments?post=49335"}],"version-history":[{"count":3,"href":"https:\/\/www.pauljorion.com\/blog\/wp-json\/wp\/v2\/posts\/49335\/revisions"}],"predecessor-version":[{"id":49338,"href":"https:\/\/www.pauljorion.com\/blog\/wp-json\/wp\/v2\/posts\/49335\/revisions\/49338"}],"wp:attachment":[{"href":"https:\/\/www.pauljorion.com\/blog\/wp-json\/wp\/v2\/media?parent=49335"}],"wp:term":[{"taxonomy":"category","embeddable":true,"href":"https:\/\/www.pauljorion.com\/blog\/wp-json\/wp\/v2\/categories?post=49335"},{"taxonomy":"post_tag","embeddable":true,"href":"https:\/\/www.pauljorion.com\/blog\/wp-json\/wp\/v2\/tags?post=49335"}],"curies":[{"name":"wp","href":"https:\/\/api.w.org\/{rel}","templated":true}]}}