{"id":49564,"date":"2013-01-31T00:23:40","date_gmt":"2013-01-30T23:23:40","guid":{"rendered":"http:\/\/www.pauljorion.com\/blog\/?p=49564"},"modified":"2013-01-31T11:03:23","modified_gmt":"2013-01-31T10:03:23","slug":"le-temps-quil-fait-le-22-fevrier-a-18h30-au-theatre-du-rond-point-a-paris","status":"publish","type":"post","link":"https:\/\/www.pauljorion.com\/blog\/2013\/01\/31\/le-temps-quil-fait-le-22-fevrier-a-18h30-au-theatre-du-rond-point-a-paris\/","title":{"rendered":"<b>\u00ab Le temps qu&rsquo;il fait \u00bb, le 22 f\u00e9vrier \u00e0 18h30 au Th\u00e9\u00e2tre du Rond-Point \u00e0 Paris<\/b>"},"content":{"rendered":"<p>On peut maintenant acheter sa place <a href=\"http:\/\/www.theatredurondpoint.fr\/saison\/fiche_evenement.cfm\/135564-le-temps-qu-il-fait-le-22-fevrier-2013.html?CFID=14358989&amp;CFTOKEN=50493023\">via le lien<\/a> ou en appelant le 01 44 95 98 21 &#8211; le tarif unique est de 9\u20ac.<\/p>\n<p><u>P.S.<\/u> : Vous \u00eates nombreux \u00e0 me signaler que le syst\u00e8me de r\u00e9servation en ligne ne semble pas fonctionner (dixit le th\u00e9\u00e2tre : \u00ab\u00a0C&rsquo;est une histoire de quotas entre Fnac, Internet, etc. qui doivent \u00eatre rebalanc\u00e9s\u00a0\u00bb. T\u00e9l\u00e9phonez plut\u00f4t. Merci d&rsquo;avance !<\/p>\n","protected":false},"excerpt":{"rendered":"<p>On peut maintenant acheter sa place <a href=\"http:\/\/www.theatredurondpoint.fr\/saison\/fiche_evenement.cfm\/135564-le-temps-qu-il-fait-le-22-fevrier-2013.html?CFID=14358989&amp;CFTOKEN=50493023\">via le lien<\/a> ou en appelant le 01 44 95 98 21 &#8211; le tarif unique est de 9\u20ac.<\/p>\n<p><u>P.S.<\/u> : Vous \u00eates nombreux \u00e0 me signaler que le syst\u00e8me de r\u00e9servation en ligne ne semble pas fonctionner (dixit le th\u00e9\u00e2tre : \u00ab\u00a0C&rsquo;est une histoire de quotas entre [&hellip;]<\/p>\n","protected":false},"author":1,"featured_media":0,"comment_status":"closed","ping_status":"open","sticky":false,"template":"","format":"standard","meta":{"footnotes":""},"categories":[24],"tags":[1480],"class_list":["post-49564","post","type-post","status-publish","format-standard","hentry","category-blog","tag-le-temps-quil-fait"],"_links":{"self":[{"href":"https:\/\/www.pauljorion.com\/blog\/wp-json\/wp\/v2\/posts\/49564","targetHints":{"allow":["GET"]}}],"collection":[{"href":"https:\/\/www.pauljorion.com\/blog\/wp-json\/wp\/v2\/posts"}],"about":[{"href":"https:\/\/www.pauljorion.com\/blog\/wp-json\/wp\/v2\/types\/post"}],"author":[{"embeddable":true,"href":"https:\/\/www.pauljorion.com\/blog\/wp-json\/wp\/v2\/users\/1"}],"replies":[{"embeddable":true,"href":"https:\/\/www.pauljorion.com\/blog\/wp-json\/wp\/v2\/comments?post=49564"}],"version-history":[{"count":6,"href":"https:\/\/www.pauljorion.com\/blog\/wp-json\/wp\/v2\/posts\/49564\/revisions"}],"predecessor-version":[{"id":49571,"href":"https:\/\/www.pauljorion.com\/blog\/wp-json\/wp\/v2\/posts\/49564\/revisions\/49571"}],"wp:attachment":[{"href":"https:\/\/www.pauljorion.com\/blog\/wp-json\/wp\/v2\/media?parent=49564"}],"wp:term":[{"taxonomy":"category","embeddable":true,"href":"https:\/\/www.pauljorion.com\/blog\/wp-json\/wp\/v2\/categories?post=49564"},{"taxonomy":"post_tag","embeddable":true,"href":"https:\/\/www.pauljorion.com\/blog\/wp-json\/wp\/v2\/tags?post=49564"}],"curies":[{"name":"wp","href":"https:\/\/api.w.org\/{rel}","templated":true}]}}