{"id":4959,"date":"2009-11-15T21:05:18","date_gmt":"2009-11-15T20:05:18","guid":{"rendered":"http:\/\/www.pauljorion.com\/blog\/?p=4959"},"modified":"2009-11-16T00:10:52","modified_gmt":"2009-11-15T23:10:52","slug":"lactualite-de-la-crise-linvraisemblable-desinvolture-par-francois-leclerc","status":"publish","type":"post","link":"https:\/\/www.pauljorion.com\/blog\/2009\/11\/15\/lactualite-de-la-crise-linvraisemblable-desinvolture-par-francois-leclerc\/","title":{"rendered":"L&rsquo;actualit\u00e9 de la crise: L&rsquo;invraisemblable d\u00e9sinvolture, par Fran\u00e7ois Leclerc"},"content":{"rendered":"<blockquote><p>Billet invit\u00e9.<\/p><\/blockquote>\n<p><strong>L&rsquo;INVRAISEMBLABLE DESINVOLTURE<\/strong><\/p>\n<p>Le capitalisme, d\u00e9j\u00e0 mis en cause pour sa logique financi\u00e8re dont le bilan des cons\u00e9quences reste \u00e0 faire, ainsi que pour sa contribution \u00e0 l\u2019utilisation irraisonn\u00e9e des ressources de la plan\u00e8te, pour ne pas parler de celle au r\u00e9chauffement de son atmosph\u00e8re aux effets impr\u00e9visibles, est-il ou non en premier lieu responsable de l\u2019impressionnante addition de ces m\u00e9faits, dont la liste s\u2019allonge ? Si la r\u00e9ponse devait \u00eatre affirmative &#8211; poser la question n&rsquo;est pas y r\u00e9pondre pour les autres &#8211; il serait alors vraiment urgent de changer de mod\u00e8le de soci\u00e9t\u00e9, sans attendre qu\u2019il ne s\u2019effondre de lui-m\u00eame, sur nous, ou bien qu\u2019il se r\u00e9forme et s&rsquo;amende, ce dont il ne donne pas de signal extr\u00eamement convaincant. <\/p>\n<p>S\u2019il \u00e9tait d\u00e9cid\u00e9 de lui donner une derni\u00e8re chance, dans un acc\u00e8s d\u2019insouciance ou bien d\u2019inconscience, pourrait-il lui \u00eatre propos\u00e9 de r\u00e9gler un autre petit probl\u00e8me, dont on va parler \u00e0 l\u2019occasion de la Conf\u00e9rence de la FAO qui d\u00e9bute demain \u00e0 Rome\u00a0? Jacques Diouf, secr\u00e9taire g\u00e9n\u00e9ral de la FAO, vient d&rsquo;effectuer une gr\u00e8ve de la faim symbolique de 24 heures, rejoint a-t-il \u00e9t\u00e9 annonc\u00e9 par Ban-Ki Moon, le secr\u00e9taire g\u00e9n\u00e9ral de l&rsquo;ONU. Il a estim\u00e9 que la production agricole devait augmenter de 70% d\u2019ici 2050 et demand\u00e9 aux Chefs d\u2019Etats des engagements et du concret (ceux du G8 devraient briller par leur absence).  \u00ab\u00a0Les pauvres ne peuvent pas se nourrir de promesses\u00a0\u00bb, a r\u00e9pondu Francisco Sarmento, de l&rsquo;ONG ActionAid. Car, pour la premi\u00e8re fois, nous avons d\u00e9pass\u00e9 le cap du milliard d\u2019\u00eatres humains officiellement frapp\u00e9s de malnutrition. Les discours sur le recul de la pauvret\u00e9 et de famine ne sont plus de circonstance et ne sont d&rsquo;ailleurs m\u00eame plus prononc\u00e9s. Nous sommes \u00e9galement plac\u00e9s devant la perspective d\u2019alimenter en 2050 (dans une g\u00e9n\u00e9ration et demie) les 9 milliards d\u2019habitants que la terre devrait alors compter. Au regard de ce que nous constatons d\u00e9j\u00e0, de la pitoyable com\u00e9die de la r\u00e9gulation financi\u00e8re qui nous est jou\u00e9e, ainsi que de l\u2019\u00e9chec annonc\u00e9 du sommet de Copenhague sur le r\u00e9chauffement climatique, que l\u2019on tente de camoufler au dernier moment, est-ce qu\u2019un tel pari de notre part serait tr\u00e8s responsable\u00a0? Et pourtant&#8230;<\/p>\n<p><!--more-->L\u2019orientation donn\u00e9e depuis des d\u00e9cennies \u00e0 la production agricole mondiale est un fiasco.  Organis\u00e9e sous les auspices des organisations internationales, au premier rang desquelles la Banque Mondiale, elle a b\u00e9n\u00e9fici\u00e9 l\u2019agro-business moderne, pas \u00e0 ceux qui devaient en profiter. Un agro-business de plus en plus tourn\u00e9 ces temps-ci, pour faire encore plus mauvaise mesure, vers la satisfaction des besoins \u00e9nerg\u00e9tiques et non pas ceux de l\u2019alimentation. Que n\u2019a-t-il pas \u00e9t\u00e9 \u00e9crit et d\u00e9nonc\u00e9, \u00e0 juste titre mais en vain, ne rendant pas n\u00e9cessaire de pourfendre une fois de plus le mod\u00e8le du capitalisme agricole, dont l\u2019activit\u00e9 en mati\u00e8re de biotechnologies v\u00e9g\u00e9tales de Monsanto, ainsi que l\u2019achat des terres agricoles de par le monde (pour se constituer les r\u00e9serves alimentaires de demain), sont les symboles de l\u2019\u00e9clatante impasse &#8211; et non pas r\u00e9ussite &#8211; dans laquelle nous continuons r\u00e9solument de progresser. Cela aussi a d\u00e9j\u00e0 \u00e9t\u00e9 dit et redit. <\/p>\n<p>Devant des promesses gouvernementales de soutien financier qui souvent ne se concr\u00e9tisent m\u00eame pas, les projecteurs des conf\u00e9rences \u00e9teints et les micros ferm\u00e9s, et dont l\u2019utilisation proc\u00e8de plus de l\u2019assistance dans l\u2019urgence que du soutien \u00e0 long terme, la FAO et les ONG recherchent en d\u00e9sespoir de cause aupr\u00e8s des investisseurs priv\u00e9s des interlocuteurs, leur faisant valoir que ce milliard d\u2019affam\u00e9s pourrait demain devenir autant de consommateurs, utilisant ce qu&rsquo;ils esp\u00e8rent \u00eatre un mot magique. Craignant en m\u00eame temps que s\u2019intensifie sous leur influence le d\u00e9veloppement d\u2019une agriculture intensive, utilisant les technologies les plus avanc\u00e9es, ne fournissant que peu de travail et ne nourrissant pas directement ceux qui la produiraient. Une agriculture orient\u00e9e vers l\u2019exportation, vers la satisfaction d\u2019autres besoins que ceux des populations vivant sur les terres la permettant, alors que l&rsquo;on parle de la n\u00e9cessit\u00e9 de d\u00e9velopper les march\u00e9s int\u00e9rieurs des pays \u00e9mergents ! A la consid\u00e9rer simplement sous ce jour, c&rsquo;est la pire des exploitations. <\/p>\n<p>Le soja, le riz, le mais, le bl\u00e9, sont devenus des mati\u00e8res premi\u00e8res au m\u00eame titre que le fer, l\u2019\u00e9tain, le cuivre ou le p\u00e9trole. C\u2019est \u00e0 dire les vecteurs et les leviers de la sp\u00e9culation financi\u00e8re. La crise financi\u00e8re, elle, atteint indirectement les populations les plus d\u00e9munies, qui voient les transferts des \u00e9migr\u00e9s et de leurs diasporas diminuer sous les effets du sous-emploi, accentuant localement la famine. La production de mais et de canne \u00e0 sucre est de plus consacr\u00e9e aux bio-carburants. L\u2019impact environnemental et social de l\u2019agro-business, l\u00e0 o\u00f9 il a le plus prosp\u00e9r\u00e9, est \u00e9norme et souvent irr\u00e9versible. Faut-il en rajouter \u00a0? Il n\u2019y a que dans le domaine de la sant\u00e9 publique que l\u2019on peut trouver un tel g\u00e2chis, une telle invraisemblable d\u00e9sinvolture \u00e0 l&rsquo;\u00e9gard des \u00eatres humains, les deux se rejoignant pour contribuer \u00e0 ce qu\u2019enfle, non pas une nouvelle bulle financi\u00e8re cette fois-ci, mais des soci\u00e9t\u00e9s de d\u00e9sh\u00e9rit\u00e9s qui ne connaissent de la vie que les p\u00e9nuries et qui n\u2019ont d\u2019autre perspective que d&rsquo;\u00eatre de plus en plus nombreux. <\/p>\n<p>L\u2019affirmation d\u2019une alternative, d\u2019une agriculture que l\u2019on qualifie de familiale, se heurte en r\u00e9alit\u00e9 aux structures sociales et de propri\u00e9t\u00e9 des pays o\u00f9 il faudrait qu\u2019elle trouve son essor. Qui n\u2019a pas entendu parler, par exemple, du <i>Mouvement des sans terres<\/i> au Br\u00e9sil ainsi que des grands latifundiaires, <i>parti des colonels<\/i> hier et chasse gard\u00e9e des champions de la d\u00e9forestation \u00e0 grande \u00e9chelle aujourd\u2019hui\u00a0? Faute que cette agriculture \u00e0 taille humaine soit possible, ce sont les m\u00e9gapoles qui se multiplient, cr\u00e9ant l&rsquo;univers urbain dominant terrifiant de demain, dont aujourd&rsquo;hui n&rsquo;existent encore que les pr\u00e9mices, d\u00e9j\u00e0 peu fr\u00e9quentables. Encore un autre sujet. <\/p>\n<p>Mais \u00e0 chaque fois, c\u2019est bien du m\u00eame capitalisme, arriv\u00e9 \u00e0 maturit\u00e9, que l\u2019on parle.<\/p>\n","protected":false},"excerpt":{"rendered":"<blockquote>\n<p>Billet invit\u00e9.<\/p>\n<\/blockquote>\n<p><strong>L&rsquo;INVRAISEMBLABLE DESINVOLTURE<\/strong><\/p>\n<p>Le capitalisme, d\u00e9j\u00e0 mis en cause pour sa logique financi\u00e8re dont le bilan des cons\u00e9quences reste \u00e0 faire, ainsi que pour sa contribution \u00e0 l\u2019utilisation irraisonn\u00e9e des ressources de la plan\u00e8te, pour ne pas parler de celle au r\u00e9chauffement de son atmosph\u00e8re aux effets impr\u00e9visibles, est-il ou non en premier lieu [&hellip;]<\/p>\n","protected":false},"author":37,"featured_media":0,"comment_status":"closed","ping_status":"open","sticky":false,"template":"","format":"standard","meta":{"footnotes":""},"categories":[1,23,18,6],"tags":[26,4472,118,4473,42],"class_list":["post-4959","post","type-post","status-publish","format-standard","hentry","category-economie","category-matieres-premieres","category-monde-financier","category-questions-essentielles","tag-capitalisme","tag-ecologie","tag-malnutrition","tag-matieres-premieres","tag-speculation"],"_links":{"self":[{"href":"https:\/\/www.pauljorion.com\/blog\/wp-json\/wp\/v2\/posts\/4959","targetHints":{"allow":["GET"]}}],"collection":[{"href":"https:\/\/www.pauljorion.com\/blog\/wp-json\/wp\/v2\/posts"}],"about":[{"href":"https:\/\/www.pauljorion.com\/blog\/wp-json\/wp\/v2\/types\/post"}],"author":[{"embeddable":true,"href":"https:\/\/www.pauljorion.com\/blog\/wp-json\/wp\/v2\/users\/37"}],"replies":[{"embeddable":true,"href":"https:\/\/www.pauljorion.com\/blog\/wp-json\/wp\/v2\/comments?post=4959"}],"version-history":[{"count":23,"href":"https:\/\/www.pauljorion.com\/blog\/wp-json\/wp\/v2\/posts\/4959\/revisions"}],"predecessor-version":[{"id":4982,"href":"https:\/\/www.pauljorion.com\/blog\/wp-json\/wp\/v2\/posts\/4959\/revisions\/4982"}],"wp:attachment":[{"href":"https:\/\/www.pauljorion.com\/blog\/wp-json\/wp\/v2\/media?parent=4959"}],"wp:term":[{"taxonomy":"category","embeddable":true,"href":"https:\/\/www.pauljorion.com\/blog\/wp-json\/wp\/v2\/categories?post=4959"},{"taxonomy":"post_tag","embeddable":true,"href":"https:\/\/www.pauljorion.com\/blog\/wp-json\/wp\/v2\/tags?post=4959"}],"curies":[{"name":"wp","href":"https:\/\/api.w.org\/{rel}","templated":true}]}}