{"id":50445,"date":"2013-02-25T19:32:58","date_gmt":"2013-02-25T18:32:58","guid":{"rendered":"http:\/\/www.pauljorion.com\/blog\/?p=50445"},"modified":"2013-02-25T19:33:41","modified_gmt":"2013-02-25T18:33:41","slug":"vub-chaire-stewardship-of-finance-les-27-et-28-fevrier-2013","status":"publish","type":"post","link":"https:\/\/www.pauljorion.com\/blog\/2013\/02\/25\/vub-chaire-stewardship-of-finance-les-27-et-28-fevrier-2013\/","title":{"rendered":"<b>VUB : CHAIRE \u00ab\u00a0STEWARDSHIP OF FINANCE\u00a0\u00bb<\/b>, les 27 et 28 f\u00e9vrier 2013"},"content":{"rendered":"<p><b>Mercredi, 27 f\u00e9vrier 2013 &#8211; de 19h30 \u00e0 21h30<\/b><br \/>\nVUB, Etterbeek<br \/>\nB\u00e2timent D<br \/>\nPromotion Hall<\/p>\n<p><a href=\"http:\/\/www.vub.ac.be\/events\/2013\/risk-and%C2%A0insurance-1\">Monica M\u00e4chler &amp; Hugues Pirotte<\/a><\/p>\n<p>Monica M\u00e4chler a \u00e9t\u00e9 de janvier 2009 \u00e0 septembre 2012, Vice-Pr\u00e9sidente du Comit\u00e9 Directeur de l&rsquo;autorit\u00e9 de supervision des march\u00e9s financiers suisses, la FINMA, apr\u00e8s avoir \u00e9t\u00e9 en 2007 et 2008, P-DG de l&rsquo;Office f\u00e9d\u00e9ral suisse de l&rsquo;assurance priv\u00e9e. Elle fut aussi membre du Comit\u00e9 ex\u00e9cutif et Pr\u00e9sidente du Comit\u00e9 technique de l&rsquo;Association internationale des r\u00e9gulateurs du secteur de l&rsquo;assurance.<\/p>\n<p>Hugues Pirotte est professeur \u00e0 la Solvay Brussels School of Economics and Management, Universit\u00e9 Libre de Bruxelles. Il est co-fondateur du Finance Club of Brussels et de Finmetrics. Il est \u00e9galement membre du BEL20 Committee.<\/p>\n<p><b>Jeudi, 28 f\u00e9vrier 2013 &#8211; de 16:30 \u00e0 18:00<\/b><br \/>\nVUB, Etterbeek<br \/>\nAula QB<\/p>\n<p>\u00c0 la suite de mon cours, que je donnerai de 15:00 \u00e0 16:30, aura lieu une <a href=\"http:\/\/www.vub.ac.be\/events\/2013\/risk-and%C2%A0insurance\">Table-ronde<\/a> \u00e0 laquelle participeront Antonio Cano (AGI), Jos Brumagne (Belfius Ins), Henk Janssen (B\u00e2loise Insurance), Monica M\u00e4chler (FINMA) &amp; Hugues Pirotte (ULB), ainsi que moi-m\u00eame, mod\u00e9r\u00e9e par Steven Rombaut (journaliste \u00e0 la VRT).<\/p>\n","protected":false},"excerpt":{"rendered":"<p><b>Mercredi, 27 f\u00e9vrier 2013 &#8211; de 19h30 \u00e0 21h30<\/b><br \/> VUB, Etterbeek<br \/> B\u00e2timent D<br \/> Promotion Hall<\/p>\n<p><a href=\"http:\/\/www.vub.ac.be\/events\/2013\/risk-and%C2%A0insurance-1\">Monica M\u00e4chler &amp; Hugues Pirotte<\/a><\/p>\n<p>Monica M\u00e4chler a \u00e9t\u00e9 de janvier 2009 \u00e0 septembre 2012, Vice-Pr\u00e9sidente du Comit\u00e9 Directeur de l&rsquo;autorit\u00e9 de supervision des march\u00e9s financiers suisses, la FINMA, apr\u00e8s avoir \u00e9t\u00e9 en 2007 et 2008, [&hellip;]<\/p>\n","protected":false},"author":1,"featured_media":0,"comment_status":"closed","ping_status":"open","sticky":false,"template":"","format":"standard","meta":{"footnotes":""},"categories":[1,307],"tags":[57,819,696],"class_list":["post-50445","post","type-post","status-publish","format-standard","hentry","category-economie","category-finance","tag-assurance","tag-assurance-vie","tag-risque"],"_links":{"self":[{"href":"https:\/\/www.pauljorion.com\/blog\/wp-json\/wp\/v2\/posts\/50445","targetHints":{"allow":["GET"]}}],"collection":[{"href":"https:\/\/www.pauljorion.com\/blog\/wp-json\/wp\/v2\/posts"}],"about":[{"href":"https:\/\/www.pauljorion.com\/blog\/wp-json\/wp\/v2\/types\/post"}],"author":[{"embeddable":true,"href":"https:\/\/www.pauljorion.com\/blog\/wp-json\/wp\/v2\/users\/1"}],"replies":[{"embeddable":true,"href":"https:\/\/www.pauljorion.com\/blog\/wp-json\/wp\/v2\/comments?post=50445"}],"version-history":[{"count":4,"href":"https:\/\/www.pauljorion.com\/blog\/wp-json\/wp\/v2\/posts\/50445\/revisions"}],"predecessor-version":[{"id":50449,"href":"https:\/\/www.pauljorion.com\/blog\/wp-json\/wp\/v2\/posts\/50445\/revisions\/50449"}],"wp:attachment":[{"href":"https:\/\/www.pauljorion.com\/blog\/wp-json\/wp\/v2\/media?parent=50445"}],"wp:term":[{"taxonomy":"category","embeddable":true,"href":"https:\/\/www.pauljorion.com\/blog\/wp-json\/wp\/v2\/categories?post=50445"},{"taxonomy":"post_tag","embeddable":true,"href":"https:\/\/www.pauljorion.com\/blog\/wp-json\/wp\/v2\/tags?post=50445"}],"curies":[{"name":"wp","href":"https:\/\/api.w.org\/{rel}","templated":true}]}}