{"id":51772,"date":"2013-03-26T23:49:34","date_gmt":"2013-03-26T22:49:34","guid":{"rendered":"http:\/\/www.pauljorion.com\/blog\/?p=51772"},"modified":"2013-03-26T23:49:34","modified_gmt":"2013-03-26T22:49:34","slug":"lacrimis-reipublicae-par-daniel-pol","status":"publish","type":"post","link":"https:\/\/www.pauljorion.com\/blog\/2013\/03\/26\/lacrimis-reipublicae-par-daniel-pol\/","title":{"rendered":"<b>LACRIMIS REIPUBLICAE<\/b>, par Daniel Pol"},"content":{"rendered":"<blockquote><p>Billet invit\u00e9.<\/p><\/blockquote>\n<p>\u00ab\u00a0On ne peut pas exclure une r\u00e9volte sociale\u00a0\u00bb, confiait r\u00e9cemment Jean-Claude Juncker, ajoutant m\u00eame que le spectre d&rsquo;une guerre en Europe redevenait plausible. Or, quand on conna\u00eet le Premier ministre luxembourgeois, ex-pr\u00e9sident de l&rsquo;Eurogroupe, on sait que ces mots ont un sens et qu&rsquo;ils sont le fruit d&rsquo;une r\u00e9flexion en profondeur.<\/p>\n<p>D&rsquo;ailleurs, les derniers \u00e9v\u00e8nements fran\u00e7ais apportent, s&rsquo;il en \u00e9tait besoin, de l&rsquo;eau au moulin de celui qui collectionne depuis des ann\u00e9es les distinctions europ\u00e9ennes de toutes natures, tout en donnant un \u00e9clairage particulier \u00e0 la guerre intestine qui gangr\u00e8ne l&rsquo;UMP depuis de nombreux mois, pour ne pas dire depuis des ann\u00e9es. Une guerre qui oppose les fid\u00e8les aux valeurs de la R\u00e9publique et les partisans d&rsquo;un \u00c9tat autoritaire et x\u00e9nophobe (voire homophobe).<\/p>\n<p><!--more-->Que ce soit la mise en examen de l&rsquo;ancien pr\u00e9sident de la R\u00e9publique, Nicolas Sarkozy, la d\u00e9mission de J\u00e9r\u00f4me Cahuzac, ou le mariage pour tous, tous les pr\u00e9textes sont bons pour \u00e9lever le ton, franchir la ligne rouge d&rsquo;un dialogue citoyen digne, et se laisser aller aux outrances de langage dans un affrontement verbal insultant et de plus en plus ordurier.<\/p>\n<p>Et le dernier \u00e9pisode en date des participants \u00e0 la manifestation de dimanche contre le mariage pour tous, tentant de franchir le cordon de CRS pour envahir les Champs-Elys\u00e9es, alors que le Pr\u00e9fet de Police en avait interdit l&rsquo;acc\u00e8s, et mettant leurs enfants en premi\u00e8re ligne pour cr\u00e9er \u00ab\u00a0l&rsquo;incident\u00a0\u00bb, d\u00e9montre la volont\u00e9 d&rsquo;en d\u00e9coudre d&rsquo;une droite devenue extr\u00eame avec un pouvoir qui ne cesse de perdre sa cr\u00e9dibilit\u00e9.<\/p>\n<p>Dans ce contexte, cr\u00e9\u00e9 par le marasme \u00e9conomique, la faillite d&rsquo;un syst\u00e8me social qui n&rsquo;a pas su assurer sa p\u00e9rennit\u00e9, et le retour d&rsquo;une classe indigente de plus en plus nombreuse, tous les ingr\u00e9dients sont effectivement r\u00e9unis pour une explosion sociale qu&rsquo;une banale \u00e9tincelle est d\u00e9sormais capable de provoquer.<\/p>\n<p>Sous la houlette d&rsquo;une partie de ses dirigeants, et bien qu&rsquo;elle continue de s&rsquo;en d\u00e9fendre mais de plus en plus mollement, une partie de l&rsquo;UMP est pr\u00eate \u00e0 gouverner avec le FN. Pour restaurer un \u00c9tat fort, diront-ils. Mais fort contre les faibles, et au service des grands argentiers dont les app\u00e9tits h\u00e9g\u00e9moniques sont sans limite&#8230;<\/p>\n<p>Ainsi, au-del\u00e0 des gaz lacrymog\u00e8nes, les larmes des enfants de ces manifestants fanatiques de dimanche risquent fort d&rsquo;\u00eatre celles d&rsquo;une R\u00e9publique qui se voit mourir!<\/p>\n","protected":false},"excerpt":{"rendered":"<blockquote>\n<p>Billet invit\u00e9.<\/p>\n<\/blockquote>\n<p>\u00ab\u00a0On ne peut pas exclure une r\u00e9volte sociale\u00a0\u00bb, confiait r\u00e9cemment Jean-Claude Juncker, ajoutant m\u00eame que le spectre d&rsquo;une guerre en Europe redevenait plausible. Or, quand on conna\u00eet le Premier ministre luxembourgeois, ex-pr\u00e9sident de l&rsquo;Eurogroupe, on sait que ces mots ont un sens et qu&rsquo;ils sont le fruit d&rsquo;une r\u00e9flexion en profondeur.<\/p>\n<p>D&rsquo;ailleurs, les [&hellip;]<\/p>\n","protected":false},"author":1,"featured_media":0,"comment_status":"closed","ping_status":"open","sticky":false,"template":"","format":"standard","meta":{"footnotes":""},"categories":[204],"tags":[311],"class_list":["post-51772","post","type-post","status-publish","format-standard","hentry","category-europe","tag-france"],"_links":{"self":[{"href":"https:\/\/www.pauljorion.com\/blog\/wp-json\/wp\/v2\/posts\/51772","targetHints":{"allow":["GET"]}}],"collection":[{"href":"https:\/\/www.pauljorion.com\/blog\/wp-json\/wp\/v2\/posts"}],"about":[{"href":"https:\/\/www.pauljorion.com\/blog\/wp-json\/wp\/v2\/types\/post"}],"author":[{"embeddable":true,"href":"https:\/\/www.pauljorion.com\/blog\/wp-json\/wp\/v2\/users\/1"}],"replies":[{"embeddable":true,"href":"https:\/\/www.pauljorion.com\/blog\/wp-json\/wp\/v2\/comments?post=51772"}],"version-history":[{"count":4,"href":"https:\/\/www.pauljorion.com\/blog\/wp-json\/wp\/v2\/posts\/51772\/revisions"}],"predecessor-version":[{"id":51776,"href":"https:\/\/www.pauljorion.com\/blog\/wp-json\/wp\/v2\/posts\/51772\/revisions\/51776"}],"wp:attachment":[{"href":"https:\/\/www.pauljorion.com\/blog\/wp-json\/wp\/v2\/media?parent=51772"}],"wp:term":[{"taxonomy":"category","embeddable":true,"href":"https:\/\/www.pauljorion.com\/blog\/wp-json\/wp\/v2\/categories?post=51772"},{"taxonomy":"post_tag","embeddable":true,"href":"https:\/\/www.pauljorion.com\/blog\/wp-json\/wp\/v2\/tags?post=51772"}],"curies":[{"name":"wp","href":"https:\/\/api.w.org\/{rel}","templated":true}]}}