{"id":53321,"date":"2013-05-12T13:58:08","date_gmt":"2013-05-12T11:58:08","guid":{"rendered":"http:\/\/www.pauljorion.com\/blog\/?p=53321"},"modified":"2013-05-12T13:58:38","modified_gmt":"2013-05-12T11:58:38","slug":"le-temps-et-la-democratie-par-jean-paul-vignal","status":"publish","type":"post","link":"https:\/\/www.pauljorion.com\/blog\/2013\/05\/12\/le-temps-et-la-democratie-par-jean-paul-vignal\/","title":{"rendered":"<b>LE TEMPS ET LA D\u00c9MOCRATIE<\/b>, par Jean-Paul Vignal"},"content":{"rendered":"<blockquote><p>Billet invit\u00e9, en r\u00e9ponse au <a href=\"http:\/\/www.pauljorion.com\/blog\/?p=53314\">billet de Michel Leis<\/a>.<\/p><\/blockquote>\n<p>On \u00e9tait jadis ce que l&rsquo;on mangeait, ou ce que l&rsquo;on lisait. On est maintenant de plus en plus ce que l&rsquo;on peut acheter, et tant pis pour le reste. Sale temps. Professionnellement, le court-termiste que le petit monde de la finance impose de plus en plus au plus grand nombre m&rsquo;ennuie beaucoup, car quand on s&rsquo;occupe d&rsquo;investissements dits durables, on ne peut s&rsquo;inscrire que dans le temps long, et, pour faire court, ce temps long s&rsquo;accommode mal d&rsquo;un financement revolving par des bons de caisses.\u00a0<\/p>\n<p>J&rsquo;ai essay\u00e9 de comprendre pourquoi la ligne de l&rsquo;horizon temporel se rapprochait exponentiellement, et j&rsquo;ai constat\u00e9 que l&rsquo;approche la plus op\u00e9rationnelle \u00e9tait de consid\u00e9rer le rythme de raccourcissement des cycles plut\u00f4t que leur \u00e9ch\u00e9ance, ou dit autrement le flux du film plut\u00f4t que l&rsquo;instantan\u00e9 de l&rsquo;image. Ce qui frappe le plus est la coexistence cacophonique et non ma\u00eetris\u00e9e de rythmes extr\u00eamement divers, des rythmes g\u00e9ologiques qui nous privent de p\u00e9trole nouveau pour quelques bons milliers d&rsquo;ann\u00e9es, \u00e0 celui infernal des ordinateurs-traders, en passant par celui de la vie humaine, qui est &#8211; exception bienvenue dans ce cas &#8211; un des rares \u00e0 ne pas raccourcir.<\/p>\n<p><!--more-->La question dans le cas du fonctionnement durable devient donc de savoir comment concilier le fonctionnement d&rsquo;activit\u00e9s qui battent \u00e0 la milliseconde, comme c&rsquo;est le cas du trading financier haute fr\u00e9quence, avec le financement d&rsquo;un canal, d&rsquo;un pont ou d&rsquo;une route qui va peut-\u00eatre durer plusieurs si\u00e8cles, ou m\u00eame avec la construction d&rsquo;une usine qui va durer de 30 \u00e0 50 ans en pratique, mais dont on sait que la technologie sera obsol\u00e8te dans 5 \u00e0 10 ans tout au plus.\u00a0<\/p>\n<p>Dans le cas de la politique, la situation est pire : nos institutions vivent encore au rythme de la vitesse des pigeons voyageurs et des diligences, alors que la plupart des enfants savent que l&rsquo;information circule aujourd&rsquo;hui \u00e0 la vitesse d&rsquo;Internet, et qu&rsquo;il suffit d&rsquo;avoir une connexion \u00e0 ce r\u00e9seau pour \u00eatre instantan\u00e9ment \u00ab\u00a0t\u00e9l\u00e9pr\u00e9sent\u00a0\u00bb \u00e0 peu pr\u00e8s partout dans le monde.\u00a0<\/p>\n<p>On ne peut pas ralentir l&rsquo;accumulation exponentielle des connaissances, ce n&rsquo;est ni souhaitable &#8211; car savoir, c&rsquo;est aussi et surtout r\u00e9duire la part d&rsquo;incertitude dans nos d\u00e9cisions &#8211; ni r\u00e9aliste, pas plus que celle du raccourcissement du cycle de vie des technologies et des objets, et m\u00eame parfois des id\u00e9es qu&rsquo;elle permet, et qu&rsquo;elle implique quand elle est exploit\u00e9e par un monde financier qui vit dans l&rsquo;instant et mesure finalement ses gains non pas en termes de qualit\u00e9 de la vie des gens, mais dans la quantit\u00e9 de mati\u00e8re ou d&rsquo;\u00e9nergie extraite, transform\u00e9e, achet\u00e9e\/consomm\u00e9e et jet\u00e9e, avec pour seule valeur et r\u00e9f\u00e9rence l&rsquo;argent, et pour seule devise \u00ab\u00a0enrichissez-vous\u00a0\u00bb, sans aucune consid\u00e9ration \u00e9thique ou morale, que l&rsquo;on s&rsquo;acharne au contraire \u00e0 d\u00e9molir syst\u00e9matiquement, soit en les ringardisant, soit en changeant la Loi quand \u00e7a ne suffit pas.\u00a0<\/p>\n<p>La solution est probablement dans cette notion de valeur et de r\u00e9f\u00e9rence : on ne peut ma\u00eetriser cette acc\u00e9l\u00e9ration du temps qu&rsquo;en cessant de faire de l&rsquo;argent la mesure de toute chose, et en r\u00e9introduisant des valeurs communes qui permettent de \u00ab\u00a0trier\u00a0\u00bb et de donner du sens individuel et collectif, ce que la valeur <em>argent<\/em>, qui ne devrait \u00eatre qu&rsquo;une unit\u00e9 de mesure, ne saura \u00e9videmment jamais faire, pas plus que le m\u00e8tre ou le kilo, comme l&rsquo;ont constat\u00e9 plus ou moins vite \u00e0 leurs d\u00e9pens tous les groupes qui faisaient de la course au \u00ab\u00a0toujours plus\u00a0\u00bb leur unique r\u00e9f\u00e9rence. Dans le temps long, l&rsquo;important n&rsquo;est pas le \u00ab\u00a0combien\u00a0\u00bb, mais le \u00ab\u00a0pourquoi\u00a0\u00bb. Il me semble que c&rsquo;est ce que r\u00e9clament plus ou moins tous les mouvements contestataires dans le monde (Occupy Wall Street, les Indign\u00e9s, etc.) : l&rsquo;arr\u00eat si possible imm\u00e9diat du massacre des valeurs collectives qui permettent le vivre ensemble, et la remise de la finance \u00e0 sa place : un moyen, pas LA fin.<\/p>\n","protected":false},"excerpt":{"rendered":"<blockquote>\n<p>Billet invit\u00e9, en r\u00e9ponse au <a href=\"http:\/\/www.pauljorion.com\/blog\/?p=53314\">billet de Michel Leis<\/a>.<\/p>\n<\/blockquote>\n<p>On \u00e9tait jadis ce que l&rsquo;on mangeait, ou ce que l&rsquo;on lisait. On est maintenant de plus en plus ce que l&rsquo;on peut acheter, et tant pis pour le reste. Sale temps. Professionnellement, le court-termiste que le petit monde de la finance impose de plus [&hellip;]<\/p>\n","protected":false},"author":38,"featured_media":0,"comment_status":"closed","ping_status":"closed","sticky":false,"template":"","format":"standard","meta":{"footnotes":""},"categories":[2597,1,7],"tags":[475,93,2504],"class_list":["post-53321","post","type-post","status-publish","format-standard","hentry","category-democratie-2","category-economie","category-histoire","tag-court-termisme","tag-developpement-durable","tag-le-temps"],"_links":{"self":[{"href":"https:\/\/www.pauljorion.com\/blog\/wp-json\/wp\/v2\/posts\/53321","targetHints":{"allow":["GET"]}}],"collection":[{"href":"https:\/\/www.pauljorion.com\/blog\/wp-json\/wp\/v2\/posts"}],"about":[{"href":"https:\/\/www.pauljorion.com\/blog\/wp-json\/wp\/v2\/types\/post"}],"author":[{"embeddable":true,"href":"https:\/\/www.pauljorion.com\/blog\/wp-json\/wp\/v2\/users\/38"}],"replies":[{"embeddable":true,"href":"https:\/\/www.pauljorion.com\/blog\/wp-json\/wp\/v2\/comments?post=53321"}],"version-history":[{"count":3,"href":"https:\/\/www.pauljorion.com\/blog\/wp-json\/wp\/v2\/posts\/53321\/revisions"}],"predecessor-version":[{"id":53327,"href":"https:\/\/www.pauljorion.com\/blog\/wp-json\/wp\/v2\/posts\/53321\/revisions\/53327"}],"wp:attachment":[{"href":"https:\/\/www.pauljorion.com\/blog\/wp-json\/wp\/v2\/media?parent=53321"}],"wp:term":[{"taxonomy":"category","embeddable":true,"href":"https:\/\/www.pauljorion.com\/blog\/wp-json\/wp\/v2\/categories?post=53321"},{"taxonomy":"post_tag","embeddable":true,"href":"https:\/\/www.pauljorion.com\/blog\/wp-json\/wp\/v2\/tags?post=53321"}],"curies":[{"name":"wp","href":"https:\/\/api.w.org\/{rel}","templated":true}]}}