{"id":53764,"date":"2013-05-22T15:03:47","date_gmt":"2013-05-22T13:03:47","guid":{"rendered":"http:\/\/www.pauljorion.com\/blog\/?p=53764"},"modified":"2013-07-04T10:19:50","modified_gmt":"2013-07-04T08:19:50","slug":"lactualite-de-demain-un-grand-tournant-a-decouper-suivant-les-pointilles-par-francois-leclerc","status":"publish","type":"post","link":"https:\/\/www.pauljorion.com\/blog\/2013\/05\/22\/lactualite-de-demain-un-grand-tournant-a-decouper-suivant-les-pointilles-par-francois-leclerc\/","title":{"rendered":"<i>L&rsquo;actualit\u00e9 de demain<\/i> : <b>UN GRAND TOURNANT, \u00c0 D\u00c9COUPER SUIVANT LES POINTILL\u00c9S\u2026<\/b> par Fran\u00e7ois Leclerc"},"content":{"rendered":"<blockquote><p>Billet invit\u00e9. Paru dans \u00ab\u00a0La Tribune\u00a0\u00bb du 17 au 23 mai.<\/p><\/blockquote>\n<p>La crise n\u2019est pas seulement financi\u00e8re, elle est devenue globale dans ses manifestations comme dans sa perception. Les banques ne sont pas d\u00e9sign\u00e9es seules coupables, l\u2019\u00c9tat ne joue plus le r\u00f4le qui lui est allou\u00e9 face \u00e0 une \u00e9conomie de march\u00e9 porteuse de dysfonctionnements \u00e0 r\u00e9p\u00e9tition, avec toujours la m\u00eame origine : l\u2019argent, dont l\u2019accumulation prend le pas sur toute autre consid\u00e9ration. Le sentiment d\u2019ins\u00e9curit\u00e9 s\u2019est en cons\u00e9quence \u00e9largi \u00e0 de nouveaux domaines de la vie, rendant la soci\u00e9t\u00e9 anxiog\u00e8ne. Le constat est partag\u00e9, l\u2019avenir a cess\u00e9 d\u2019\u00eatre porteur de promesses, aux vertus du progr\u00e8s a succ\u00e9d\u00e9 la prise de conscience de d\u00e9s\u00e9quilibres mena\u00e7ants de toute nature qui s\u2019accentuent : destruction de l\u2019environnement, disproportion de la sph\u00e8re financi\u00e8re par rapport \u00e0 l\u2019\u00e9conomie, distribution in\u00e9gale de la richesse.<\/p>\n<p>Au besoin de changement n\u2019est apport\u00e9e aucune r\u00e9ponse satisfaisante. Dans la pratique, l\u2019impuissance des dirigeants domine et leurs discours sont ressentis comme vell\u00e9itaires. Partout, leurs indices de confiance chutent, tandis que des d\u00e9cisions majeures sont prises par des instances hors de port\u00e9e et sans mandat \u00e9lectif. La Banque centrale europ\u00e9enne, dont le r\u00f4le est d\u00e9terminant et l\u2019ind\u00e9pendance absolue \u00e9rig\u00e9e en principe, est le symbole de cette situation malsaine qui, faut-il le rappeler, r\u00e9sulte de la constatation que l\u2019on ne peut pas faire confiance aux gouvernements ! <\/p>\n<p><!--more-->La crise, nous dit-on, durera encore dix ans, mais la pens\u00e9e \u00e9conomique dominante reste crisp\u00e9e sur ses recettes dogmatiques qui la prolonge ind\u00e9finiment. Il y a malaise : les mesures lib\u00e9rales qui sont pr\u00e9conis\u00e9es s\u2019inscrivent dans la continuit\u00e9 de celles qui ont suscit\u00e9 une crise aux origines oubli\u00e9es, comme s\u2019il ne fallait pas s\u2019y arr\u00eater. Les mesures de r\u00e9gulation, toujours en chantier, n\u2019ont comme objectif que de mieux ma\u00eetriser le prochain \u00e9pisode, consid\u00e9r\u00e9 comme in\u00e9vitable, des r\u00e9gulateurs de plus en plus nombreux doutant que cela soit m\u00eame possible.<\/p>\n<p>La soci\u00e9t\u00e9 est entr\u00e9e dans une phase de recherche et d\u2019innovation. De nouvelles logiques \u00e9conomiques sont \u00e9labor\u00e9es (collaborative, circulaire, contributive\u2026) afin de prendre \u00e0 bras-le-corps les dysfonctionnements constat\u00e9s. Des pratiques sociales novatrices apparaissent, qui s\u2019en inspirent ou les pr\u00e9figurent : mutualisation de moyens, pr\u00eats, \u00e9changes, recyclages, circuits courts de distribution, ateliers de production 3D\u2026 Sur Internet et avec le mouvement des licences libres, la sph\u00e8re des rapports non marchands s\u2019est \u00e9largie, abolissant le principe sacr\u00e9 de la propri\u00e9t\u00e9. Chacun \u00e0 sa mani\u00e8re, les r\u00e9seaux sociaux et la vie associative traduisent le besoin de recr\u00e9er un lien social et une convivialit\u00e9 rar\u00e9fi\u00e9s. Un courant profond mais naissant parcourt la soci\u00e9t\u00e9, \u00e9bauchant les contours flous d\u2019un nouveau paradigme et t\u00e9moignant d\u2019aspirations partag\u00e9es qui ne se reconnaissent pas dans une soci\u00e9t\u00e9 dont le d\u00e9clin est entam\u00e9. C\u2019est toujours ainsi que les grands tournants s\u2019annoncent, par petites touches annonciatrices \u2013 ou pas \u2013 d\u2019un changement d\u2019ampleur.<\/p>\n<p>Parall\u00e8lement, des r\u00e9flexions sont approfondies, des m\u00e9canismes sont d\u00e9mont\u00e9s pour \u00eatre remont\u00e9s autrement, dans les domaines les plus vari\u00e9s : \u00e9nergie et environnement, sant\u00e9 et \u00e9ducation, fiscalit\u00e9, ou encore ch\u00f4mage, retraites et partage du travail en g\u00e9n\u00e9ral\u2026 \u00e0 chaque fois qu\u2019il est fait \u00e9tat de contraintes incontournables pour justifier un choix qui ne peut \u00eatre refus\u00e9. Des mesures \u00ab non conventionnelles \u00bb se pr\u00e9cisent, \u00e0 l\u2019image de celles que prennent les banques centrales quand toutes les autres ont \u00e9chou\u00e9. Elles s\u2019appuient sur les connaissances et les exp\u00e9riences acquises au sein de la soci\u00e9t\u00e9 civile, qui trouve ainsi une voie exemplaire pour s\u2019exprimer \u2013 ni en tant qu\u2019\u00e9lecteur, ni comme consommateur \u2013 refondant cette citoyennet\u00e9 dont il est fait grand cas mais en d\u00e9finitive peu d\u2019usage. Instituant les pr\u00e9mices d\u2019une sorte de version moderne et informelle des \u00c9tats G\u00e9n\u00e9raux. Il n\u2019est oppos\u00e9 \u00e0 cette perspective cr\u00e9atrice qu\u2019une pauvre th\u00e9orie, dont l\u2019image la plus proche est celle du culbuto, selon laquelle tout redeviendra comme avant. Mais le r\u00e9alisme a chang\u00e9 de camp, l\u2019utopie est pass\u00e9e dans celui du conservatisme.<\/p>\n<p>D\u00e9rangeante, une m\u00eame question traverse toutes les probl\u00e9matiques : celle de la raret\u00e9, et donc celle du partage. Le partage des ressources de la plan\u00e8te, dont nous mesurons mieux la finitude et qui est porteuse de conflits annonc\u00e9s, celui du travail, dans nos soci\u00e9t\u00e9s au ch\u00f4mage \u00ab structurel \u00bb \u00e9tabli et aux emplois perdus que l\u2019on ne retrouvera pas en raison des progr\u00e8s technologiques, et enfin celui d\u2019une richesse qui ne cesse d\u2019\u00eatre de plus en plus in\u00e9galement distribu\u00e9e. C\u2019est le moins que l\u2019on puisse dire : dans aucun de ces trois cas de figure le march\u00e9 ne se r\u00e9v\u00e8le \u00eatre \u00e0 l\u2019origine de la meilleure allocation possible des ressources, celle qui a pour but de favoriser le bien-\u00eatre, la seule raison d\u2019\u00eatre de l\u2019activit\u00e9 \u00e9conomique.<\/p>\n<p>Le proc\u00e8s de l\u2019\u00c9tat et de ses vices n\u2019\u00e9tant plus \u00e0 faire, par quels autres m\u00e9canismes pourrait-elle \u00eatre optimis\u00e9e ? L\u2019enjeu sous-jacent est de donner \u00e0 la d\u00e9mocratie \u2013 la souverainet\u00e9 du peuple \u2013 un moyen de s\u2019exercer en accord avec l\u2019\u00e9poque, ses exigences et sa complexit\u00e9. En d\u00e9professionnalisant la politique, qui est devenue une caricature, en l\u2019\u00e9largissant l\u00e0 o\u00f9 elle n\u2019a pas eu jusqu\u2019\u00e0 maintenant droit de cit\u00e9 : le fonctionnement de l\u2019\u00e9conomie. En la g\u00e9n\u00e9ralisant au niveau local comme \u00e0 l\u2019\u00e9chelle mondiale, plut\u00f4t qu\u2019en s&rsquo;en remettant \u00e0 l\u2019\u00c9tat ou au march\u00e9, ces d\u00e9miurges auxquels a \u00e9t\u00e9 donn\u00e9e leur chance, avec les r\u00e9sultats que l\u2019on sait. Une nouvelle g\u00e9n\u00e9ration d\u2019institutions d\u00e9mocratiques serait appel\u00e9e \u00e0 succ\u00e9der \u00e0 celles qui ont \u00e9t\u00e9 cr\u00e9\u00e9es aux lendemains des Premi\u00e8re et Seconde Guerres mondiales.<\/p>\n<p>Pour ne pas s\u2019arr\u00eater en si bon chemin, une r\u00e9forme d\u2019un syst\u00e8me mon\u00e9taire international \u2013 qui n\u2019est pas davantage immuable \u2013 pourrait l\u2019accompagner, ainsi qu\u2019une r\u00e9flexion approfondie sur les mod\u00e8les de d\u00e9veloppement, afin de g\u00e9n\u00e9raliser les r\u00e9flexions engag\u00e9es, puis interrompues, sur la mesure de la richesse et par voie de cons\u00e9quence sur la croissance. Le luxe qui consisterait \u00e0 en faire l\u2019\u00e9conomie est-il dans nos moyens ?!<\/p>\n","protected":false},"excerpt":{"rendered":"<blockquote>\n<p>Billet invit\u00e9. Paru dans \u00ab\u00a0La Tribune\u00a0\u00bb du 17 au 23 mai.<\/p>\n<\/blockquote>\n<p>La crise n\u2019est pas seulement financi\u00e8re, elle est devenue globale dans ses manifestations comme dans sa perception. Les banques ne sont pas d\u00e9sign\u00e9es seules coupables, l\u2019\u00c9tat ne joue plus le r\u00f4le qui lui est allou\u00e9 face \u00e0 une \u00e9conomie de march\u00e9 porteuse de dysfonctionnements [&hellip;]<\/p>\n","protected":false},"author":37,"featured_media":0,"comment_status":"closed","ping_status":"closed","sticky":false,"template":"","format":"standard","meta":{"footnotes":""},"categories":[1603,6],"tags":[],"class_list":["post-53764","post","type-post","status-publish","format-standard","hentry","category-grand-tournant","category-questions-essentielles"],"_links":{"self":[{"href":"https:\/\/www.pauljorion.com\/blog\/wp-json\/wp\/v2\/posts\/53764","targetHints":{"allow":["GET"]}}],"collection":[{"href":"https:\/\/www.pauljorion.com\/blog\/wp-json\/wp\/v2\/posts"}],"about":[{"href":"https:\/\/www.pauljorion.com\/blog\/wp-json\/wp\/v2\/types\/post"}],"author":[{"embeddable":true,"href":"https:\/\/www.pauljorion.com\/blog\/wp-json\/wp\/v2\/users\/37"}],"replies":[{"embeddable":true,"href":"https:\/\/www.pauljorion.com\/blog\/wp-json\/wp\/v2\/comments?post=53764"}],"version-history":[{"count":9,"href":"https:\/\/www.pauljorion.com\/blog\/wp-json\/wp\/v2\/posts\/53764\/revisions"}],"predecessor-version":[{"id":55935,"href":"https:\/\/www.pauljorion.com\/blog\/wp-json\/wp\/v2\/posts\/53764\/revisions\/55935"}],"wp:attachment":[{"href":"https:\/\/www.pauljorion.com\/blog\/wp-json\/wp\/v2\/media?parent=53764"}],"wp:term":[{"taxonomy":"category","embeddable":true,"href":"https:\/\/www.pauljorion.com\/blog\/wp-json\/wp\/v2\/categories?post=53764"},{"taxonomy":"post_tag","embeddable":true,"href":"https:\/\/www.pauljorion.com\/blog\/wp-json\/wp\/v2\/tags?post=53764"}],"curies":[{"name":"wp","href":"https:\/\/api.w.org\/{rel}","templated":true}]}}