{"id":56289,"date":"2013-07-12T10:04:52","date_gmt":"2013-07-12T08:04:52","guid":{"rendered":"http:\/\/www.pauljorion.com\/blog\/?p=56289"},"modified":"2013-07-12T10:06:27","modified_gmt":"2013-07-12T08:06:27","slug":"la-democratie-nexiste-pas-encore-ou-la-democratie-a-echoue-cest-lun-ou-cest-lautre-pas-les-deux-par-pierre-yves-d","status":"publish","type":"post","link":"https:\/\/www.pauljorion.com\/blog\/2013\/07\/12\/la-democratie-nexiste-pas-encore-ou-la-democratie-a-echoue-cest-lun-ou-cest-lautre-pas-les-deux-par-pierre-yves-d\/","title":{"rendered":"<b>\u00ab\u00a0LA D\u00c9MOCRATIE N&rsquo;EXISTE PAS ENCORE\u00a0\u00bb, OU \u00ab\u00a0LA D\u00c9MOCRATIE A \u00c9CHOU\u00c9\u00a0\u00bb, C&rsquo;EST L&rsquo;UN OU C&rsquo;EST L&rsquo;AUTRE, PAS LES DEUX<\/b>, par Pierre-Yves D."},"content":{"rendered":"<blockquote><p>Billet invit\u00e9. R\u00e9ponse \u00e0 <a href=\"http:\/\/www.pauljorion.com\/blog\/?p=56269\" target=\"_blank\">Couper le membre pourri avant que la gangr\u00e8ne n\u2019emporte tout<\/a>, par AncestraL.<\/p><\/blockquote>\n<p>Si ce qui passe aujourd&rsquo;hui est que notre \u00ab\u00a0d\u00e9mocratie\u00a0\u00bb n&rsquo;en est pas authentiquement une, pourquoi AncestraL dit-il alors que \u00ab\u00a0la d\u00e9mocratie a \u00e9chou\u00e9\u00a0\u00bb ? C&rsquo;est contradictoire. J&rsquo;entends bien qu&rsquo;il fait r\u00e9f\u00e9rence \u00e0 l&rsquo;\u00e9tat actuel de la d\u00e9mocratie puisqu&rsquo;il \u00e9voque par ailleurs et \u00e0 juste titre la dictature implicite qui la sous-tend, mais dans ce cas pourquoi entretenir la confusion en employant le m\u00eame vocable pour d\u00e9signer deux choses distinctes ? <\/p>\n<p>Ce qui a \u00e9chou\u00e9 ce n&rsquo;est pas la d\u00e9mocratie, ce sont les tentatives de faire advenir davantage de d\u00e9mocratie dans un syst\u00e8me tel que le n\u00f4tre qui, sous sa forme pr\u00e9sente, est incompatible avec les id\u00e9aux d\u00e9mocratiques. AncestraL fait une lecture simpliste des <a href=\"http:\/\/www.pauljorion.com\/blog\/?p=56164\" target=\"_blank\">textes de Francis Arness<\/a> sur la <em>n\u00e9od\u00e9mocratie<\/em>, car ceux-ci n&rsquo;impliquent nullement qu&rsquo;il ne faille pas remettre en cause radicalement la \u00ab\u00a0d\u00e9mocratie\u00a0\u00bb sous la forme qui nous en est offerte. La divergence majeure r\u00e9side dans la volont\u00e9 affich\u00e9e par AncestraL d&rsquo;abattre le syst\u00e8me en place ou, comme indiqu\u00e9 en filigrane : d\u00e9truire ses organes vitaux ; lesquels et comment, il ne le dit cependant pas. Il affirme seulement que sa destruction accomplie, il y aurait un grand vide, ce qui n&rsquo;est pas douteux. Et c&rsquo;est bien l\u00e0 que se situe le d\u00e9faut de son analyse, celle-ci s&rsquo;abstenant de penser ce que pourrait \u00eatre le nouveau cadre, avec ses composantes \u00e9pist\u00e9mologiques et institutionnelles. <\/p>\n<p>Si j&rsquo;ai bien lu les textes de Francis Arness, la <em>n\u00e9od\u00e9mocratie<\/em> n&rsquo;est pas seulement un stade plus avanc\u00e9 de la d\u00e9mocratie, c&rsquo;est aussi la voie qui nous m\u00e8nera l\u00e0. La d\u00e9mocratie pourra s&rsquo;incarner dans de nouvelles institutions, un nouveau cadre l\u00e9gal, mais elle consiste aussi dans une volont\u00e9, des actions visant \u00e0 la faire advenir. Ce qui suppose un certain nombre de r\u00e9quisits qui s&rsquo;ils \u00e9taient r\u00e9unis signifieraient que le syst\u00e8me a bel et bien mut\u00e9 et que sa forme ant\u00e9rieure a \u00e9t\u00e9 annihil\u00e9e. L\u00e0 o\u00f9 je rejoins AncestraL, c&rsquo;est sur le ton qu&rsquo;il nous faut adopter, qui ne peut \u00eatre celui d&rsquo;une volont\u00e9 de compromis avec les principes essentiels qui r\u00e9gissent la \u00ab\u00a0d\u00e9mocratie\u00a0\u00bb sous sa forme pr\u00e9sente. Il nous faut occasionnellement nous exprimer avec v\u00e9h\u00e9mence, encore faut-il que cette v\u00e9h\u00e9mence serve un but.<\/p>\n","protected":false},"excerpt":{"rendered":"<blockquote>\n<p>Billet invit\u00e9. R\u00e9ponse \u00e0 <a href=\"http:\/\/www.pauljorion.com\/blog\/?p=56269\" target=\"_blank\">Couper le membre pourri avant que la gangr\u00e8ne n\u2019emporte tout<\/a>, par AncestraL.<\/p>\n<\/blockquote>\n<p>Si ce qui passe aujourd&rsquo;hui est que notre \u00ab\u00a0d\u00e9mocratie\u00a0\u00bb n&rsquo;en est pas authentiquement une, pourquoi AncestraL dit-il alors que \u00ab\u00a0la d\u00e9mocratie a \u00e9chou\u00e9\u00a0\u00bb ? C&rsquo;est contradictoire. J&rsquo;entends bien qu&rsquo;il fait r\u00e9f\u00e9rence \u00e0 l&rsquo;\u00e9tat actuel de la d\u00e9mocratie [&hellip;]<\/p>\n","protected":false},"author":1,"featured_media":0,"comment_status":"closed","ping_status":"closed","sticky":false,"template":"","format":"standard","meta":{"footnotes":""},"categories":[2597],"tags":[],"class_list":["post-56289","post","type-post","status-publish","format-standard","hentry","category-democratie-2"],"_links":{"self":[{"href":"https:\/\/www.pauljorion.com\/blog\/wp-json\/wp\/v2\/posts\/56289","targetHints":{"allow":["GET"]}}],"collection":[{"href":"https:\/\/www.pauljorion.com\/blog\/wp-json\/wp\/v2\/posts"}],"about":[{"href":"https:\/\/www.pauljorion.com\/blog\/wp-json\/wp\/v2\/types\/post"}],"author":[{"embeddable":true,"href":"https:\/\/www.pauljorion.com\/blog\/wp-json\/wp\/v2\/users\/1"}],"replies":[{"embeddable":true,"href":"https:\/\/www.pauljorion.com\/blog\/wp-json\/wp\/v2\/comments?post=56289"}],"version-history":[{"count":2,"href":"https:\/\/www.pauljorion.com\/blog\/wp-json\/wp\/v2\/posts\/56289\/revisions"}],"predecessor-version":[{"id":56291,"href":"https:\/\/www.pauljorion.com\/blog\/wp-json\/wp\/v2\/posts\/56289\/revisions\/56291"}],"wp:attachment":[{"href":"https:\/\/www.pauljorion.com\/blog\/wp-json\/wp\/v2\/media?parent=56289"}],"wp:term":[{"taxonomy":"category","embeddable":true,"href":"https:\/\/www.pauljorion.com\/blog\/wp-json\/wp\/v2\/categories?post=56289"},{"taxonomy":"post_tag","embeddable":true,"href":"https:\/\/www.pauljorion.com\/blog\/wp-json\/wp\/v2\/tags?post=56289"}],"curies":[{"name":"wp","href":"https:\/\/api.w.org\/{rel}","templated":true}]}}