{"id":56714,"date":"2013-07-26T10:37:39","date_gmt":"2013-07-26T08:37:39","guid":{"rendered":"http:\/\/www.pauljorion.com\/blog\/?p=56714"},"modified":"2013-07-26T10:37:39","modified_gmt":"2013-07-26T08:37:39","slug":"la-maman-et-la-putain%e2%80%a8-par-jeanne-favret-saada","status":"publish","type":"post","link":"https:\/\/www.pauljorion.com\/blog\/2013\/07\/26\/la-maman-et-la-putain%e2%80%a8-par-jeanne-favret-saada\/","title":{"rendered":"<b>La maman et la putain\u2028<\/b>, par Jeanne Favret-Saada"},"content":{"rendered":"<blockquote><p>Billet invit\u00e9.<\/p><\/blockquote>\n<p>J&rsquo;ai revu il y a quelques semaines <a href=\"http:\/\/fr.wikipedia.org\/wiki\/La_maman_et_la_putain\" target=\"_blank\">La maman et la putain<\/a> (1973) de Jean Eustache. Quelle claque ! Bernadette Lafont apportait une g\u00e9n\u00e9rosit\u00e9 personnelle, toujours profond\u00e9ment engag\u00e9e, \u00e0 la lib\u00e9ration sexuelle. Cet \u00e9tat d&rsquo;esprit \u00e9tait rare dans les pratiques de l&rsquo;\u00e9poque, et ensuite, il a \u00e9t\u00e9 carr\u00e9ment absent. J&rsquo;ai appris avec surprise qu&rsquo;elle \u00e9tait franchement plus jeune que moi : elle a \u00e9t\u00e9 pour moi un id\u00e9al de ce qu&rsquo;il faudrait \u00eatre dans la lib\u00e9ration \u00ab\u00a0culturelle\u00a0\u00bb de l&rsquo;\u00e9poque, un m\u00e9lange de bonhomie  et de g\u00e9n\u00e9rosit\u00e9.<\/p>\n<p><iframe loading=\"lazy\" width=\"610\" height=\"485\" src=\"\/\/www.youtube.com\/embed\/-4iCoMP1UvM\" frameborder=\"0\" allowfullscreen><\/iframe><\/p>\n<p><iframe loading=\"lazy\" width=\"610\" height=\"485\" src=\"\/\/www.youtube.com\/embed\/CG4if_CRb70\" frameborder=\"0\" allowfullscreen><\/iframe><\/p>\n","protected":false},"excerpt":{"rendered":"<blockquote>\n<p>Billet invit\u00e9.<\/p>\n<\/blockquote>\n<p>J&rsquo;ai revu il y a quelques semaines <a href=\"http:\/\/fr.wikipedia.org\/wiki\/La_maman_et_la_putain\" target=\"_blank\">La maman et la putain<\/a> (1973) de Jean Eustache. Quelle claque ! Bernadette Lafont apportait une g\u00e9n\u00e9rosit\u00e9 personnelle, toujours profond\u00e9ment engag\u00e9e, \u00e0 la lib\u00e9ration sexuelle. Cet \u00e9tat d&rsquo;esprit \u00e9tait rare dans les pratiques de l&rsquo;\u00e9poque, et ensuite, il a \u00e9t\u00e9 carr\u00e9ment absent. J&rsquo;ai appris [&hellip;]<\/p>\n","protected":false},"author":1,"featured_media":0,"comment_status":"closed","ping_status":"closed","sticky":false,"template":"","format":"standard","meta":{"footnotes":""},"categories":[10,6],"tags":[2882,2883,2884],"class_list":["post-56714","post","type-post","status-publish","format-standard","hentry","category-arts","category-questions-essentielles","tag-bernadette-lafont","tag-jean-eustache","tag-jean-pierre-leaud"],"_links":{"self":[{"href":"https:\/\/www.pauljorion.com\/blog\/wp-json\/wp\/v2\/posts\/56714","targetHints":{"allow":["GET"]}}],"collection":[{"href":"https:\/\/www.pauljorion.com\/blog\/wp-json\/wp\/v2\/posts"}],"about":[{"href":"https:\/\/www.pauljorion.com\/blog\/wp-json\/wp\/v2\/types\/post"}],"author":[{"embeddable":true,"href":"https:\/\/www.pauljorion.com\/blog\/wp-json\/wp\/v2\/users\/1"}],"replies":[{"embeddable":true,"href":"https:\/\/www.pauljorion.com\/blog\/wp-json\/wp\/v2\/comments?post=56714"}],"version-history":[{"count":4,"href":"https:\/\/www.pauljorion.com\/blog\/wp-json\/wp\/v2\/posts\/56714\/revisions"}],"predecessor-version":[{"id":56718,"href":"https:\/\/www.pauljorion.com\/blog\/wp-json\/wp\/v2\/posts\/56714\/revisions\/56718"}],"wp:attachment":[{"href":"https:\/\/www.pauljorion.com\/blog\/wp-json\/wp\/v2\/media?parent=56714"}],"wp:term":[{"taxonomy":"category","embeddable":true,"href":"https:\/\/www.pauljorion.com\/blog\/wp-json\/wp\/v2\/categories?post=56714"},{"taxonomy":"post_tag","embeddable":true,"href":"https:\/\/www.pauljorion.com\/blog\/wp-json\/wp\/v2\/tags?post=56714"}],"curies":[{"name":"wp","href":"https:\/\/api.w.org\/{rel}","templated":true}]}}