{"id":58636,"date":"2013-09-26T08:18:27","date_gmt":"2013-09-26T06:18:27","guid":{"rendered":"http:\/\/www.pauljorion.com\/blog\/?p=58636"},"modified":"2013-09-26T16:27:43","modified_gmt":"2013-09-26T14:27:43","slug":"le-marche-et-laltruisme","status":"publish","type":"post","link":"https:\/\/www.pauljorion.com\/blog\/2013\/09\/26\/le-marche-et-laltruisme\/","title":{"rendered":"<b>LE \u00ab MARCH\u00c9 \u00bb ET L&rsquo;ALTRUISME<\/b>"},"content":{"rendered":"<p>L&rsquo;autre jour, lors d&rsquo;un d\u00eener, mon voisin de droite se trouvait \u00eatre le directeur d&rsquo;un gros port europ\u00e9en et cette personne expliquait \u00e0 ma voisine de gauche et \u00e0 moi que le port dont il a l&rsquo;autorit\u00e9 se trouve en concurrence avec deux autres ports europ\u00e9ens, situ\u00e9s eux \u00e0 l&rsquo;\u00e9tranger, quant \u00e0 la desserte de la troisi\u00e8me ville du pays. <\/p>\n<p>Comment faire pour l&#8217;emporter ?<\/p>\n<p>La r\u00e9ponse est en r\u00e9alit\u00e9 simple : relever le d\u00e9fi de la \u00ab comp\u00e9titivit\u00e9 douani\u00e8re \u00bb. Fait correctement, le contr\u00f4le douanier d&rsquo;un container prend en moyenne six minutes ; il s&rsquo;agit donc d&rsquo;\u00eatre plus rapide que la concurrence. Je m&rsquo;enquis alors de la mani\u00e8re dont ces deux autres ports situ\u00e9s eux \u00e0 l&rsquo;\u00e9tranger rel\u00e8vent ce d\u00e9fi de la \u00ab comp\u00e9titivit\u00e9 douani\u00e8re \u00bb, mon voisin me r\u00e9pondit qu&rsquo;ils sont sur ce plan, \u00ab de v\u00e9ritables passoires \u00bb.<\/p>\n<p>La r\u00e9ponse \u00e0 la question de savoir comment assurer la comp\u00e9titivit\u00e9 avec \u00ab de v\u00e9ritables passoires \u00bb m&rsquo;apparaissait tout sp\u00e9cialement simple. Je n&rsquo;importunai donc pas davantage mon voisin de table, mais la mani\u00e8re dont la logique commerciale sape n\u00e9cessairement toute notion d&rsquo;\u00e9tat de droit m&rsquo;apparaissait n\u00e9anmoins en pleine lumi\u00e8re.<\/p>\n<p>Cette conversation m&rsquo;est revenue \u00e0 l&rsquo;esprit hier au forum du Havre, lorsqu&rsquo;un orateur, apr\u00e8s avoir chaleureusement lou\u00e9 l&rsquo;appel de Jacques Attali \u00e0 l&rsquo;exercice d\u00e9sormais de l&rsquo;<em>altruisme<\/em> et de la <em>solidarit\u00e9<\/em> dans le fonctionnement de la soci\u00e9t\u00e9 civile, ajouta sur sa lanc\u00e9e \u00ab sauf pour ce qui est de la concurrence [commerciale], bien entendu \u00bb.<\/p>\n<p>Ce \u00ab bien entendu \u00bb, me laissa &#8211; bien entendu &#8211; songeur. C&rsquo;est donc, pensai-je, l&rsquo;altruisme qui pr\u00e9sidera demain \u00e0 l&rsquo;\u00ab \u00e9conomie positive \u00bb mais en \u00e9pargnant le sacrosaint \u00ab march\u00e9 \u00bb, qui lui continuera de fonctionner \u00ab bien entendu \u00bb selon le principe oppos\u00e9 et inconciliable de la concurrence ? <\/p>\n<p>Passons sur le fait que l&rsquo;invocation du principe lui aussi sacrosaint de la concurrence se trouve en g\u00e9n\u00e9ral l\u00e0 pour masquer soit un monopole de fait (par le biais des filiales et du contr\u00f4le financier et donc d\u00e9cisionnel), soit une entente de fait (par le biais d&rsquo;un cartel ou par accord tacite sur les prix), n&rsquo;est-il pas vrai cependant que la r\u00e9v\u00e9rence manifest\u00e9e par l&rsquo;\u00ab \u00e9conomie positive \u00bb pour le march\u00e9 \u00ab tel qu&rsquo;il est \u00bb, s&rsquo;appr\u00eate \u00e0 reproduire la fameuse \u00ab extraterritorialit\u00e9 de la finance par rapport \u00e0 l&rsquo;\u00e9thique \u00bb sous la forme <em>jeune et moderne<\/em> de l&rsquo;\u00ab&nbsp;extraterritorialit\u00e9 du march\u00e9 par rapport \u00e0 l&rsquo;altruisme \u00bb ?<\/p>\n","protected":false},"excerpt":{"rendered":"<p>L&rsquo;autre jour, lors d&rsquo;un d\u00eener, mon voisin de droite se trouvait \u00eatre le directeur d&rsquo;un gros port europ\u00e9en et cette personne expliquait \u00e0 ma voisine de gauche et \u00e0 moi que le port dont il a l&rsquo;autorit\u00e9 se trouve en concurrence avec deux autres ports europ\u00e9ens, situ\u00e9s eux \u00e0 l&rsquo;\u00e9tranger, quant \u00e0 la desserte de [&hellip;]<\/p>\n","protected":false},"author":1,"featured_media":0,"comment_status":"closed","ping_status":"closed","sticky":false,"template":"","format":"standard","meta":{"footnotes":""},"categories":[1],"tags":[3048,2229,162,2265,64],"class_list":["post-58636","post","type-post","status-publish","format-standard","hentry","category-economie","tag-altruisme","tag-concurrence","tag-economie-de-marche","tag-economie-positive","tag-jacques-attali"],"_links":{"self":[{"href":"https:\/\/www.pauljorion.com\/blog\/wp-json\/wp\/v2\/posts\/58636","targetHints":{"allow":["GET"]}}],"collection":[{"href":"https:\/\/www.pauljorion.com\/blog\/wp-json\/wp\/v2\/posts"}],"about":[{"href":"https:\/\/www.pauljorion.com\/blog\/wp-json\/wp\/v2\/types\/post"}],"author":[{"embeddable":true,"href":"https:\/\/www.pauljorion.com\/blog\/wp-json\/wp\/v2\/users\/1"}],"replies":[{"embeddable":true,"href":"https:\/\/www.pauljorion.com\/blog\/wp-json\/wp\/v2\/comments?post=58636"}],"version-history":[{"count":6,"href":"https:\/\/www.pauljorion.com\/blog\/wp-json\/wp\/v2\/posts\/58636\/revisions"}],"predecessor-version":[{"id":58647,"href":"https:\/\/www.pauljorion.com\/blog\/wp-json\/wp\/v2\/posts\/58636\/revisions\/58647"}],"wp:attachment":[{"href":"https:\/\/www.pauljorion.com\/blog\/wp-json\/wp\/v2\/media?parent=58636"}],"wp:term":[{"taxonomy":"category","embeddable":true,"href":"https:\/\/www.pauljorion.com\/blog\/wp-json\/wp\/v2\/categories?post=58636"},{"taxonomy":"post_tag","embeddable":true,"href":"https:\/\/www.pauljorion.com\/blog\/wp-json\/wp\/v2\/tags?post=58636"}],"curies":[{"name":"wp","href":"https:\/\/api.w.org\/{rel}","templated":true}]}}