{"id":60211,"date":"2013-11-29T13:02:42","date_gmt":"2013-11-29T12:02:42","guid":{"rendered":"http:\/\/www.pauljorion.com\/blog\/?p=60211"},"modified":"2013-11-29T17:32:52","modified_gmt":"2013-11-29T16:32:52","slug":"la-parole-du-pape-ce-nest-pas-rien-par-jacques-seignan","status":"publish","type":"post","link":"https:\/\/www.pauljorion.com\/blog\/2013\/11\/29\/la-parole-du-pape-ce-nest-pas-rien-par-jacques-seignan\/","title":{"rendered":"<b>LA PAROLE DU PAPE, CE N&rsquo;EST PAS RIEN<\/b>, par Jacques Seignan"},"content":{"rendered":"<blockquote><p>Billet invit\u00e9, en r\u00e9ponse au <a href=\"http:\/\/www.pauljorion.com\/blog\/?p=60193\">billet de Jeanne Favret-Saada<\/a><\/p><\/blockquote>\n<p>Je ne suis pas d\u2019accord avec Madame Favret-Saada. Je lis toujours avec grand int\u00e9r\u00eat ses billets intelligents et souvent originaux mais celui-ci est pour moi \u2018\u00e0 c\u00f4t\u00e9 de la plaque\u2019. Le pape Fran\u00e7ois n\u2019est pas socialiste et ne le sera pas certes car il a \u00e9t\u00e9 \u00e9lu pour \u00eatre le pape catholique. Elle dit\u00a0: \u00ab\u00a0(\u2026)\u00a0<i>mais seulement qu\u2019il est impossible de lui attribuer s\u00e9rieusement aucune opinion, y compris en mati\u00e8re de \u00ab\u00a0th\u00e9orie \u00e9conomique<\/i>\u00a0\u00bb<\/p>\n<p>Je suis de nouveau all\u00e9 lire ses d\u00e9clarations et voici ce que l&rsquo;on trouve\u00a0:<\/p>\n<p>\u00ab\u00a0<i>De m\u00eame que le commandement de \u201cne pas tuer\u201d pose une limite claire pour assurer la valeur de la vie humaine, aujourd\u2019hui, nous devons dire \u201cnon \u00e0 une \u00e9conomie de l\u2019exclusion et de la disparit\u00e9 sociale\u201d.\u00a0<b>Une telle \u00e9conomie tue<\/b>.<\/i>\u00a0\u00bb<\/p>\n<p><!--more-->Th\u00e9orie du \u2018trickle down\u2019 ou ruissellement social vendue depuis 30 ans par les n\u00e9olib\u00e9raux\u00a0:<\/p>\n<p>\u00ab\u00a0<i>Dans ce contexte, certains d\u00e9fendent encore les th\u00e9ories de la \u201c<b>rechute favorable<\/b>\u201d,\u00a0qui supposent que chaque croissance \u00e9conomique, favoris\u00e9e par le libre march\u00e9, r\u00e9ussit \u00e0 produire en soi une plus grande \u00e9quit\u00e9 et inclusion sociale dans le monde. Cette opinion,\u00a0<b>qui n\u2019a jamais \u00e9t\u00e9 confirm\u00e9e par les faits,<\/b>\u00a0exprime une confiance grossi\u00e8re et na\u00efve dans la bont\u00e9 de ceux qui d\u00e9tiennent le pouvoir \u00e9conomique et dans les m\u00e9canismes sacralis\u00e9s du syst\u00e8me \u00e9conomique dominant.\u00a0<b>En m\u00eame temps, les exclus continuent \u00e0 attendre<\/b>.\u00a0<\/i><\/p>\n<p>Sa conclusion\u00a0:<\/p>\n<p>\u00ab\u00a0<i>Une r\u00e9forme financi\u00e8re\u00a0<b>qui n\u2019ignore pas l\u2019\u00e9thique<\/b>\u00a0demanderait un changement vigoureux d\u2019attitude de la part des dirigeants politiques, que j\u2019exhorte \u00e0 affronter ce d\u00e9fi avec d\u00e9termination et avec clairvoyance, sans ignorer, naturellement, la sp\u00e9cificit\u00e9 de chaque contexte. L\u2019argent doit servir et non pas gouverner\u00a0!<\/i>\u00a0\u00bb.<\/p>\n<p>Ce ne sont\u00a0peut-\u00eatre pas des \u00ab\u00a0opinions \u00e9conomiques\u00a0\u00bb, mais en tout cas le Pape explique tr\u00e8s bien les probl\u00e8mes moraux pos\u00e9s par le n\u00e9olib\u00e9ralisme avec des mots forts et clairs. Et \u00e7a, ce n\u2019est pas rien. Toutes les voix sont bienvenues et cette voix a une port\u00e9e universelle\u00a0!<\/p>\n<p>Par exemple, je constate souvent la force de cet argument d\u00e9bile selon lequel les riches ne doivent plus payer d\u2019imp\u00f4ts car ils cr\u00e9ent des emplois. Cette id\u00e9e comme celles visant \u00e0\u00a0\u00a0stigmatiser les \u00ab\u00a0assist\u00e9s\u00a0\u00bb, (le nom des pauvres en novlangue), ont une trop grande force dans la soci\u00e9t\u00e9 et surtout dans les couches moyennes. Elles sont enfonc\u00e9es dans la t\u00eate des gens par l\u2019immense majorit\u00e9 des \u00ab\u00a0experts\u00a0\u00bb \u00e9conomiques stipendi\u00e9s. Que le Pape s\u2019\u00e9l\u00e8ve contre des \u00e9l\u00e9ments essentiels de cette id\u00e9ologie n\u2019est pas anodin. Peu importe si son approche semble j\u00e9suitique ! Il m\u2019est \u00e9gal de comprendre ses arri\u00e8res pens\u00e9es.<\/p>\n<p><span style=\"text-decoration: underline;\">L\u2019important est d\u2019unir<\/span>\u00a0! Encore une fois je vois dans ces critiques une fa\u00e7on de nier l\u2019absolue n\u00e9cessit\u00e9 de s\u2019appuyer sur toutes les forces anti-syst\u00e8mes d\u2019o\u00f9 qu\u2019elles viennent. Et la parole du Pape, ce n\u2019est pas rien.<\/p>\n","protected":false},"excerpt":{"rendered":"<blockquote>\n<p>Billet invit\u00e9, en r\u00e9ponse au <a href=\"http:\/\/www.pauljorion.com\/blog\/?p=60193\">billet de Jeanne Favret-Saada<\/a><\/p>\n<\/blockquote>\n<p>Je ne suis pas d\u2019accord avec Madame Favret-Saada. Je lis toujours avec grand int\u00e9r\u00eat ses billets intelligents et souvent originaux mais celui-ci est pour moi \u2018\u00e0 c\u00f4t\u00e9 de la plaque\u2019. Le pape Fran\u00e7ois n\u2019est pas socialiste et ne le sera pas certes car il a [&hellip;]<\/p>\n","protected":false},"author":38,"featured_media":0,"comment_status":"closed","ping_status":"closed","sticky":false,"template":"","format":"standard","meta":{"footnotes":""},"categories":[17],"tags":[],"class_list":["post-60211","post","type-post","status-publish","format-standard","hentry","category-politique"],"_links":{"self":[{"href":"https:\/\/www.pauljorion.com\/blog\/wp-json\/wp\/v2\/posts\/60211","targetHints":{"allow":["GET"]}}],"collection":[{"href":"https:\/\/www.pauljorion.com\/blog\/wp-json\/wp\/v2\/posts"}],"about":[{"href":"https:\/\/www.pauljorion.com\/blog\/wp-json\/wp\/v2\/types\/post"}],"author":[{"embeddable":true,"href":"https:\/\/www.pauljorion.com\/blog\/wp-json\/wp\/v2\/users\/38"}],"replies":[{"embeddable":true,"href":"https:\/\/www.pauljorion.com\/blog\/wp-json\/wp\/v2\/comments?post=60211"}],"version-history":[{"count":2,"href":"https:\/\/www.pauljorion.com\/blog\/wp-json\/wp\/v2\/posts\/60211\/revisions"}],"predecessor-version":[{"id":60218,"href":"https:\/\/www.pauljorion.com\/blog\/wp-json\/wp\/v2\/posts\/60211\/revisions\/60218"}],"wp:attachment":[{"href":"https:\/\/www.pauljorion.com\/blog\/wp-json\/wp\/v2\/media?parent=60211"}],"wp:term":[{"taxonomy":"category","embeddable":true,"href":"https:\/\/www.pauljorion.com\/blog\/wp-json\/wp\/v2\/categories?post=60211"},{"taxonomy":"post_tag","embeddable":true,"href":"https:\/\/www.pauljorion.com\/blog\/wp-json\/wp\/v2\/tags?post=60211"}],"curies":[{"name":"wp","href":"https:\/\/api.w.org\/{rel}","templated":true}]}}