{"id":615,"date":"2008-06-06T19:27:10","date_gmt":"2008-06-06T18:27:10","guid":{"rendered":"http:\/\/www.pauljorion.com\/blog\/?p=615"},"modified":"2008-06-28T20:13:18","modified_gmt":"2008-06-28T19:13:18","slug":"aux-artistes","status":"publish","type":"post","link":"https:\/\/www.pauljorion.com\/blog\/2008\/06\/06\/aux-artistes\/","title":{"rendered":"Aux artistes"},"content":{"rendered":"<p>J\u2019ai particip\u00e9 l\u2019autre jour \u2013 d\u2019une seule phrase \u2013 \u00e0 un d\u00e9bat sur la cr\u00e9ation. La phrase, la voici : \u00ab \u2026 quel est le r\u00f4le exact que l\u2019on veut voir jouer \u00e0 l\u2019Etat \u2013 et les contraintes que cela implique (imp\u00f4t, d\u00e9fense des fronti\u00e8res, soutien ou non des artistes [abandonn\u00e9s \u00e0 crever la dalle \u2013 vu la jouissance que leur procure par ailleurs la cr\u00e9ation \u2013 voir le d\u00e9bat d\u2019hier], etc.) \u00bb. La th\u00e8se d\u00e9fendue \u2013 vous avez d\u00fb le comprendre \u2013 \u00e9tait qu\u2019il n\u2019est pas n\u00e9cessaire de soutenir les artistes : le march\u00e9 fera le tri !<\/p>\n<p>Le cas de Jara nous rappelle que les artistes cr\u00e9ent sans doute pour eux-m\u00eames mais essentiellement pour nous tous. <em>YouTube<\/em> nous permet de nous le rappeler et ma note laconique sur Jara m\u2019a donn\u00e9 envie de le souligner encore davantage. Hier, en commentaire \u00e0 <a href=\"http:\/\/www.pauljorion.com\/blog\/?p=606#comment-4622\">mon billet sur Bo Diddley<\/a>, j\u2019ai cit\u00e9 deux chansons. Je suis all\u00e9 ajouter des \u00ab performances \u00bb qui y correspondent : Elizabeth Cotten chantant de sa voix cass\u00e9e <em>Freight Train<\/em>, qu\u2019elle composa, accompagn\u00e9e (bien que ce ne soit pas dit) par Pete Seeger et Emmylou Harris, chantant <em>Hobo\u2019s Lullaby<\/em> de Goebel Reeves, lors d\u2019un hommage \u00e0 Woody Guthrie qui fut le principal interpr\u00e8te de cette chanson.  <\/p>\n<p>Je suis \u00e9galement all\u00e9 revisiter mon billet <a href=\"http:\/\/www.pauljorion.com\/blog\/?p=524\">Quiet days in Santa Monica<\/a>, o\u00f9 je mentionnais Jim Morrison chantant <em>The End<\/em> pour y ajouter l\u2019extrait d\u2019un concert des Doors. Le cam\u00e9raman n\u2019a pas rat\u00e9 la petite blonde, tout \u00e0 la fin. C\u2019est pour elle qu\u2019on vit. Malgr\u00e9 les stades de Santiago du Chili. <\/p>\n<p>Petit joyau, Georges Brassens chantant <a href=\"http:\/\/www.pauljorion.com\/blog\/?p=345\">Les passantes<\/a>, paroles d\u2019Antoine Pol comme je l\u2019explique dans mon billet et comme il le rappelle aussi, accompagn\u00e9 de Maxime Leforestier (merci \u00e0 Anper !).<\/p>\n<p>Vous trouverez enfin Jeanne Moreau chantant <em>Le tourbillon <\/em>de et avec Bassiak dans <a href=\"http:\/\/www.pauljorion.com\/blog\/?p=278 \">Fran\u00e7ois Truffaut (1932\u20131984)<\/a>, ainsi que, comme le sugg\u00e9rait Jean Tiguemounine dans un commentaire, la version de Vanessa Paradis, rejointe par Jeanne Moreau.<\/p>\n<p><strong>Post Scriptum<\/strong> : je red\u00e9couvre petit \u00e0 petit mes r\u00e9f\u00e9rences \u00e0 des chansons et je compl\u00e8te. Derniers en date : <em>Under the Boardwalk<\/em> des Drifters dans <a href=\"http:\/\/www.pauljorion.com\/blog\/?p=207\">Toute une \u00e9poque !<\/a> , <em>Bravo pour le clown<\/em> dans <a href=\"http:\/\/www.pauljorion.com\/blog\/?p=280\">Edith Piaf (1915 &#8211; 1963)<\/a>, <em>Comme \u00e0 Ostende<\/em> dans <a href=\"http:\/\/www.pauljorion.com\/blog\/?p=213\">L\u00e9o Ferr\u00e9 (1916\u20131993)<\/a>. <\/p>\n","protected":false},"excerpt":{"rendered":"<p>J\u2019ai particip\u00e9 l\u2019autre jour \u2013 d\u2019une seule phrase \u2013 \u00e0 un d\u00e9bat sur la cr\u00e9ation. La phrase, la voici : \u00ab \u2026 quel est le r\u00f4le exact que l\u2019on veut voir jouer \u00e0 l\u2019Etat \u2013 et les contraintes que cela implique (imp\u00f4t, d\u00e9fense des fronti\u00e8res, soutien ou non des artistes [abandonn\u00e9s \u00e0 crever la dalle [&hellip;]<\/p>\n","protected":false},"author":1,"featured_media":0,"comment_status":"closed","ping_status":"open","sticky":false,"template":"","format":"standard","meta":{"footnotes":""},"categories":[10,15,6],"tags":[],"class_list":["post-615","post","type-post","status-publish","format-standard","hentry","category-arts","category-la-race-humaine","category-questions-essentielles"],"_links":{"self":[{"href":"https:\/\/www.pauljorion.com\/blog\/wp-json\/wp\/v2\/posts\/615","targetHints":{"allow":["GET"]}}],"collection":[{"href":"https:\/\/www.pauljorion.com\/blog\/wp-json\/wp\/v2\/posts"}],"about":[{"href":"https:\/\/www.pauljorion.com\/blog\/wp-json\/wp\/v2\/types\/post"}],"author":[{"embeddable":true,"href":"https:\/\/www.pauljorion.com\/blog\/wp-json\/wp\/v2\/users\/1"}],"replies":[{"embeddable":true,"href":"https:\/\/www.pauljorion.com\/blog\/wp-json\/wp\/v2\/comments?post=615"}],"version-history":[{"count":0,"href":"https:\/\/www.pauljorion.com\/blog\/wp-json\/wp\/v2\/posts\/615\/revisions"}],"wp:attachment":[{"href":"https:\/\/www.pauljorion.com\/blog\/wp-json\/wp\/v2\/media?parent=615"}],"wp:term":[{"taxonomy":"category","embeddable":true,"href":"https:\/\/www.pauljorion.com\/blog\/wp-json\/wp\/v2\/categories?post=615"},{"taxonomy":"post_tag","embeddable":true,"href":"https:\/\/www.pauljorion.com\/blog\/wp-json\/wp\/v2\/tags?post=615"}],"curies":[{"name":"wp","href":"https:\/\/api.w.org\/{rel}","templated":true}]}}