{"id":61526,"date":"2014-01-19T19:24:52","date_gmt":"2014-01-19T18:24:52","guid":{"rendered":"http:\/\/www.pauljorion.com\/blog\/?p=61526"},"modified":"2014-01-19T20:54:41","modified_gmt":"2014-01-19T19:54:41","slug":"le-dernier-barometre-de-la-confiance-politique-cevipof-i-par-pierre-yves-dambrine","status":"publish","type":"post","link":"https:\/\/www.pauljorion.com\/blog\/2014\/01\/19\/le-dernier-barometre-de-la-confiance-politique-cevipof-i-par-pierre-yves-dambrine\/","title":{"rendered":"<b>Le dernier barom\u00e8tre de la confiance politique C\u00e9vipof (I)<\/b>, par Pierre-Yves Dambrine"},"content":{"rendered":"<blockquote><p>Billet invit\u00e9.<\/p><\/blockquote>\n<p><b>Le dernier <a href=\"http:\/\/www.cevipof.com\/fr\/le-barometre-de-la-confiance-politique-du-cevipof\/les-resultats-vague-5-janvier-2014\/\" target=\"_blank\">barom\u00e8tre de la confiance politique C\u00e9vipof<\/a>, (d&rsquo;apr\u00e8s un sondage r\u00e9alis\u00e9 du 25 novembre 2013 au 12 d\u00e9cembre 2013) nous offre une image saisissante de l&rsquo;\u00e9tat de d\u00e9fiance qui r\u00e8gne aujourd&rsquo;hui en France. En seulement quatre ann\u00e9es, se sont produits quelques renversements de tendance extr\u00eamement significatifs. Et pr\u00e9cisons le tout de suite, cette d\u00e9fiance ne recoupe pas les clivages partisans. Les facteurs d&rsquo;instabilit\u00e9 sont donc beaucoup plus profonds.<\/b><\/p>\n<p>Les Fran\u00e7ais sont plus m\u00e9fiants que jamais vis \u00e0 vis des institutions, seuls h\u00f4pitaux, arm\u00e9e, police, \u00e9cole sont au-dessus de la moyenne. Et dans le lot ce sont les institutions du maintien de l&rsquo;ordre (arm\u00e9e et police) qui augmentent leur score. \u00c0 une majorit\u00e9 \u00e9crasante, 75 %, les sond\u00e9s ont le sentiment de n&rsquo;\u00eatre jamais assez prudents quand ils ont affaire aux autres. Autrement dit, la vision dominante de la soci\u00e9t\u00e9, c&rsquo;est la jungle !<\/p>\n<p>87 % ne se sentent pas repr\u00e9sent\u00e9s puisqu&rsquo;ils estiment que les politiques en g\u00e9n\u00e9ral ne se pr\u00e9occupent pas ou peu de ce qu&rsquo;ils pensent. 60 % n&rsquo;ont confiance ni dans la gauche ni dans la droite pour gouverner le pays.<\/p>\n<p><!--more--><b>Quant au fonctionnement de la d\u00e9mocratie, c&rsquo;est un renversement de tendance ph\u00e9nom\u00e9nal.<\/b><\/p>\n<p><b>Alors qu&rsquo;en 2009, les Fran\u00e7ais \u00e9taient 50 % \u00e0 penser que la d\u00e9mocratie fonctionne tr\u00e8s bien ou assez bien, ils ne sont plus aujourd&rsquo;hui que 30 %. Ceux qui pensent que la d\u00e9mocratie fonctionne mal ou pas du tout sont aujourd&rsquo;hui 69 % alors qu&rsquo;ils n&rsquo;\u00e9taient que 48 % en 2009.<\/b><\/p>\n<p>Sur la question de l&rsquo;ouverture de la France sur le monde d&rsquo;aujourd&rsquo;hui, 47 % demandent plus de protection, soit une augmentation de 17 %. L\u00e0 aussi les courbes s&rsquo;inversent, les fran\u00e7ais ne sont plus que 23 % \u00e0 penser que la France doit s&rsquo;ouvrir d&rsquo;avantage, alors qu&rsquo;ils \u00e9taient 33 % en 2009. A rapprocher \u00e9galement du niveau de confiance \u00e0 l&rsquo;\u00e9gard des institutions locales qui sont au-dessus de la moyenne, toutes les autres institutions politiques ne franchissent pas la barre des 50 %.<\/p>\n<p>Pour les solutions les choses se compliquent.<\/p>\n<p>Il y a une demande de protection grandissante, une m\u00e9fiance grandissante, mais dans le m\u00eame temps \u00ab\u00a0l&rsquo;adh\u00e9sion\u00a0\u00bb au lib\u00e9ralisme semble augmenter puisque dans le sondage \u00e0 la question \u00ab\u00a0pour faire face aux difficult\u00e9s pensez-vous que l&rsquo;Etat doit faire davantage aux entreprises et leur donne plus de libert\u00e9, les tendances s&rsquo;inversent. Ceux qui r\u00e9pondent oui sont 43 % en 2009 et 59 % aujourd&rsquo;hui. Cela n&rsquo;a pas d\u00fb \u00e9chapper aux \u00e9quipes d&rsquo;Hollande et les confirmer dans l&rsquo;id\u00e9e que la politique de l&rsquo;offre c&rsquo;est ce qu&rsquo;il faut faire !<\/p>\n<p>Il y a pourtant bien une contradiction parce que donner plus de latitude au lib\u00e9ralisme c&rsquo;est pr\u00e9cis\u00e9ment ce qui favorise la comp\u00e9tition internationale, laquelle est justement \u00e0 l&rsquo;origine de la m\u00e9fiance g\u00e9n\u00e9rale.\u00a0<b>De plus un autre sondage (Ifop, r\u00e9alis\u00e9 du 15 au 17 janvier) qui para\u00eet ce dimanche fait apparaitre que 73 % des fran\u00e7ais ne font pas plus confiance aux entreprises pour cr\u00e9er des emplois en \u00e9change d&rsquo;une baisse des cotisations patronales<\/b>,\u00a0<b>dont 57 % de sympathisants UMP<\/b>.<\/p>\n<p>Quand la question est pos\u00e9e de savoir si l&rsquo;on veut que le syst\u00e8me capitaliste soit r\u00e9form\u00e9 en profondeur, r\u00e9form\u00e9 sur quelques points, ou pas r\u00e9form\u00e9 du tout, la demande de r\u00e9forme surpasse l&rsquo;absence pure et simple de r\u00e9forme.\u00a0<b>L&rsquo;opinion en faveur d&rsquo;une r\u00e9forme en profondeur ou a minima n&rsquo;est pas encore majoritaire, 46 %, mais chose int\u00e9ressante, les courbes de la demande de r\u00e9forme se croisent, puisque la demande pour des r\u00e9formes en profondeur partait de 40 % en 2009, tandis que celle pour une r\u00e9forme de moindre importance, partait de 53 %. Autrement dit, la demande pour une \u00ab\u00a0r\u00e9formette\u00a0\u00bb du capitalisme a perdu 7 points.<\/b><\/p>\n<p>La conclusion qu&rsquo;on peut tirer de tout \u00e7a il me semble c&rsquo;est que, de l&rsquo;avis g\u00e9n\u00e9ral, le sentiment est que les choses fonctionnent mal. Mais que faute de visibilit\u00e9 et de compr\u00e9hension suffisante de solutions nouvelles, la majorit\u00e9 de nos concitoyens choisissent encore spontan\u00e9ment les recettes \u00e9cul\u00e9es, qui ont \u00e9chou\u00e9es, mais tiennent encore le haut du pav\u00e9 parce que la peur, mauvaise conseill\u00e8re, incline \u00e0 penser qu&rsquo;il faut soigner le mal par le mal : opposer aux forces du monde ouvert qui nous menacent une force contraire de m\u00eame nature. Le pilonnage m\u00e9diatique des poids lourds de l&rsquo;information ne favorise bien entendu pas la sortie de cette logique infernale de suspicion g\u00e9n\u00e9ralis\u00e9e et n&rsquo;invite pas \u00e0 faire le saut des solutions in\u00e9dites.<\/p>\n<p><b>Pourtant la vision d&rsquo;un nouveau cadre appara\u00eet en filigrane<\/b>\u00a0quand les fran\u00e7ais s&rsquo;accordent pour demander une r\u00e9forme du capitalisme,\u00a0<b>mais faute de questions pr\u00e9cises dans le sondage quant aux solutions qu&rsquo;il faudrait adopter ou pas pour r\u00e9former le capitalisme on reste dans le flou sur le fait de savoir quelles remises en cause du cadre existant cela supposerait dans leur esprit et donc jusqu&rsquo;o\u00f9 il seraient pr\u00eats \u00e0 aller.<\/b><\/p>\n<p><b>Cette frilosit\u00e9 qui alimente la d\u00e9fiance et incline au repliement sur soi pourrait ne pas durer<\/b>, car le sentiment d&rsquo;injustice sociale pr\u00e9domine. 55 % de nos concitoyens sont tout \u00e0 fait d&rsquo;accord ou plut\u00f4t d&rsquo;accord avec l&rsquo;id\u00e9e qu&rsquo;il faut prendre aux riches pour donner aux pauvres (petit recul d&rsquo;un point entre 2009 et aujourd&rsquo;hui). La propension actuelle \u00e0 participer \u00e0 des manifestations a fait un bond de 11 % entre 2009 et aujourd&rsquo;hui, passant de 51 % \u00e0 61 %. Il manque donc le d\u00e9clic, l&rsquo;\u00e9tincelle, l&rsquo;\u00e9v\u00e8nement qui conjugu\u00e9 avec la dislocation structurelle toujours plus avanc\u00e9e du syst\u00e8me, pourrait rompre les digues de l&rsquo;inertie\u00a0<b>aussi bien sur le plan des id\u00e9es que sur celui de l&rsquo;action.\u00a0<\/b><\/p>\n","protected":false},"excerpt":{"rendered":"<blockquote>\n<p>Billet invit\u00e9.<\/p>\n<\/blockquote>\n<p><b>Le dernier <a href=\"http:\/\/www.cevipof.com\/fr\/le-barometre-de-la-confiance-politique-du-cevipof\/les-resultats-vague-5-janvier-2014\/\" target=\"_blank\">barom\u00e8tre de la confiance politique C\u00e9vipof<\/a>, (d&rsquo;apr\u00e8s un sondage r\u00e9alis\u00e9 du 25 novembre 2013 au 12 d\u00e9cembre 2013) nous offre une image saisissante de l&rsquo;\u00e9tat de d\u00e9fiance qui r\u00e8gne aujourd&rsquo;hui en France. En seulement quatre ann\u00e9es, se sont produits quelques renversements de tendance extr\u00eamement significatifs. Et pr\u00e9cisons le tout [&hellip;]<\/b><\/p>\n","protected":false},"author":1,"featured_media":0,"comment_status":"closed","ping_status":"closed","sticky":false,"template":"","format":"standard","meta":{"footnotes":""},"categories":[2597,17],"tags":[],"class_list":["post-61526","post","type-post","status-publish","format-standard","hentry","category-democratie-2","category-politique"],"_links":{"self":[{"href":"https:\/\/www.pauljorion.com\/blog\/wp-json\/wp\/v2\/posts\/61526","targetHints":{"allow":["GET"]}}],"collection":[{"href":"https:\/\/www.pauljorion.com\/blog\/wp-json\/wp\/v2\/posts"}],"about":[{"href":"https:\/\/www.pauljorion.com\/blog\/wp-json\/wp\/v2\/types\/post"}],"author":[{"embeddable":true,"href":"https:\/\/www.pauljorion.com\/blog\/wp-json\/wp\/v2\/users\/1"}],"replies":[{"embeddable":true,"href":"https:\/\/www.pauljorion.com\/blog\/wp-json\/wp\/v2\/comments?post=61526"}],"version-history":[{"count":3,"href":"https:\/\/www.pauljorion.com\/blog\/wp-json\/wp\/v2\/posts\/61526\/revisions"}],"predecessor-version":[{"id":61535,"href":"https:\/\/www.pauljorion.com\/blog\/wp-json\/wp\/v2\/posts\/61526\/revisions\/61535"}],"wp:attachment":[{"href":"https:\/\/www.pauljorion.com\/blog\/wp-json\/wp\/v2\/media?parent=61526"}],"wp:term":[{"taxonomy":"category","embeddable":true,"href":"https:\/\/www.pauljorion.com\/blog\/wp-json\/wp\/v2\/categories?post=61526"},{"taxonomy":"post_tag","embeddable":true,"href":"https:\/\/www.pauljorion.com\/blog\/wp-json\/wp\/v2\/tags?post=61526"}],"curies":[{"name":"wp","href":"https:\/\/api.w.org\/{rel}","templated":true}]}}