{"id":62454,"date":"2014-02-20T19:17:44","date_gmt":"2014-02-20T18:17:44","guid":{"rendered":"http:\/\/www.pauljorion.com\/blog\/?p=62454"},"modified":"2014-02-20T21:03:39","modified_gmt":"2014-02-20T20:03:39","slug":"ou-edward-snowden-va-t-il-pouvoir-aller-par-francois-leclerc","status":"publish","type":"post","link":"https:\/\/www.pauljorion.com\/blog\/2014\/02\/20\/ou-edward-snowden-va-t-il-pouvoir-aller-par-francois-leclerc\/","title":{"rendered":"<b>O\u00d9 EDWARD SNOWDEN VA-T-IL POUVOIR ALLER ?<\/b> par Fran\u00e7ois Leclerc"},"content":{"rendered":"<blockquote><p>Billet invit\u00e9.<\/p><\/blockquote>\n<p>Que va devenir Edward Snowden en ao\u00fbt prochain, \u00e0 la fin de l&rsquo;ann\u00e9e d&rsquo;asile qui lui a \u00e9t\u00e9 accord\u00e9e en Russie ? Le 12 f\u00e9vrier dernier, les d\u00e9put\u00e9s Verts ont propos\u00e9 au Parlement europ\u00e9en de lui accorder une protection officielle, mais cela a \u00e9t\u00e9 rejet\u00e9. La p\u00e9tition lanc\u00e9e par David Miranda, le compagnon br\u00e9silien de Glenn Greenwald, demandant que lui soit accord\u00e9 l\u2019asile au Br\u00e9sil et qui a recueilli dans le monde entier 1,1 million de signatures, a \u00e9t\u00e9 remise le lendemain au minist\u00e8re br\u00e9silien des affaires \u00e9trang\u00e8res. Dilma Rousseff, la pr\u00e9sidente, s\u2019est jusqu\u2019\u00e0 ce jour retranch\u00e9e derri\u00e8re l\u2019absence de demande d\u2019Edward Snowden pour ne pas fournir de r\u00e9ponse. <\/p>\n<p>Ce dernier a \u00e9t\u00e9 \u00e9lu le 18 f\u00e9vrier recteur &#8211; un titre honorifique &#8211; par les \u00e9tudiants de l\u2019Universit\u00e9 de Glasgow, apr\u00e8s avoir accept\u00e9 l&rsquo;invitation \u00e0 se pr\u00e9senter \u00e0 ce poste. Mordechai Vanunu, un lanceur d\u2019alerte isra\u00e9lien qui avait en 1986 r\u00e9v\u00e9l\u00e9 des d\u00e9tails du programme nucl\u00e9aire militaire du pays, avait pr\u00e9c\u00e9demment b\u00e9n\u00e9fici\u00e9 du m\u00eame honneur. Le groupe d\u2019\u00e9tudiants qui avait sollicit\u00e9 Edward Snowden a publi\u00e9 un communiqu\u00e9 dans lequel il d\u00e9clare : \u00ab\u00a0dans les semaines qui viennent, nous allons continuer \u00e0 faire campagne pour que la NSA et le GCHQ cessent leurs atteintes \u00e0 notre droit fondamental \u00e0 la vie priv\u00e9e et pour qu&rsquo;Edward Snowden soit reconnu comme un lanceur d&rsquo;alerte courageux plut\u00f4t qu&rsquo;un tra\u00eetre\u00a0\u00bb.<\/p>\n<p><!--more-->Les r\u00e9v\u00e9lations se poursuivent entre-temps. <a href=\"https:\/\/firstlook.org\/theintercept\/article\/2014\/02\/18\/snowden-docs-reveal-covert-surveillance-and-pressure-tactics-aimed-at-wikileaks-and-its-supporters\/\">The Intercept<\/a>, la publication en ligne lanc\u00e9e dans le cadre du projet FirstLook de Glenn Greenwald et Pierre Omidyar, a publi\u00e9 des documents classifi\u00e9s de la GCHQ britannique fournis par Edward Snowden montrant qu\u2019elle recueillait en temps r\u00e9el les adresses IP de tous les visiteurs du site WikiLeaks. D\u2019apr\u00e8s d\u2019autres documents provenant de la NSA, une telle collecte peut permettre d\u2019identifier les personnes d\u00e9posant des documents dans la <i>dropbox<\/i> (bo\u00eete aux lettres anonyme) de WikiLeaks, si elles n\u2019ont pas utilis\u00e9 une adresse IP anonyme. Cette dropbox avait toutefois \u00e9t\u00e9 d\u00e9sactiv\u00e9e d\u00e8s 2010, WikiLeaks pensant qu\u2019elle pouvait \u00eatre surveill\u00e9e. <\/p>\n","protected":false},"excerpt":{"rendered":"<blockquote>\n<p>Billet invit\u00e9.<\/p>\n<\/blockquote>\n<p>Que va devenir Edward Snowden en ao\u00fbt prochain, \u00e0 la fin de l&rsquo;ann\u00e9e d&rsquo;asile qui lui a \u00e9t\u00e9 accord\u00e9e en Russie ? Le 12 f\u00e9vrier dernier, les d\u00e9put\u00e9s Verts ont propos\u00e9 au Parlement europ\u00e9en de lui accorder une protection officielle, mais cela a \u00e9t\u00e9 rejet\u00e9. La p\u00e9tition lanc\u00e9e par David Miranda, le compagnon [&hellip;]<\/p>\n","protected":false},"author":37,"featured_media":0,"comment_status":"closed","ping_status":"closed","sticky":false,"template":"","format":"standard","meta":{"footnotes":""},"categories":[2668],"tags":[],"class_list":["post-62454","post","type-post","status-publish","format-standard","hentry","category-guerre-civile-numerique"],"_links":{"self":[{"href":"https:\/\/www.pauljorion.com\/blog\/wp-json\/wp\/v2\/posts\/62454","targetHints":{"allow":["GET"]}}],"collection":[{"href":"https:\/\/www.pauljorion.com\/blog\/wp-json\/wp\/v2\/posts"}],"about":[{"href":"https:\/\/www.pauljorion.com\/blog\/wp-json\/wp\/v2\/types\/post"}],"author":[{"embeddable":true,"href":"https:\/\/www.pauljorion.com\/blog\/wp-json\/wp\/v2\/users\/37"}],"replies":[{"embeddable":true,"href":"https:\/\/www.pauljorion.com\/blog\/wp-json\/wp\/v2\/comments?post=62454"}],"version-history":[{"count":4,"href":"https:\/\/www.pauljorion.com\/blog\/wp-json\/wp\/v2\/posts\/62454\/revisions"}],"predecessor-version":[{"id":62461,"href":"https:\/\/www.pauljorion.com\/blog\/wp-json\/wp\/v2\/posts\/62454\/revisions\/62461"}],"wp:attachment":[{"href":"https:\/\/www.pauljorion.com\/blog\/wp-json\/wp\/v2\/media?parent=62454"}],"wp:term":[{"taxonomy":"category","embeddable":true,"href":"https:\/\/www.pauljorion.com\/blog\/wp-json\/wp\/v2\/categories?post=62454"},{"taxonomy":"post_tag","embeddable":true,"href":"https:\/\/www.pauljorion.com\/blog\/wp-json\/wp\/v2\/tags?post=62454"}],"curies":[{"name":"wp","href":"https:\/\/api.w.org\/{rel}","templated":true}]}}