{"id":63313,"date":"2014-03-29T15:30:09","date_gmt":"2014-03-29T14:30:09","guid":{"rendered":"http:\/\/www.pauljorion.com\/blog\/?p=63313"},"modified":"2014-03-30T09:09:43","modified_gmt":"2014-03-30T07:09:43","slug":"philo-escales-paul-jorion-pouvoir-et-finance-a-louvain-la-neuve-le-samedi-29-mars-2014","status":"publish","type":"post","link":"https:\/\/www.pauljorion.com\/blog\/2014\/03\/29\/philo-escales-paul-jorion-pouvoir-et-finance-a-louvain-la-neuve-le-samedi-29-mars-2014\/","title":{"rendered":"<b>PHILO ESCALES, Paul Jorion : Pouvoir et finance ,<\/b> \u00e0 Louvain-la-Neuve, le samedi 29 mars 2014 \u00e0 14h"},"content":{"rendered":"<p>On m&rsquo;a dit \u00e0 mon arriv\u00e9e : \u00ab\u00a0Ne vous \u00e9tonnez pas si avec un temps aussi splendide, les gens ne viennent pas !\u00a0\u00bb Je n&rsquo;ai pas compris tout de suite et comme cela se voyait sans doute que je ne comprenais pas, on a ajout\u00e9 \u00e0 mon intention : \u00ab\u00a0Vous savez&#8230; les jardins&#8230;\u00a0\u00bb. L\u00e0 j&rsquo;ai r\u00e9pondu que je ne pensais pas que les gens qui viennent m&rsquo;\u00e9couter se laissent distraire si facilement par les jardins.<\/p>\n<p>Et c&rsquo;est moi qui avais raison. On m&rsquo;a dit aussi que c&rsquo;est ma conf\u00e9rence qui avait recueilli le plus grand nombre d&rsquo;inscriptions, malgr\u00e9 la tr\u00e8s belle affiche. Merci \u00e0 vous !<\/p>\n<p>Merci aussi pour la qualit\u00e9 de vos questions, cela aussi fait toujours tr\u00e8s plaisir : cela donne le sentiment que nous avan\u00e7ons. Tous ensemble.<\/p>\n<p><a href=\"http:\/\/www.pauljorion.com\/blog\/wp-content\/uploads\/Escales-1.png\"><img loading=\"lazy\" decoding=\"async\" class=\"alignleft size-full wp-image-63315\" alt=\"Escales 1\" src=\"http:\/\/www.pauljorion.com\/blog\/wp-content\/uploads\/Escales-1.png\" width=\"610\" height=\"400\" \/><\/a><a href=\"http:\/\/www.pauljorion.com\/blog\/wp-content\/uploads\/Escales-2.png\"><img loading=\"lazy\" decoding=\"async\" class=\"alignleft size-full wp-image-63316\" alt=\"Escales 2\" src=\"http:\/\/www.pauljorion.com\/blog\/wp-content\/uploads\/Escales-2.png\" width=\"610\" height=\"400\" \/><\/a><br \/>\n<a href=\"http:\/\/www.pauljorion.com\/blog\/wp-content\/uploads\/Escales-3.png\"><img loading=\"lazy\" decoding=\"async\" class=\"alignleft size-full wp-image-63314\" alt=\"Escales 3\" src=\"http:\/\/www.pauljorion.com\/blog\/wp-content\/uploads\/Escales-3.png\" width=\"755\" height=\"400\" \/><\/a><\/p>\n<p><!--more-->A la\u00a0<a href=\"http:\/\/www.fermedubiereau.be\/\" target=\"_blank\">Ferme du Bi\u00e9reau<\/a>\u00a0(Grange &amp; Fenil), 42 avenue du Jardin Botanique \u00e0 1348 Louvain-la-Neuve<\/p>\n<p>C&rsquo;est gratuit, mais il faut <a href=\"http:\/\/www.escales.be\/Billeterie_a128.html\" target=\"_blank\">r\u00e9server ici<\/a>.<\/p>\n<p><a href=\"http:\/\/www.pauljorion.com\/blog\/wp-content\/uploads\/Ferme-du-Bi\u00e9reau.jpg\"><img loading=\"lazy\" decoding=\"async\" class=\"alignleft size-full wp-image-63317\" alt=\"Ferme du Bi\u00e9reau\" src=\"http:\/\/www.pauljorion.com\/blog\/wp-content\/uploads\/Ferme-du-Bi\u00e9reau.jpg\" width=\"610\" height=\"468\" \/><\/a><\/p>\n","protected":false},"excerpt":{"rendered":"<p>On m&rsquo;a dit \u00e0 mon arriv\u00e9e : \u00ab\u00a0Ne vous \u00e9tonnez pas si avec un temps aussi splendide, les gens ne viennent pas !\u00a0\u00bb Je n&rsquo;ai pas compris tout de suite et comme cela se voyait sans doute que je ne comprenais pas, on a ajout\u00e9 \u00e0 mon intention : \u00ab\u00a0Vous savez&#8230; les jardins&#8230;\u00a0\u00bb. L\u00e0 j&rsquo;ai [&hellip;]<\/p>\n","protected":false},"author":1,"featured_media":0,"comment_status":"closed","ping_status":"closed","sticky":false,"template":"","format":"standard","meta":{"footnotes":""},"categories":[24],"tags":[],"class_list":["post-63313","post","type-post","status-publish","format-standard","hentry","category-blog"],"_links":{"self":[{"href":"https:\/\/www.pauljorion.com\/blog\/wp-json\/wp\/v2\/posts\/63313","targetHints":{"allow":["GET"]}}],"collection":[{"href":"https:\/\/www.pauljorion.com\/blog\/wp-json\/wp\/v2\/posts"}],"about":[{"href":"https:\/\/www.pauljorion.com\/blog\/wp-json\/wp\/v2\/types\/post"}],"author":[{"embeddable":true,"href":"https:\/\/www.pauljorion.com\/blog\/wp-json\/wp\/v2\/users\/1"}],"replies":[{"embeddable":true,"href":"https:\/\/www.pauljorion.com\/blog\/wp-json\/wp\/v2\/comments?post=63313"}],"version-history":[{"count":14,"href":"https:\/\/www.pauljorion.com\/blog\/wp-json\/wp\/v2\/posts\/63313\/revisions"}],"predecessor-version":[{"id":63544,"href":"https:\/\/www.pauljorion.com\/blog\/wp-json\/wp\/v2\/posts\/63313\/revisions\/63544"}],"wp:attachment":[{"href":"https:\/\/www.pauljorion.com\/blog\/wp-json\/wp\/v2\/media?parent=63313"}],"wp:term":[{"taxonomy":"category","embeddable":true,"href":"https:\/\/www.pauljorion.com\/blog\/wp-json\/wp\/v2\/categories?post=63313"},{"taxonomy":"post_tag","embeddable":true,"href":"https:\/\/www.pauljorion.com\/blog\/wp-json\/wp\/v2\/tags?post=63313"}],"curies":[{"name":"wp","href":"https:\/\/api.w.org\/{rel}","templated":true}]}}