{"id":65556,"date":"2014-05-31T08:30:26","date_gmt":"2014-05-31T06:30:26","guid":{"rendered":"http:\/\/www.pauljorion.com\/blog\/?p=65556"},"modified":"2014-05-31T08:30:26","modified_gmt":"2014-05-31T06:30:26","slug":"lisez-lentretien-accorde-par-matteo-renzi-a-des-journaux-europeens","status":"publish","type":"post","link":"https:\/\/www.pauljorion.com\/blog\/2014\/05\/31\/lisez-lentretien-accorde-par-matteo-renzi-a-des-journaux-europeens\/","title":{"rendered":"<b>Lisez l&rsquo;entretien accord\u00e9 par Matteo Renzi \u00e0 des journaux europ\u00e9ens<\/b>"},"content":{"rendered":"<p>Lisez l&rsquo;entretien accord\u00e9 par Matteo Renzi \u00e0 des journaux europ\u00e9ens. <a href=\"http:\/\/www.lemonde.fr\/europeennes-2014\/article\/2014\/05\/31\/matteo-renzi-changer-l-italie-pour-changer-l-europe_4429574_4350146.html\" target=\"_blank\">Vous le trouverez ici<\/a>.<\/p>\n<p>Ignorez le fait que les correcteurs du Monde font apparemment le pont. Ignorez l&rsquo;agressivit\u00e9 tr\u00e8s peu professionnelle dont font preuve les journalistes qui l&rsquo;interrogent. Notez la mani\u00e8re dont il commence par reconstruire chacune des questions qu&rsquo;on lui pose pour en faire une question intelligente \u00e0 laquelle il peut ensuite r\u00e9pondre.<\/p>\n<p>Il y a l\u00e0 une confirmation de plus\u00a0que les partis politiques ne jouent plus aucun r\u00f4le en Europe aujourd&rsquo;hui : les \u00e9lecteurs vont \u00e0 la recherche de personnalit\u00e9s ayant quelque chose \u00e0 dire, lesquelles, parce qu&rsquo;elles sont tr\u00e8s rares, peuvent appara\u00eetre un peu n&rsquo;importe o\u00f9 sur l&rsquo;\u00e9chiquier politique traditionnel.<\/p>\n<p>Dans certains pays europ\u00e9ens les \u00e9lecteurs ont la chance que la personnalit\u00e9 qui \u00e9merge ainsi ait une vision de l&rsquo;avenir, dans d&rsquo;autres, malheureusement, ils sont beaucoup moins chanceux.<\/p>\n","protected":false},"excerpt":{"rendered":"<p>Lisez l&rsquo;entretien accord\u00e9 par Matteo Renzi \u00e0 des journaux europ\u00e9ens. <a href=\"http:\/\/www.lemonde.fr\/europeennes-2014\/article\/2014\/05\/31\/matteo-renzi-changer-l-italie-pour-changer-l-europe_4429574_4350146.html\" target=\"_blank\">Vous le trouverez ici<\/a>.<\/p>\n<p>Ignorez le fait que les correcteurs du Monde font apparemment le pont. Ignorez l&rsquo;agressivit\u00e9 tr\u00e8s peu professionnelle dont font preuve les journalistes qui l&rsquo;interrogent. Notez la mani\u00e8re dont il commence par reconstruire chacune des questions qu&rsquo;on lui pose pour [&hellip;]<\/p>\n","protected":false},"author":1,"featured_media":0,"comment_status":"closed","ping_status":"closed","sticky":false,"template":"","format":"standard","meta":{"footnotes":""},"categories":[17],"tags":[78,3459],"class_list":["post-65556","post","type-post","status-publish","format-standard","hentry","category-politique","tag-italie","tag-matteo-renzi"],"_links":{"self":[{"href":"https:\/\/www.pauljorion.com\/blog\/wp-json\/wp\/v2\/posts\/65556","targetHints":{"allow":["GET"]}}],"collection":[{"href":"https:\/\/www.pauljorion.com\/blog\/wp-json\/wp\/v2\/posts"}],"about":[{"href":"https:\/\/www.pauljorion.com\/blog\/wp-json\/wp\/v2\/types\/post"}],"author":[{"embeddable":true,"href":"https:\/\/www.pauljorion.com\/blog\/wp-json\/wp\/v2\/users\/1"}],"replies":[{"embeddable":true,"href":"https:\/\/www.pauljorion.com\/blog\/wp-json\/wp\/v2\/comments?post=65556"}],"version-history":[{"count":1,"href":"https:\/\/www.pauljorion.com\/blog\/wp-json\/wp\/v2\/posts\/65556\/revisions"}],"predecessor-version":[{"id":65557,"href":"https:\/\/www.pauljorion.com\/blog\/wp-json\/wp\/v2\/posts\/65556\/revisions\/65557"}],"wp:attachment":[{"href":"https:\/\/www.pauljorion.com\/blog\/wp-json\/wp\/v2\/media?parent=65556"}],"wp:term":[{"taxonomy":"category","embeddable":true,"href":"https:\/\/www.pauljorion.com\/blog\/wp-json\/wp\/v2\/categories?post=65556"},{"taxonomy":"post_tag","embeddable":true,"href":"https:\/\/www.pauljorion.com\/blog\/wp-json\/wp\/v2\/tags?post=65556"}],"curies":[{"name":"wp","href":"https:\/\/api.w.org\/{rel}","templated":true}]}}