{"id":66454,"date":"2014-06-26T19:28:38","date_gmt":"2014-06-26T17:28:38","guid":{"rendered":"http:\/\/www.pauljorion.com\/blog\/?p=66454"},"modified":"2014-06-26T20:26:28","modified_gmt":"2014-06-26T18:26:28","slug":"swisstainability-forum-le-rendez-vous-de-leconomie-et-de-la-durabilite-en-suisse-a-lausanne-les-5-et-6-juin-2014-2","status":"publish","type":"post","link":"https:\/\/www.pauljorion.com\/blog\/2014\/06\/26\/swisstainability-forum-le-rendez-vous-de-leconomie-et-de-la-durabilite-en-suisse-a-lausanne-les-5-et-6-juin-2014-2\/","title":{"rendered":"<b>SWISSTAINABILITY FORUM, Le rendez-vous de l&rsquo;\u00e9conomie et de la durabilit\u00e9 en Suisse<\/b>, \u00e0 Lausanne les 5 et 6 juin 2014"},"content":{"rendered":"<p>Mon compte-rendu de l&rsquo;\u00e9v\u00e9nement est <a href=\"http:\/\/www.pauljorion.com\/blog\/?p=65786\">ici<\/a>.<\/p>\n<p><a href=\"http:\/\/www.pauljorion.com\/blog\/wp-content\/uploads\/058.jpg\"><img loading=\"lazy\" decoding=\"async\" src=\"http:\/\/www.pauljorion.com\/blog\/wp-content\/uploads\/058.jpg\" alt=\"058\" width=\"650\" height=\"432\" class=\"aligncenter size-full wp-image-66469\" \/><\/a><br \/>\nAvec Corinne Lepage au premier plan<\/p>\n<p><a href=\"http:\/\/www.pauljorion.com\/blog\/wp-content\/uploads\/2161.jpg\"><img loading=\"lazy\" decoding=\"async\" src=\"http:\/\/www.pauljorion.com\/blog\/wp-content\/uploads\/2161.jpg\" alt=\"216\" width=\"650\" height=\"432\" class=\"aligncenter size-full wp-image-66457\" \/><\/a><br \/>\nLors de la table ronde avec Fran\u00e7ois Schaller et Jean Laville<\/p>\n","protected":false},"excerpt":{"rendered":"<p>Mon compte-rendu de l&rsquo;\u00e9v\u00e9nement est <a href=\"http:\/\/www.pauljorion.com\/blog\/?p=65786\">ici<\/a>.<\/p>\n<p><a href=\"http:\/\/www.pauljorion.com\/blog\/wp-content\/uploads\/058.jpg\"><img loading=\"lazy\" decoding=\"async\" src=\"http:\/\/www.pauljorion.com\/blog\/wp-content\/uploads\/058.jpg\" alt=\"058\" width=\"650\" height=\"432\" class=\"aligncenter size-full wp-image-66469\" \/><\/a><br \/> Avec Corinne Lepage au premier plan<\/p>\n<p><a href=\"http:\/\/www.pauljorion.com\/blog\/wp-content\/uploads\/2161.jpg\"><img loading=\"lazy\" decoding=\"async\" src=\"http:\/\/www.pauljorion.com\/blog\/wp-content\/uploads\/2161.jpg\" alt=\"216\" width=\"650\" height=\"432\" class=\"aligncenter size-full wp-image-66457\" \/><\/a><br \/> Lors de la table ronde avec Fran\u00e7ois Schaller et Jean Laville<\/p>\n","protected":false},"author":1,"featured_media":0,"comment_status":"closed","ping_status":"closed","sticky":false,"template":"","format":"standard","meta":{"footnotes":""},"categories":[22,1],"tags":[93,452],"class_list":["post-66454","post","type-post","status-publish","format-standard","hentry","category-ecologie","category-economie","tag-developpement-durable","tag-suisse"],"_links":{"self":[{"href":"https:\/\/www.pauljorion.com\/blog\/wp-json\/wp\/v2\/posts\/66454","targetHints":{"allow":["GET"]}}],"collection":[{"href":"https:\/\/www.pauljorion.com\/blog\/wp-json\/wp\/v2\/posts"}],"about":[{"href":"https:\/\/www.pauljorion.com\/blog\/wp-json\/wp\/v2\/types\/post"}],"author":[{"embeddable":true,"href":"https:\/\/www.pauljorion.com\/blog\/wp-json\/wp\/v2\/users\/1"}],"replies":[{"embeddable":true,"href":"https:\/\/www.pauljorion.com\/blog\/wp-json\/wp\/v2\/comments?post=66454"}],"version-history":[{"count":7,"href":"https:\/\/www.pauljorion.com\/blog\/wp-json\/wp\/v2\/posts\/66454\/revisions"}],"predecessor-version":[{"id":66470,"href":"https:\/\/www.pauljorion.com\/blog\/wp-json\/wp\/v2\/posts\/66454\/revisions\/66470"}],"wp:attachment":[{"href":"https:\/\/www.pauljorion.com\/blog\/wp-json\/wp\/v2\/media?parent=66454"}],"wp:term":[{"taxonomy":"category","embeddable":true,"href":"https:\/\/www.pauljorion.com\/blog\/wp-json\/wp\/v2\/categories?post=66454"},{"taxonomy":"post_tag","embeddable":true,"href":"https:\/\/www.pauljorion.com\/blog\/wp-json\/wp\/v2\/tags?post=66454"}],"curies":[{"name":"wp","href":"https:\/\/api.w.org\/{rel}","templated":true}]}}