{"id":67189,"date":"2014-07-22T19:22:55","date_gmt":"2014-07-22T17:22:55","guid":{"rendered":"http:\/\/www.pauljorion.com\/blog\/?p=67189"},"modified":"2014-07-22T19:37:31","modified_gmt":"2014-07-22T17:37:31","slug":"espirito-santo-les-mecanismes-du-demantelement-se-mettent-en-place-par-francois-leclerc-2","status":"publish","type":"post","link":"https:\/\/www.pauljorion.com\/blog\/2014\/07\/22\/espirito-santo-les-mecanismes-du-demantelement-se-mettent-en-place-par-francois-leclerc-2\/","title":{"rendered":"<i>Espirito Santo<\/i> : <b>LES M\u00c9CANISMES DU D\u00c9MANT\u00c8LEMENT SE METTENT EN PLACE<\/b>, par Fran\u00e7ois Leclerc"},"content":{"rendered":"<blockquote><p>Billet invit\u00e9.<\/p><\/blockquote>\n<p>La chute du groupe Espirito Santo va se poursuivre des mois durant avec plus de discr\u00e9tion. Espirito Santo International, la holding au sommet du groupe est officiellement plac\u00e9e en redressement judiciaire, en attendant que Rioforte prenne comme probable, le m\u00eame chemin. Mais parmi les derniers \u00e9pisodes intervenus, on a appris que des actionnaires de Portugal Telecom &#8211; qui n\u2019a pas \u00e9t\u00e9 rembours\u00e9 d\u2019un pr\u00eat d\u2019un milliard d\u2019euros \u00e0 l\u2019une des holdings du groupe, Rioforte &#8211; allaient intenter une action en justice contre sa commission ex\u00e9cutive qui l\u2019avait accord\u00e9. Afin de d\u00e9samorcer d\u2019autres actions ult\u00e9rieures, la Banque Espirito Santo (BES) a annonc\u00e9 de son c\u00f4t\u00e9 qu\u2019elle garantissait ses clients priv\u00e9s du remboursement des titres d\u2019Espirito Santo International et de Rioforte qu\u2019elle leur a vendus, pour un montant total de 853 millions d\u2019euros (pas les investisseurs institutionnels, qui en ont achet\u00e9 pour deux milliards d\u2019euros). Enfin, le groupe a sans attendre vendu la majeure partie de sa banque priv\u00e9e BPES op\u00e9rant en Suisse \u00e0 la banque CBH, dont l\u2019actionnaire est la holding Espirito Santo Financial Group (ESFG), \u00e9galement actionnaire de la BES.<\/p>\n<p><!--more--><\/p>\n<p>Cette derni\u00e8re continue de faire l\u2019objet de toutes les attentions. Elle rendra publics ses r\u00e9sultats du 1<sup>er<\/sup> semestre de cette ann\u00e9e le 30 juillet, comprenant des provisions pour pertes qui seront examin\u00e9es de pr\u00e8s. La derni\u00e8re estimation rendue publique provient de la banque am\u00e9ricaine Citi, qui les chiffre entre 1,9 et 4,3 milliards d\u2019euros, la banque d\u00e9clarant disposer d\u2019un matelas de capital de 2,1 milliards d\u2019euros, ce qui ne permettrait de couvrir que le bas de la fourchette. Les pertes provenant de la filiale angolaise de la BES font la diff\u00e9rence. Le vice-premier ministre portugais a eu aujourd\u2019hui des conversations \u00e0 Luanda avec le pr\u00e9sident angolais portant sur l\u2019ensemble du groupe Espirito Santo, dans lequel des investisseurs angolais sont pr\u00e9sents dans diff\u00e9rentes structures. Mais rien n\u2019a filtr\u00e9 si ce n\u2019est que les r\u00e9gulateurs des deux pays allaient \u00ab travailler conjointement \u00bb, ce qui signifie qu\u2019un canal sp\u00e9cifique a \u00e9t\u00e9 ouvert pour discuter de la suite. Un \u00ab package \u00bb incluant la filiale de la BES serait-il en question ?<\/p>\n<p>Une recapitalisation est activement recherch\u00e9e afin de ne pas entrer dans une logique de sauvetage qui impliquerait non seulement la participation des actionnaires et des cr\u00e9anciers juniors, mais aussi l\u2019intervention de l\u2019\u00c9tat qui dispose encore de fonds europ\u00e9ens destin\u00e9s \u00e0 aider les banques dans le cadre de son propre <i>plan de sauvetage<\/i>. Apr\u00e8s la banque espagnole Santander, le nom de la banque br\u00e9silienne Bradesco est \u00e9voqu\u00e9, ainsi que celui de BBVA, \u00e9galement espagnole. Un apport sera en tout \u00e9tat de cause n\u00e9cessaire pour renforcer le ratio de fonds propres de la banque, pour ne pas avoir \u00e0 solliciter l\u2019\u00c9tat. La nouvelle direction de la banque s\u2019est entour\u00e9e afin de l\u2019assister de la Deutsche Bank.<\/p>\n","protected":false},"excerpt":{"rendered":"<blockquote>\n<p>Billet invit\u00e9.<\/p>\n<\/blockquote>\n<p>La chute du groupe Espirito Santo va se poursuivre des mois durant avec plus de discr\u00e9tion. Espirito Santo International, la holding au sommet du groupe est officiellement plac\u00e9e en redressement judiciaire, en attendant que Rioforte prenne comme probable, le m\u00eame chemin. Mais parmi les derniers \u00e9pisodes intervenus, on a appris que des actionnaires [&hellip;]<\/p>\n","protected":false},"author":37,"featured_media":0,"comment_status":"closed","ping_status":"closed","sticky":false,"template":"","format":"standard","meta":{"footnotes":""},"categories":[204,307],"tags":[3591],"class_list":["post-67189","post","type-post","status-publish","format-standard","hentry","category-europe","category-finance","tag-espirito-santo"],"_links":{"self":[{"href":"https:\/\/www.pauljorion.com\/blog\/wp-json\/wp\/v2\/posts\/67189","targetHints":{"allow":["GET"]}}],"collection":[{"href":"https:\/\/www.pauljorion.com\/blog\/wp-json\/wp\/v2\/posts"}],"about":[{"href":"https:\/\/www.pauljorion.com\/blog\/wp-json\/wp\/v2\/types\/post"}],"author":[{"embeddable":true,"href":"https:\/\/www.pauljorion.com\/blog\/wp-json\/wp\/v2\/users\/37"}],"replies":[{"embeddable":true,"href":"https:\/\/www.pauljorion.com\/blog\/wp-json\/wp\/v2\/comments?post=67189"}],"version-history":[{"count":3,"href":"https:\/\/www.pauljorion.com\/blog\/wp-json\/wp\/v2\/posts\/67189\/revisions"}],"predecessor-version":[{"id":67193,"href":"https:\/\/www.pauljorion.com\/blog\/wp-json\/wp\/v2\/posts\/67189\/revisions\/67193"}],"wp:attachment":[{"href":"https:\/\/www.pauljorion.com\/blog\/wp-json\/wp\/v2\/media?parent=67189"}],"wp:term":[{"taxonomy":"category","embeddable":true,"href":"https:\/\/www.pauljorion.com\/blog\/wp-json\/wp\/v2\/categories?post=67189"},{"taxonomy":"post_tag","embeddable":true,"href":"https:\/\/www.pauljorion.com\/blog\/wp-json\/wp\/v2\/tags?post=67189"}],"curies":[{"name":"wp","href":"https:\/\/api.w.org\/{rel}","templated":true}]}}