{"id":68126,"date":"2014-08-17T22:04:18","date_gmt":"2014-08-17T20:04:18","guid":{"rendered":"http:\/\/www.pauljorion.com\/blog\/?p=68126"},"modified":"2014-08-18T10:53:19","modified_gmt":"2014-08-18T08:53:19","slug":"un-message-de-anne-sophie-gentil-responsable-presse-de-credit-agricole-sa","status":"publish","type":"post","link":"https:\/\/www.pauljorion.com\/blog\/2014\/08\/17\/un-message-de-anne-sophie-gentil-responsable-presse-de-credit-agricole-sa\/","title":{"rendered":"<b>Un message de Anne-Sophie Gentil, Responsable Presse de Cr\u00e9dit Agricole SA<\/b>"},"content":{"rendered":"<blockquote><p>J\u2019ai re\u00e7u ce soir \u00e0 21h50, le message suivant relatif au billet de Fran\u00e7ois Leclerc intitul\u00e9 : <a title=\"Lire Espirito Santo : UN ADMINISTRATEUR DU CR\u00c9DIT AGRICOLE S\u2019EST-IL COINC\u00c9 LES DOIGTS DANS LA PORTE\u00a0? par Fran\u00e7ois Leclerc\" href=\"http:\/\/www.pauljorion.com\/blog\/?p=68071\" rel=\"bookmark\"><i>Espirito Santo<\/i>\u00a0:\u00a0<b>UN ADMINISTRATEUR DU CR\u00c9DIT AGRICOLE S\u2019EST-IL COINC\u00c9 LES DOIGTS DANS LA PORTE\u00a0?<\/b> et publi\u00e9 ici hier, le 16 ao\u00fbt.<\/a><\/p><\/blockquote>\n<p>Bonsoir Monsieur,<\/p>\n<p>Concernant le billet de Fran\u00e7ois Leclerc, j&rsquo;aimerais rectifier plusieurs \u00e9l\u00e9ments :<\/p>\n<p>&#8211;\u00a0\u00a0\u00a0\u00a0\u00a0\u00a0\u00a0 Xavier Musca n&rsquo;a jamais d\u00e9tenu de titres du BES en direct, ou indirectement, comme le pr\u00e9cise d&rsquo;ailleurs le communiqu\u00e9 mis en ligne par la CMVM le 15 juillet dernier que je peux vous adresser si vous le souhaitez et que vous trouverez sur leur site.<\/p>\n<p>&#8211;\u00a0\u00a0\u00a0\u00a0\u00a0\u00a0\u00a0 C&rsquo;est Cr\u00e9dit Agricole SA qui a c\u00e9d\u00e9 des titres dans le cadre de l&rsquo;augmentation de capital du BES en mai dernier, pas du tout Xavier Musca.<\/p>\n<p>&#8211;\u00a0\u00a0\u00a0\u00a0\u00a0\u00a0\u00a0 Enfin, le retard de d\u00e9claration avec la CMVM est d\u00fb \u00e0 un probl\u00e8me technique de transmission du communiqu\u00e9 de Cr\u00e9dit Agricole SA. Le probl\u00e8me a \u00e9t\u00e9 r\u00e9gl\u00e9 depuis.<\/p>\n<p>Je vous souhaite une bonne soir\u00e9e.<\/p>\n<p>Anne-Sophie Gentil<br \/>\nResponsable Presse de Cr\u00e9dit Agricole SA<\/p>\n<p>[<u>Fran\u00e7ois Leclerc<\/u> : Je prends acte du d\u00e9menti d\u2019Anne Sophie Gentil du Cr\u00e9dit agricole \u00e0 l\u2019article du journal portugais \u00ab i \u00bb dont j\u2019ai fait \u00e9tat et repris les informations, en y ajoutant qu&rsquo;elles demandaient confirmation. Les op\u00e9rations de vente de titres de la BES de Xavier Musca \u00e9taient donc r\u00e9alis\u00e9es au nom du Cr\u00e9dit agricole. J\u2019enregistre \u00e9galement que la transmission \u00e0 la CMCV des quatre transactions en question a connu un retard pour des raisons techniques de transmission, qui ont mis plus de six semaines \u00e0 \u00eatre r\u00e9solues.]<\/p>\n","protected":false},"excerpt":{"rendered":"<blockquote>\n<p>J\u2019ai re\u00e7u ce soir \u00e0 21h50, le message suivant relatif au billet de Fran\u00e7ois Leclerc intitul\u00e9 : <a title=\"Lire Espirito Santo : UN ADMINISTRATEUR DU CR\u00c9DIT AGRICOLE S\u2019EST-IL COINC\u00c9 LES DOIGTS DANS LA PORTE\u00a0? par Fran\u00e7ois Leclerc\" href=\"http:\/\/www.pauljorion.com\/blog\/?p=68071\" rel=\"bookmark\"><i>Espirito Santo<\/i>\u00a0:\u00a0<b>UN ADMINISTRATEUR DU CR\u00c9DIT AGRICOLE S\u2019EST-IL COINC\u00c9 LES DOIGTS DANS LA PORTE\u00a0?<\/b> et publi\u00e9 ici hier, [&hellip;]<\/a><\/p>\n<\/blockquote>\n","protected":false},"author":1,"featured_media":0,"comment_status":"closed","ping_status":"closed","sticky":false,"template":"","format":"standard","meta":{"footnotes":""},"categories":[307],"tags":[3723,3724],"class_list":["post-68126","post","type-post","status-publish","format-standard","hentry","category-finance","tag-credit-agricole","tag-xavier-musca"],"_links":{"self":[{"href":"https:\/\/www.pauljorion.com\/blog\/wp-json\/wp\/v2\/posts\/68126","targetHints":{"allow":["GET"]}}],"collection":[{"href":"https:\/\/www.pauljorion.com\/blog\/wp-json\/wp\/v2\/posts"}],"about":[{"href":"https:\/\/www.pauljorion.com\/blog\/wp-json\/wp\/v2\/types\/post"}],"author":[{"embeddable":true,"href":"https:\/\/www.pauljorion.com\/blog\/wp-json\/wp\/v2\/users\/1"}],"replies":[{"embeddable":true,"href":"https:\/\/www.pauljorion.com\/blog\/wp-json\/wp\/v2\/comments?post=68126"}],"version-history":[{"count":4,"href":"https:\/\/www.pauljorion.com\/blog\/wp-json\/wp\/v2\/posts\/68126\/revisions"}],"predecessor-version":[{"id":68154,"href":"https:\/\/www.pauljorion.com\/blog\/wp-json\/wp\/v2\/posts\/68126\/revisions\/68154"}],"wp:attachment":[{"href":"https:\/\/www.pauljorion.com\/blog\/wp-json\/wp\/v2\/media?parent=68126"}],"wp:term":[{"taxonomy":"category","embeddable":true,"href":"https:\/\/www.pauljorion.com\/blog\/wp-json\/wp\/v2\/categories?post=68126"},{"taxonomy":"post_tag","embeddable":true,"href":"https:\/\/www.pauljorion.com\/blog\/wp-json\/wp\/v2\/tags?post=68126"}],"curies":[{"name":"wp","href":"https:\/\/api.w.org\/{rel}","templated":true}]}}