{"id":69711,"date":"2014-10-07T13:55:42","date_gmt":"2014-10-07T11:55:42","guid":{"rendered":"http:\/\/www.pauljorion.com\/blog\/?p=69711"},"modified":"2014-10-07T19:05:58","modified_gmt":"2014-10-07T17:05:58","slug":"compte-a-rebours-du-sommet-des-23-et-24-octobre-par-francois-leclerc","status":"publish","type":"post","link":"https:\/\/www.pauljorion.com\/blog\/2014\/10\/07\/compte-a-rebours-du-sommet-des-23-et-24-octobre-par-francois-leclerc\/","title":{"rendered":"<b>COMPTE \u00c0 REBOURS DU SOMMET DES 23 ET 24 OCTOBRE<\/b>, par Fran\u00e7ois Leclerc"},"content":{"rendered":"<blockquote><p>Billet invit\u00e9.<\/p><\/blockquote>\n<p>Jour apr\u00e8s jour, les nouvelles tombent et vont dans le m\u00eame sens :, celui de la d\u00e9t\u00e9rioration de la situation en Europe. Selon l\u2019Office f\u00e9d\u00e9ral de statistiques, la production industrielle allemande enregistre une chute de 5,7% en ao\u00fbt, et il est difficile de la r\u00e9sumer au contrecoup de la forte progression de juillet dernier afin de ne pas y voir un signe de faiblesse n\u2019ayant rien de conjoncturel. La croissance s\u2019\u00e9tait d\u00e9j\u00e0 contract\u00e9e en Allemagne au second trimestre, va-t-il en \u00eatre de m\u00eame au troisi\u00e8me, ce qui signifierait techniquement une r\u00e9cession ? La baisse enregistr\u00e9e est principalement \u00e0 attribuer aux exportations, en premier lieu en-dehors de la zone euro (l\u00e0 o\u00f9 sont plac\u00e9s tous les espoirs), mais le ralentissement des exportations est g\u00e9n\u00e9ral, au sein de la zone comme vers les pays de l\u2019Est europ\u00e9en et les pays <i>\u00e9mergents<\/i>. Le mod\u00e8le du salut par l\u2019exportation n\u2019en sort pas confirm\u00e9.<\/p>\n<p>Pour la zone euro, les pr\u00e9visions d\u2019inflation \u00e0 cinq ans continuent de diminuer, tandis que celles \u00e0 deux ans le font encore plus fortement. Elles s\u2019\u00e9tablissent \u00e0 1,094% aujourd\u2019hui, pour un objectif d\u2019inflation de la BCE \u00ab\u00a0proche de 2%\u00a0\u00bb, rappelons-le. L\u2019Istat, l\u2019institut italien de statistiques, ne d\u00e9c\u00e8le aucune am\u00e9lioration \u00e0 ce sujet \u00e0 l\u2019horizon qui est le sien. Il pr\u00e9voit par ailleurs une progression du PIB de la zone euro de 0,2% aussi bien au 3\u00e8me que 4\u00e8me trimestre, et de 0,3% au premier trimestre de l\u2019ann\u00e9e prochaine (et il s\u2019agit de moyennes !). Cette tr\u00e8s faible croissance profiterait avant tout de l\u2019effet d\u2019entrainement des nouvelles liquidit\u00e9s d\u00e9vers\u00e9es par la BCE, selon l\u2019institut. <!--more--><\/p>\n<p>Un concours est lanc\u00e9 : quel sera le dernier acte de la Commission Barroso, qui va devoir d\u00e9cider du sort de pr\u00e9visions budg\u00e9taires fran\u00e7aises et italiennes qui contreviennnt aux r\u00e8gles ? A moins que le dossier ne soit tout simplement refil\u00e9 \u00e0 la nouvelle Commission pr\u00e9sid\u00e9e par Jean-Claude Juncker, qui doit prendre ses fonctions au 1er novembre ? D\u00e9j\u00e0, des voix s\u2019\u00e9l\u00e8vent pour d\u00e9plorer la mansu\u00e9tude qui s\u2019annoncerait, et qu\u2019il soit d\u00e9cid\u00e9 de faire deux poids, deux mesures, au vu de ce qui a \u00e9t\u00e9 inflig\u00e9 aux \u00ab\u00a0petits pays\u00a0\u00bb europ\u00e9ens et dont les autres seraient pr\u00e9munis.<\/p>\n<p>Les deux cas de la France et de l\u2019Italie sont cependant \u00e0 dissocier, la premi\u00e8re ne respectant pas le seuil du maximum de 3% du PIB de d\u00e9ficit budg\u00e9taire, et l\u2019Italie n\u2019\u00e9tant pas sous une proc\u00e9dure pour d\u00e9ficit excessif mais contrevenant \u00e0 la r\u00e8gle de diminution progressive sur 20 ans de l\u2019endettement. Mais la Commission pourra difficilement faire moins que de rejeter les projets de budget qui lui seront soumis au plus tard le 15 octobre : il n\u2019y a pas de \u00ab\u00a0circonstances exceptionnelles\u00a0\u00bb d\u00e9rogatoires possible, faute de r\u00e9cession enregistr\u00e9e, et les budgets seront probablement renvoy\u00e9s pour r\u00e9vision. <\/p>\n<p>Si cela se confirmait, la nouvelle Commission \u00e9tant en place, le quotidien Frankfurter Allgemeine Zeitung \u00e9voque la volont\u00e9 de son pr\u00e9sident de ne pas suivre la proc\u00e9dure formelle &#8211; permettant d\u2019infliger des amendes &#8211; mais de trouver des contreparties sous forme de concessions \u00e0 propos de son projet de programme d\u2019investissement sur lequel il a assis sa candidature. C\u2019est tout du moins la voie que les dirigeants fran\u00e7ais l\u2019esp\u00e8rent voir suivre, ce qui ne les dispensera pas, ainsi que les Italiens, \u00e0 passer de nouveaux coups de rabot au <i>mod\u00e8le social<\/i>, bien qu\u2019ils lui proclament leur attachement ind\u00e9fectible. <\/p>\n<p>Jusqu\u2019\u00e0 quand sera-t-il possible de sauver les apparences et de gagner un temps de plus en plus compt\u00e9 ? <\/p>\n","protected":false},"excerpt":{"rendered":"<blockquote>\n<p>Billet invit\u00e9.<\/p>\n<\/blockquote>\n<p>Jour apr\u00e8s jour, les nouvelles tombent et vont dans le m\u00eame sens :, celui de la d\u00e9t\u00e9rioration de la situation en Europe. Selon l\u2019Office f\u00e9d\u00e9ral de statistiques, la production industrielle allemande enregistre une chute de 5,7% en ao\u00fbt, et il est difficile de la r\u00e9sumer au contrecoup de la forte progression de juillet [&hellip;]<\/p>\n","protected":false},"author":37,"featured_media":0,"comment_status":"closed","ping_status":"closed","sticky":false,"template":"","format":"standard","meta":{"footnotes":""},"categories":[1,204,307],"tags":[94,96,457,41,224,311,78,1386],"class_list":["post-69711","post","type-post","status-publish","format-standard","hentry","category-economie","category-europe","category-finance","tag-allemagne","tag-croissance","tag-deficit","tag-deflation","tag-dette","tag-france","tag-italie","tag-jean-claude-juncker"],"_links":{"self":[{"href":"https:\/\/www.pauljorion.com\/blog\/wp-json\/wp\/v2\/posts\/69711","targetHints":{"allow":["GET"]}}],"collection":[{"href":"https:\/\/www.pauljorion.com\/blog\/wp-json\/wp\/v2\/posts"}],"about":[{"href":"https:\/\/www.pauljorion.com\/blog\/wp-json\/wp\/v2\/types\/post"}],"author":[{"embeddable":true,"href":"https:\/\/www.pauljorion.com\/blog\/wp-json\/wp\/v2\/users\/37"}],"replies":[{"embeddable":true,"href":"https:\/\/www.pauljorion.com\/blog\/wp-json\/wp\/v2\/comments?post=69711"}],"version-history":[{"count":3,"href":"https:\/\/www.pauljorion.com\/blog\/wp-json\/wp\/v2\/posts\/69711\/revisions"}],"predecessor-version":[{"id":69739,"href":"https:\/\/www.pauljorion.com\/blog\/wp-json\/wp\/v2\/posts\/69711\/revisions\/69739"}],"wp:attachment":[{"href":"https:\/\/www.pauljorion.com\/blog\/wp-json\/wp\/v2\/media?parent=69711"}],"wp:term":[{"taxonomy":"category","embeddable":true,"href":"https:\/\/www.pauljorion.com\/blog\/wp-json\/wp\/v2\/categories?post=69711"},{"taxonomy":"post_tag","embeddable":true,"href":"https:\/\/www.pauljorion.com\/blog\/wp-json\/wp\/v2\/tags?post=69711"}],"curies":[{"name":"wp","href":"https:\/\/api.w.org\/{rel}","templated":true}]}}