{"id":70428,"date":"2014-10-31T18:00:46","date_gmt":"2014-10-31T17:00:46","guid":{"rendered":"http:\/\/www.pauljorion.com\/blog\/?p=70428"},"modified":"2014-10-31T18:06:49","modified_gmt":"2014-10-31T17:06:49","slug":"france-24-la-semaine-de-leco-paul-jorion-en-duplex-de-bruxelles-le-vendredi-31-octobre-de-15h15-a-16h","status":"publish","type":"post","link":"https:\/\/www.pauljorion.com\/blog\/2014\/10\/31\/france-24-la-semaine-de-leco-paul-jorion-en-duplex-de-bruxelles-le-vendredi-31-octobre-de-15h15-a-16h\/","title":{"rendered":"<b>France 24 : La semaine de l&rsquo;\u00e9co, Paul Jorion en duplex de Bruxelles<\/b>, le vendredi 31 octobre de 15h15 \u00e0 16h"},"content":{"rendered":"<p>L&rsquo;\u00e9mission de St\u00e9phanie Antoine <a href=\"http:\/\/www.france24.com\/fr\/emissions\/semaine-eco\/\" target=\"_blank\">\u00ab\u00a0La semaine de l&rsquo;\u00e9cho\u00a0\u00bb<\/a> sur France 24. <\/p>\n<p>J&rsquo;ai un peu eu l&rsquo;impression de mon c\u00f4t\u00e9 d&rsquo;entendre dans ce que disent certains autres intervenants les communications du minist\u00e8re de la propagande. J&rsquo;esp\u00e8re faire penser quant \u00e0 moi au petit gar\u00e7on qui voit passer l&#8217;empereur victime d&rsquo;un courtisan trop flatteur.<\/p>\n<p><iframe loading=\"lazy\" width=\"610\" height=\"345\" src=\"\/\/www.youtube.com\/embed\/6yOSE_ZBFJM\" frameborder=\"0\" allowfullscreen><\/iframe><\/p>\n<p><iframe loading=\"lazy\" width=\"610\" height=\"340\" src=\"\/\/www.youtube.com\/embed\/23-MsMx6N5I\" frameborder=\"0\" allowfullscreen><\/iframe><\/p>\n","protected":false},"excerpt":{"rendered":"<p>L&rsquo;\u00e9mission de St\u00e9phanie Antoine <a href=\"http:\/\/www.france24.com\/fr\/emissions\/semaine-eco\/\" target=\"_blank\">\u00ab\u00a0La semaine de l&rsquo;\u00e9cho\u00a0\u00bb<\/a> sur France 24. <\/p>\n<p>J&rsquo;ai un peu eu l&rsquo;impression de mon c\u00f4t\u00e9 d&rsquo;entendre dans ce que disent certains autres intervenants les communications du minist\u00e8re de la propagande. J&rsquo;esp\u00e8re faire penser quant \u00e0 moi au petit gar\u00e7on qui voit passer l&#8217;empereur victime d&rsquo;un courtisan trop flatteur.<\/p>\n<p> [&hellip;]<\/p>\n","protected":false},"author":1,"featured_media":0,"comment_status":"closed","ping_status":"closed","sticky":false,"template":"","format":"standard","meta":{"footnotes":""},"categories":[1],"tags":[553,79,671,3925],"class_list":["post-70428","post","type-post","status-publish","format-standard","hentry","category-economie","tag-austerite","tag-chomage","tag-stress-tests","tag-taxation-des-dividendes"],"_links":{"self":[{"href":"https:\/\/www.pauljorion.com\/blog\/wp-json\/wp\/v2\/posts\/70428","targetHints":{"allow":["GET"]}}],"collection":[{"href":"https:\/\/www.pauljorion.com\/blog\/wp-json\/wp\/v2\/posts"}],"about":[{"href":"https:\/\/www.pauljorion.com\/blog\/wp-json\/wp\/v2\/types\/post"}],"author":[{"embeddable":true,"href":"https:\/\/www.pauljorion.com\/blog\/wp-json\/wp\/v2\/users\/1"}],"replies":[{"embeddable":true,"href":"https:\/\/www.pauljorion.com\/blog\/wp-json\/wp\/v2\/comments?post=70428"}],"version-history":[{"count":6,"href":"https:\/\/www.pauljorion.com\/blog\/wp-json\/wp\/v2\/posts\/70428\/revisions"}],"predecessor-version":[{"id":70477,"href":"https:\/\/www.pauljorion.com\/blog\/wp-json\/wp\/v2\/posts\/70428\/revisions\/70477"}],"wp:attachment":[{"href":"https:\/\/www.pauljorion.com\/blog\/wp-json\/wp\/v2\/media?parent=70428"}],"wp:term":[{"taxonomy":"category","embeddable":true,"href":"https:\/\/www.pauljorion.com\/blog\/wp-json\/wp\/v2\/categories?post=70428"},{"taxonomy":"post_tag","embeddable":true,"href":"https:\/\/www.pauljorion.com\/blog\/wp-json\/wp\/v2\/tags?post=70428"}],"curies":[{"name":"wp","href":"https:\/\/api.w.org\/{rel}","templated":true}]}}