{"id":71021,"date":"2014-11-22T22:44:48","date_gmt":"2014-11-22T21:44:48","guid":{"rendered":"http:\/\/www.pauljorion.com\/blog\/?p=71021"},"modified":"2014-11-22T22:44:48","modified_gmt":"2014-11-22T21:44:48","slug":"un-soir-de-greve-sauvage-par-un-belge","status":"publish","type":"post","link":"https:\/\/www.pauljorion.com\/blog\/2014\/11\/22\/un-soir-de-greve-sauvage-par-un-belge\/","title":{"rendered":"<b>Un soir de gr\u00e8ve sauvage<\/b>, par Un Belge"},"content":{"rendered":"<blockquote><p>Billet invit\u00e9.<\/p><\/blockquote>\n<p>Ce vendredi en d\u00e9but de soir\u00e9e, dans la bonne ville de Li\u00e8ge (Belgique), les conducteurs de bus ont subitement d\u00e9cr\u00e9t\u00e9 un arr\u00eat de travail, prenant au d\u00e9pourvu de nombreuses personnes, dont moi-m\u00eame, bien marri \u00e0 l\u2019id\u00e9e de devoir rentrer chez moi \u00e0 pied ou au prix d\u2019un taxi. Personne ne semblait inform\u00e9 des raisons de cette (nouvelle) gr\u00e8ve sauvage et beaucoup d\u00e9ploraient ce genre d\u2019action, men\u00e9e sans pr\u00e9avis ni explication.<\/p>\n<p>De commentaires mesur\u00e9s (\u201cCes gr\u00e8ves sauvages sont contreproductives et finissent par dresser les usagers contre les conducteurs\u201d), en prises de positions plus tranch\u00e9es\u00a0 (\u201cFont ch\u2026 tous ces c\u2026. ! \u2018Pourraient pr\u00e9venir!\u201d), la tendance \u00e9tait clairement \u00e0 la condamnation de l\u2019action en cours. Pendant ce temps, les conducteurs de bus, rentr\u00e9s au d\u00e9p\u00f4t, tenaient une r\u00e9union de crise. Que s\u2019\u00e9tait-il pass\u00e9 ?<\/p>\n<p><!--more--><\/p>\n<p>Revenant chez moi en covoiturage puis \u00e0 pied, j\u2019ai crois\u00e9 un conducteur de bus sortant de son d\u00e9p\u00f4t. Nous avons bavard\u00e9. Un de ses coll\u00e8gues avait \u00e9t\u00e9 agress\u00e9 et menac\u00e9 d\u2019une arme \u00e0 feu par un automobiliste contrari\u00e9 : c\u2019\u00e9tait l\u2019origine de la<a href=\"http:\/\/www.rtbf.be\/info\/regions\/detail_la-greve-sauvage-entamee-vendredi-soir-partiellement-maintenue-au-tec-liege-verviers?id=8428648\" rel=\"nofollow\">gr\u00e8ve<\/a>, appel\u00e9e \u00e0 durer. Le personnel, me dit-il, n\u2019en peut plus de l\u2019attitude de la direction.<\/p>\n<p>&#8211;\u00a0\u00a0\u00a0\u00a0\u00a0\u00a0 On aimerait au moins \u00eatre compris. Mais ils ne veulent rien entendre. Ils sont dans leurs bureaux, ils ne veulent pas savoir ce qui se passe sur le terrain.<\/p>\n<p>&#8211;\u00a0\u00a0\u00a0\u00a0\u00a0\u00a0 \u00catre compris \u00e0 propos de quoi ?<\/p>\n<p>&#8211;\u00a0\u00a0\u00a0\u00a0\u00a0\u00a0 \u00c0 propos de ce que \u00e7a repr\u00e9sente, ce genre d\u2019agression. Ils minimisent toujours ce qui s\u2019est pass\u00e9 et font pression sur les conducteurs agress\u00e9s pour qu\u2019ils reprennent le travail le plus vite possible. Ils contestent le besoin d\u2019un suivi psychologique. Il faut m\u00eame parfois se battre pour que \u00e7a soit reconnu comme un accident de travail.<\/p>\n<p>&#8211;\u00a0\u00a0\u00a0\u00a0\u00a0\u00a0 Vous voulez dire qu\u2019un conducteur agress\u00e9 devrait presque reprendre son service imm\u00e9diatement, comme si rien ne s\u2019\u00e9tait pass\u00e9?<\/p>\n<p>&#8211;\u00a0\u00a0\u00a0\u00a0\u00a0\u00a0 A la limite, oui!<\/p>\n<p>Un peu plus t\u00f4t dans la soir\u00e9e, alors que je cherchais un moyen de rentrer chez moi, il m\u2019a \u00e9t\u00e9 demand\u00e9 ce que je pensais, moi, de cette gr\u00e8ve sauvage. En substance, j\u2019ai r\u00e9pondu ceci : <i>Il n\u2019est tout simplement pas juste que l\u2019 \u201cusager\u201d s\u2019attende \u00e0 \u00eatre \u00e9pargn\u00e9 par les d\u00e9r\u00e8glements de ce monde. L\u2019exigence du \u201cclient\u201d de ne pas \u00eatre perturb\u00e9 dans son quotidien, alors m\u00eame que les conditions de vie et de travail du plus grand nombre se d\u00e9gradent de mani\u00e8re continue, \u2013 cette exigence est hypocrite et ill\u00e9gitime.<\/i><\/p>\n<p>Cette r\u00e9ponse m\u2019a moi-m\u00eame surpris. Je me suis aper\u00e7u que ma perception du monde avait chang\u00e9. Elle s\u2019appuie d\u00e9sormais sur une s\u00e9rie de certitudes, que confirme le t\u00e9moignage du conducteur :<\/p>\n<p>1) A politique \u00e9gale, du fait de la d\u00e9gradation des conditions de vie et de travail, les faits de violence isol\u00e9e ou collective seront de plus en plus fr\u00e9quents.<\/p>\n<p>2) Ces violences cr\u00e9eront des perturbations r\u00e9p\u00e9t\u00e9es et impr\u00e9visibles de la vie quotidienne, v\u00e9cues comme regrettables et scandaleuses par le citoyen-consommateur et par l\u2019entrepreneur moyens.<\/p>\n<p>3) Aussi longtemps que ce sera possible, cette contradiction explosive fera l\u2019objet d\u2019un <i>d\u00e9ni<\/i> f\u00e9roce et g\u00e9n\u00e9ral, moins co\u00fbteux que la mise en cause du logiciel qui nous gouverne.<\/p>\n<p>Ceci dit, pour l\u2019anecdote, la gr\u00e8ve m\u2019aura permis ce soir-l\u00e0 de faire un bout de covoiturage avec deux personnes que je n\u2019avais jamais vues et ne reverrai peut-\u00eatre jamais : un ouvrier \u00a0camerounais et sa patronne, chinoise. Si j\u2019avais fait la fine bouche, au nom d\u2019une id\u00e9ologie rigide d\u00e9sormais en vogue, j\u2019\u00e9tais bon pour 2h00 de marche ou 30 \u20ac de taxi! Dans ce monde chaotique qui s\u2019en vient, le racisme est un luxe. L\u2019avenir du commun des mortels est \u00e0 la <i>fraternit\u00e9,<\/i> qu&rsquo;on se le dise!<\/p>\n","protected":false},"excerpt":{"rendered":"<blockquote>\n<p>Billet invit\u00e9.<\/p>\n<\/blockquote>\n<p>Ce vendredi en d\u00e9but de soir\u00e9e, dans la bonne ville de Li\u00e8ge (Belgique), les conducteurs de bus ont subitement d\u00e9cr\u00e9t\u00e9 un arr\u00eat de travail, prenant au d\u00e9pourvu de nombreuses personnes, dont moi-m\u00eame, bien marri \u00e0 l\u2019id\u00e9e de devoir rentrer chez moi \u00e0 pied ou au prix d\u2019un taxi. Personne ne semblait inform\u00e9 des [&hellip;]<\/p>\n","protected":false},"author":1,"featured_media":0,"comment_status":"closed","ping_status":"closed","sticky":false,"template":"","format":"standard","meta":{"footnotes":""},"categories":[833],"tags":[],"class_list":["post-71021","post","type-post","status-publish","format-standard","hentry","category-la-vie-de-tous-les-jours"],"_links":{"self":[{"href":"https:\/\/www.pauljorion.com\/blog\/wp-json\/wp\/v2\/posts\/71021","targetHints":{"allow":["GET"]}}],"collection":[{"href":"https:\/\/www.pauljorion.com\/blog\/wp-json\/wp\/v2\/posts"}],"about":[{"href":"https:\/\/www.pauljorion.com\/blog\/wp-json\/wp\/v2\/types\/post"}],"author":[{"embeddable":true,"href":"https:\/\/www.pauljorion.com\/blog\/wp-json\/wp\/v2\/users\/1"}],"replies":[{"embeddable":true,"href":"https:\/\/www.pauljorion.com\/blog\/wp-json\/wp\/v2\/comments?post=71021"}],"version-history":[{"count":1,"href":"https:\/\/www.pauljorion.com\/blog\/wp-json\/wp\/v2\/posts\/71021\/revisions"}],"predecessor-version":[{"id":71022,"href":"https:\/\/www.pauljorion.com\/blog\/wp-json\/wp\/v2\/posts\/71021\/revisions\/71022"}],"wp:attachment":[{"href":"https:\/\/www.pauljorion.com\/blog\/wp-json\/wp\/v2\/media?parent=71021"}],"wp:term":[{"taxonomy":"category","embeddable":true,"href":"https:\/\/www.pauljorion.com\/blog\/wp-json\/wp\/v2\/categories?post=71021"},{"taxonomy":"post_tag","embeddable":true,"href":"https:\/\/www.pauljorion.com\/blog\/wp-json\/wp\/v2\/tags?post=71021"}],"curies":[{"name":"wp","href":"https:\/\/api.w.org\/{rel}","templated":true}]}}