{"id":71370,"date":"2014-12-08T17:13:02","date_gmt":"2014-12-08T16:13:02","guid":{"rendered":"http:\/\/www.pauljorion.com\/blog\/?p=71370"},"modified":"2014-12-08T17:13:02","modified_gmt":"2014-12-08T16:13:02","slug":"humaincratie-fragment-1-par-jean-claude-baerts","status":"publish","type":"post","link":"https:\/\/www.pauljorion.com\/blog\/2014\/12\/08\/humaincratie-fragment-1-par-jean-claude-baerts\/","title":{"rendered":"<b>HUMAINCRATIE. FRAGMENT 1<\/b>, par Jean-Claude Baerts"},"content":{"rendered":"<h3>FRAGMENT 1.<\/h3>\n<p>Nous verrons\u00a0:<\/p>\n<ul>\n<li>Une interrogation sur le vivre ensemble.<\/li>\n<li>Avant-propos o\u00f9 Bergson nous explique qu\u2019une innovation est n\u00e9cessaire en pr\u00e9sence d\u2019un \u00e9cueil.<\/li>\n<li>Une liste non exhaustive de multiples \u00e9cueils o\u00f9 le capitalisme conduit.<\/li>\n<\/ul>\n<p><!--more--><\/p>\n<h2>Vivre ensemble ?<\/h2>\n<p>De Paris \u00e0 Iekaterinbourg,<br \/>\nles Villes tentaculaires (*)<br \/>\ncrachaient leurs noires fum\u00e9es,<br \/>\net le communisme tenta une perc\u00e9e,<br \/>\nen substituant \u00e0 l&rsquo;homme une soci\u00e9t\u00e9.<\/p>\n<p>Le capitalisme continua sur sa lanc\u00e9e,<br \/>\nde Tokyo jusque Berlin,<br \/>\nen transmuant la soci\u00e9t\u00e9,<br \/>\nen un march\u00e9, o\u00f9 des individus<br \/>\n\u00e9gocentriques sont \u00e2pres au gain.<\/p>\n<p>Et il s&rsquo;imposa au communisme.<\/p>\n<p>Or le lib\u00e9ralisme inonda ces march\u00e9s,<br \/>\nexigeant performance et comp\u00e9titivit\u00e9<br \/>\nindividuelles qui ont transform\u00e9<br \/>\nl&rsquo;Homme en guerrier fratricide,<br \/>\nmais aussi en esclave<br \/>\n\u00e0 l&rsquo;\u00e2me hallucin\u00e9e.<\/p>\n<p>Ailleurs certains \u00e9laborent<br \/>\nun Homme unique, (**)<br \/>\nr\u00e9pandant la terreur chez autrui<br \/>\nqu&rsquo;ils tiennent ainsi en \u00e2me esclave.<\/p>\n<p>De P\u00e9kin \u00e0 Moscou,<br \/>\nde Bruxelles \u00e0 Washington,<br \/>\nou en certains feux follets<br \/>\ndes hommes tentaculaires<br \/>\nimposent les noires volont\u00e9s<br \/>\nissues de l&rsquo;histoire pass\u00e9e.<\/p>\n<p>Maintenant, ici et l\u00e0,<br \/>\nun homme nouveau s&rsquo;oppose<br \/>\n\u00e0 l&rsquo;homme ancien.<\/p>\n<p>Et si il le faut, avec son sang<br \/>\nil \u00e9crit son espoir et son histoire.<\/p>\n<p>Par balbutiements<br \/>\ntentaculaires,<br \/>\nun monde nouveau<br \/>\npeut-il \u00e9vincer l&rsquo;ancien\u00a0?<\/p>\n<p>(*)\u00a0\u00a0\u00a0 Emile Verhaeren<br \/>\n(**)\u00a0 Hannah Arendt : \u00ab\u00a0Le syst\u00e8me totalitaire\u00a0\u00bb<\/p>\n<h3><em>\u00e2\u2013\u00b2<\/em><em>Avant-propos.<\/em><\/h3>\n<p>Henri Bergson expose en 1907 dans \u00ab\u00a0L\u2019\u00e9volution cr\u00e9atrice\u00a0\u00bb que la suj\u00e9tion \u00e0 une habitude nous maintient tout entier dans une action o\u00f9 notre conscience ne s\u2019\u00e9veille gu\u00e8re.<\/p>\n<p>Toutefois selon lui, lorsqu\u2019un obstacle se pr\u00e9sente dans cette action, si une inad\u00e9quation survient de l\u2019ex\u00e9cution particuli\u00e8re de l\u2019acte \u00e0 sa repr\u00e9sentation pr\u00e9sum\u00e9e et attendue, il y a \u00e9veil de la conscience<a href=\"#_ftn1\" name=\"_ftnref1\">[1]<\/a>, surgissement d\u2019alertes.<\/p>\n<p>Et ce contretemps qui n\u00e9cessite de se d\u00e9gager de l\u2019habitude est m\u00eame une opportunit\u00e9 d\u2019inventer et de se d\u00e9passer. Ici sont par ailleurs proches, Georg Hegel pour qui une confrontation avec le n\u00e9gatif peut \u00eatre cause de progr\u00e8s, ou encore avant lui, \u00e0 l\u2019aube de la philosophie europ\u00e9enne, H\u00e9raclite pour qui les contraires aboutissent \u00e0 la cr\u00e9ation.<\/p>\n<p>Sous la prise de conscience et tant que l\u2019obstacle inattendu est mineur, l\u2019intelligence invoque la m\u00e9moire du pass\u00e9 et tente d\u2019inf\u00e9rer sur cette base en op\u00e9rant <em>\u00ab\u00a0<\/em><em>un fl\u00e9chissement de l\u2019exp\u00e9rience pass\u00e9e dans le sens de l\u2019exp\u00e9rience pr\u00e9sente<\/em><em>\u00ab\u00a0<\/em><a href=\"#_ftn2\" name=\"_ftnref2\">[2]<\/a>.<\/p>\n<p>Mais lorsque l\u2019obstacle inopin\u00e9 est hors norme, irr\u00e9versible et irr\u00e9ductible, devient <strong><em>\u00e9cueil<\/em><\/strong>, l\u2019intelligence est inapte \u00e0 solutionner la difficult\u00e9, \u00e0 g\u00e9n\u00e9rer un <em>\u00ab\u00a0<\/em><em>jaillissement cr\u00e9atif<\/em><em>\u00ab\u00a0<\/em><a href=\"#_ftn3\" name=\"_ftnref3\">[3]<\/a>, et il faut l\u2019illumination de l\u2019intuition du radicalement nouveau.<\/p>\n<p>A d\u00e9faut de cela les correctifs entrepris ne seront pas salvateurs, mais seulement une occultation de la difficult\u00e9, laquelle empirera par l\u2019ajournement de \u2018l\u2019\u00e9volution cr\u00e9atrice\u2019\u00a0ou de la refondation n\u00e9cessaires.<\/p>\n<p>Or le fonctionnement de notre communaut\u00e9 humaine est perturb\u00e9, profond\u00e9ment, sans doute mortellement pour beaucoup, par de <strong><em>multiples \u00e9cueils<\/em><\/strong><em>,<\/em> dont la liste ci-dessous ne se veut pas exhaustive\u00a0:<\/p>\n<ul>\n<li>Les activit\u00e9s se sont recentr\u00e9es sur leur \u00ab\u00a0c\u0153ur de m\u00e9tier\u00a0\u00bb par l\u2019<em>externalisation<\/em> pouss\u00e9e des autres t\u00e2ches. Ainsi \u2018tout est d\u00e9membr\u00e9\u2019 engendrant une hypersp\u00e9cialisation dans des t\u00e2ches de plus en plus \u00e9l\u00e9mentaires.<\/li>\n<\/ul>\n<p>Si cette division du travail pouss\u00e9e \u00e0 l\u2019extr\u00eame permet des prix plancher, elle pressurise une myriade de sous-traitants, fragilise leur p\u00e9rennit\u00e9 en devenant une proie pour une concurrence effr\u00e9n\u00e9e, favorise les d\u00e9localisations et engendre <em>\u00ab\u00a0une explosion des \u00ab\u00a0restructurations\u00a0\u00bb et des \u00ab\u00a0fusions-acquisitions\u00a0\u00bb avec leur lot de fermetures d\u2019\u00e9tablissements et de licenciements collectifs<a href=\"#_ftn4\" name=\"_ftnref4\"><strong>[4]<\/strong><\/a>\u00ab\u00a0.<\/em><\/p>\n<ul>\n<li>Par la r\u00e9alit\u00e9 de la <em>mondialisation<\/em> \u2018tout est partout\u2019, l\u2019activit\u00e9 des grandes entreprises est r\u00e9partie dans le monde sans que des fronti\u00e8res s\u2019y opposent et sans la contrainte de lois homog\u00e8nes et int\u00e9grantes.<\/li>\n<\/ul>\n<p>Il n\u2019y a plus de fronti\u00e8res \u00e0 reculer et les espaces des march\u00e9s bien que non encore combl\u00e9s, sont d\u00e9limit\u00e9s et leur horizon est maintenant visiblement born\u00e9. La productivit\u00e9 qui augmente avec la taille des march\u00e9s<a href=\"#_ftn5\" name=\"_ftnref5\">[5]<\/a> devient \u00e9galement born\u00e9e.<\/p>\n<ul>\n<li>Le <em>capitalisme<\/em>, un syst\u00e8me qui a ses limites dans un contexte born\u00e9, devra imploser \u00e0 terme, suivant l\u2019analyse de Karl Marx, de par sa contradiction d\u2019une perp\u00e9tuelle n\u00e9cessit\u00e9 concurrentielle de croissance.<\/li>\n<li>Mutation pervertisseuse par l\u2019aiguillon outrancier d\u2019un <em>capitalisme financier<\/em> qui vise moins \u00e0 produire des biens durables et utiles, ni \u00e0 assurer la p\u00e9rennit\u00e9 de l\u2019activit\u00e9, que de g\u00e9n\u00e9rer des profits imm\u00e9diats ou d\u00e9mesur\u00e9s ainsi que des r\u00e9mun\u00e9rations individuelles choquantes.<\/li>\n<\/ul>\n<ul>\n<li>Le <em>co\u00fbt salarial excessif<\/em> induit un ch\u00f4mage \u00e9lev\u00e9 qui est devenu structurel car inh\u00e9rent aux charges qui gr\u00e8vent les salaires. La main-d\u2019\u0153uvre humaine d\u00e9mesur\u00e9ment co\u00fbteuse n\u2019est support\u00e9e que si elle est irrempla\u00e7able ou incontournable.<br \/>\nEn rendant le travail non comp\u00e9titif car exag\u00e9r\u00e9ment et artificiellement cher, les travailleurs sont ali\u00e9n\u00e9s du pouvoir fondamental inh\u00e9rent \u00e0 leur nature d\u2019\u00eatre humain, soit la possibilit\u00e9 de produire un travail et d\u2019en obtenir une contrepartie.<\/li>\n<\/ul>\n<ul>\n<li>Les travailleurs sont d\u00e8s lors remplac\u00e9s \u00e0 outrance par des machines, engins, automates, moyens cybern\u00e9tiques et informatiques, lesquels engendrent \u00e0 leur tour une <em>ali\u00e9nation g\u00e9n\u00e9rale<\/em> des humains qui se voient forc\u00e9s \u00e0 ne plus converser avec des humains mais avec des machines<a href=\"#_ftn6\" name=\"_ftnref6\">[6]<\/a>, et d\u2019effectuer en outre eux-m\u00eames \u00e0 l\u2019aide de celles-ci le travail de leurs fournisseurs ou prestataires de services. Cette machination les a ainsi forc\u00e9s \u00e0 troquer leur statut de client contre celui d\u2019esclave d\u2019un commettant \u2018machinique\u2019, et pire encore \u00e0 se d\u00e9pouiller de leur identit\u00e9 pour la seule image d\u2019un cr\u00e9dit bancaire. Cette ali\u00e9nation est d\u2019autant plus castratrice qu\u2019une individualisation est ancr\u00e9e hors d\u2019un vivre ensemble, mais elle est probablement un aiguillon pour refaire soci\u00e9t\u00e9 en appr\u00e9ciant l\u2019\u00e9change par le langage, soit la symbolique humaine<a href=\"#_ftn7\" name=\"_ftnref7\">[7]<\/a>.<\/li>\n<\/ul>\n<ul>\n<li>Conjointement une <em>concurrence perfide<\/em>, un <em>\u00ab\u00a0<\/em>meurtre transpos\u00e9<em>\u00ab\u00a0<\/em><a href=\"#_ftn8\" name=\"_ftnref8\">[8]<\/a>, est advenue et est amplifi\u00e9e par la taille de la production pour cause de rendements d\u2019\u00e9chelle croissants<a href=\"#_ftn9\" name=\"_ftnref9\">[9]<\/a>. La perte de concurrence pure et parfaite \u00e9limine les petites entit\u00e9s et engendre une concurrence d\u00e9loyale et monopolistique.<\/li>\n<\/ul>\n<p>Marx voyait dans cette concurrence d\u00e9brid\u00e9e la paup\u00e9risation de la classe ouvri\u00e8re. Aujourd\u2019hui on peut y voir la disparition des petits commerces ind\u00e9pendants, voire des PME qui sont rong\u00e9es par deux maux de coercition meurtriers\u00a0: celui de ne pouvoir disposer de conditions d\u2019acquisition concurrentielles et celui du risque associ\u00e9 \u00e0 un co\u00fbt salarial disproportionn\u00e9 pour leur chiffre d\u2019affaire. L\u2019\u00e9lasticit\u00e9 de leurs frais g\u00e9n\u00e9raux, FG, \u00e0 celui-ci n\u2019est plus r\u00e9gulateur.<\/p>\n<ul>\n<li>Si Schumpeter consid\u00e9rait les monopoles \u00e9ph\u00e9m\u00e8res, les empires existants qui ont d\u00e9pass\u00e9 une taille critique de pr\u00e9carit\u00e9 concurrentielle et qui se renforcent inexorablement, semblent bien le contredire.<\/li>\n<\/ul>\n<ul>\n<li><em>La croissance de la consommation<\/em> est d\u00e9brid\u00e9e<a href=\"#_ftn10\" name=\"_ftnref10\">[10]<\/a> car le possesseur d\u2019un bien ne peut plus s\u2019identifier qu\u2019en jouissant de la derni\u00e8re version ou nouveaut\u00e9 produite. <em>\u00ab\u00a0<\/em>Obsolescence acc\u00e9l\u00e9r\u00e9e de toute chose<em>\u00ab\u00a0<\/em> dira Alain Finkielkraut<a href=\"#_ftn11\" name=\"_ftnref11\">[11]<\/a>. Et cela sous l\u2019intoxication du matraquage continuel de publicit\u00e9s incitatives ou des manipulations de neuromarketing. Celles-ci op\u00e8rent une mutilation de la pens\u00e9e<em>,<\/em> laquelle d\u00e9soriente la r\u00e9flexion du consommateur et l\u2019\u00e9gare vers des comportements impulsifs ou st\u00e9r\u00e9otyp\u00e9s selon un \u2019pr\u00eat-\u00e0-penser\u2019<a href=\"#_ftn12\" name=\"_ftnref12\">[12]<\/a>.<\/li>\n<\/ul>\n<ul>\n<li>Lesquelles publicit\u00e9s, patronn\u00e9es par un Etat avide des revenus qu\u2019elles procurent, d\u00e9valorisent un enseignement moral et \u00e9quilibr\u00e9 des jeunes.<\/li>\n<\/ul>\n<p>Or ceux-ci sont d\u00e9j\u00e0 d\u00e9stabilis\u00e9s par un <em>relativisme<\/em> important, soit un \u2018tout se vaut\u2019, qui alt\u00e8re les morales et divise les forces universelles de coh\u00e9sion<a href=\"#_ftn13\" name=\"_ftnref13\">[13]<\/a>. A cela s\u2019ajoute la d\u00e9stabilisation d\u2019un <em>\u00ab\u00a0<\/em>futur sans avenir<em>\u00ab\u00a0<\/em><a href=\"#_ftn14\" name=\"_ftnref14\">[14]<\/a> qui engendre une agitation fr\u00e9n\u00e9tique par un \u2018tout tout de suite\u2019.<\/p>\n<ul>\n<li>\u2018L\u2019espace public est suppl\u00e9mentairement encombr\u00e9 d\u2019un <em>bavardage<\/em> qui endort la d\u00e9mocratie\u2019<a href=\"#_ftn15\" name=\"_ftnref15\">[15]<\/a>.<\/li>\n<\/ul>\n<p>Nous restons ainsi envelopp\u00e9s dans un vide de communication essentielle <a href=\"#_ftn16\" name=\"_ftnref16\">[16]<\/a> d\u00e9naturant l\u2019humanit\u00e9 de sa supr\u00e9matie du vivant et appauvrissant le projet d\u00e9mocratique par amputations des d\u00e9bats n\u00e9cessaires \u00e0 toute \u00e9volution cr\u00e9atrice.<\/p>\n<ul>\n<li>L\u2019\u00e9pist\u00e9m\u00e8<a href=\"#_ftn17\" name=\"_ftnref17\">[17]<\/a> actuel au service de <em>certains pouvoirs<\/em><a href=\"#_ftn18\" name=\"_ftnref18\">[18]<\/a>, nous \u00e9carte ainsi de notre autonomie, et ce en outre suivant une osmose de standardisation au niveau mondial qui \u00e9tiole toute singularit\u00e9 cr\u00e9atrice.<\/li>\n<\/ul>\n<p>Le projet d\u00e9mocratique d\u2019une soci\u00e9t\u00e9 des \u00e9gaux, de semblables d\u2019une m\u00eame esp\u00e8ce, participant \u00e0 une \u2018exp\u00e9rience commune\u2019<a href=\"#_ftn19\" name=\"_ftnref19\">[19]<\/a>, est alors rabaiss\u00e9 \u00e0 celui d\u2019une soci\u00e9t\u00e9 de consommation \u00e9galitaire, peupl\u00e9e d\u2019entit\u00e9s homog\u00e8nes, indistinctes et interchangeables, et o\u00f9 tout et tous sur un gigantesque march\u00e9 sont transform\u00e9s en marchandises<a href=\"#_ftn20\" name=\"_ftnref20\">[20]<\/a>.<\/p>\n<ul>\n<li>March\u00e9s en croissance et aux ravages exponentiels si les deux tiers de l\u2019humanit\u00e9 doivent rejoindre le niveau de consommation de l\u2019autre tiers, en engendrant une <em>rar\u00e9faction significative et acc\u00e9l\u00e9r\u00e9e des ressources disponibles<\/em> et d\u2019autant plus convoit\u00e9es, entre autres l\u2019eau faisant dire \u00e0 Erik Orsenna en cl\u00f4ture d\u2019ouvrage<a href=\"#_ftn21\" name=\"_ftnref21\">[21]<\/a>: <em>\u00ab\u00a0<\/em>La crise de la terre commence<em>\u00ab\u00a0<\/em>.<\/li>\n<\/ul>\n<p>Danger conjoint de d\u00e9sastres \u00e9cologiques mettant la <em>biosph\u00e8re en p\u00e9ril<\/em> et rebuts de toutes sortes transformant les alentours de l\u2019habitat terrestre en une <em>poubelle plan\u00e9taire<\/em>.<\/p>\n<p>Si \u00e0 cause de tels ravages l&rsquo;\u00e9conomie fond\u00e9e sur la croissance est une impr\u00e9voyance<a href=\"#_ftn22\" name=\"_ftnref22\">[22]<\/a>, <strong><em>la croissance est n\u00e9anmoins<\/em><\/strong><strong> <em>\u00e0 promouvoir <\/em>malgr\u00e9 l\u2019impasse contradictoire.<\/strong> Ceci afin d\u2019engendrer la richesse n\u00e9cessaire pour r\u00e9agir \u00e0 ces d\u00e9fis humanitaires et pour \u00e9radiquer ch\u00f4mage, pauvret\u00e9, \u00e9pid\u00e9mies et autres in\u00e9galit\u00e9s.<\/p>\n<p>Mais une telle croissance s\u2019\u00e9carte d\u2019objectifs individualistes et met le salut du genre humain \u00e0 l\u2019\u00e9preuve de son inventivit\u00e9.<\/p>\n<ul>\n<li><em>Autres issues conjointes <\/em>\u00e0 d\u00e9couvrir pour les impasses de l\u2019\u00e9nergie n\u00e9cessaire \u00e0 la croissance dont la production d\u00e9truit tant\u00f4t notre atmosph\u00e8re, tant\u00f4t le genre humain par les radioactivit\u00e9s nucl\u00e9aires.<\/li>\n<\/ul>\n<p>Et celles d\u2019une croissance explosive si la loi de Malthus n\u2019\u00e9tait pas contredite par une stabilisation d\u00e9mographique et des d\u00e9couvertes salvatrices.<\/p>\n<ul>\n<li>Sinon le d\u00e9passement d\u2019un <em>seuil de ma\u00eetrise<\/em> devient in\u00e9luctable tout comme lors de la catastrophe de Fukushima due \u00e0 un concours de circonstances exceptionnelles et concomitantes.<\/li>\n<\/ul>\n<p>Il peut alors advenir que s\u2019applique la loi de ce que j\u2019appellerais \u2018<em>la disproportion fatale<\/em>\u2019 ou celle de la tour de Babel.<\/p>\n<p>De m\u00eame les risques pris et la manipulation d\u2019autrui qui d\u00e9passa tout seuil de ma\u00eetrise dans la crise des subprimes, exigeront une d\u00e9contamination de l\u2019\u00e9conomie aussi lourde, on\u00e9reuse et longue que celles nucl\u00e9aires de Fukushima ou de Tchernobyl.<\/p>\n<p>La vanit\u00e9, la soif du toujours plus, une consommation effr\u00e9n\u00e9e rendent l\u2019humanit\u00e9 vuln\u00e9rable \u00e0 cette loi.<\/p>\n<ul>\n<li>\u2018Tout est dans tout\u2019: de nombreuses interd\u00e9pendances complexes sont cr\u00e9\u00e9es par l\u2019\u00e9volution acc\u00e9l\u00e9r\u00e9e et la <em>globalisation<\/em> des technologies, de la connaissance, de l\u2019information, des conflits, des d\u00e9gradations environnementales, des probl\u00e8mes sanitaires, des influences financi\u00e8res, \u2026, ce que des gouvernances locales ne peuvent plus r\u00e9genter individuellement de fa\u00e7on efficace et \u00e9conomique. Leur <em>seuil de ma\u00eetrise<\/em> est ainsi d\u00e9pass\u00e9.<\/li>\n<\/ul>\n<ul>\n<li><em>L\u2019\u00e9conomie<\/em> \u00e9chappe ainsi de plus en plus \u00e0 contr\u00f4les et \u00e9thique, et les Etats, de d\u00e9sarm\u00e9s deviennent victimes, et les ressources qui leur sont n\u00e9cessaires feront d\u2019autant plus vite d\u00e9faut vu l\u2019inflation galopante et end\u00e9mique des d\u00e9penses publiques insuffisamment r\u00e9gul\u00e9es.<\/li>\n<\/ul>\n<ul>\n<li>Devant ces difficult\u00e9s, <em>la Gauche et la Droite<\/em> qui ont \u00e9puis\u00e9 les gisements profonds de leurs id\u00e9ologies originelles, peinent \u00e0 percer la superficialit\u00e9 pour se ressourcer, envisager des projets innovants ou les remises en question exig\u00e9es par l\u2019importance des enjeux citoyens et de civilisation.<\/li>\n<\/ul>\n<p>Alors que autrefois un Saint-Simon, Jaur\u00e8s, Locke ou Adam Smith exposaient de fa\u00e7on approfondie aux citoyens leurs conceptions et rem\u00e8des aux d\u00e9fis \u00e0 relever, actuellement les partis de ces tendances politiques semblent r\u00e9duits \u00e0 donner des miettes inconsistantes d\u2019orientations et de programme, gonflettes de slogans qui \u00e9ludent le d\u00e9bat id\u00e9ologique, et \u00e0 ne s\u2019occuper que de la prise du pouvoir, soit leur objectif fondamental<a href=\"#_ftn23\" name=\"_ftnref23\">[23]<\/a>. Ils semblent rester confin\u00e9s pour cela dans une opposition de plus en plus st\u00e9rile et m\u00eame globalement destructrice par des verbiages d\u2019\u00e9gratignures r\u00e9ciproques, ind\u00e9cents d\u2019irrespect, et jet\u00e9s en p\u00e2ture aux citoyens. Le citoyen en est d\u00e9sorient\u00e9 et d\u00e9sabus\u00e9.<\/p>\n<p>A cela s\u2019ajoute que des partis concurrents poursuivent des buts similaires occasionnant une redondance de financement par les citoyens ou que certains partis ou organisations syndicales convoitent, voire r\u00e9alisent une usurpation de pouvoirs institutionnels<a href=\"#_ftn24\" name=\"_ftnref24\">[24]<\/a>, lesquels sont d\u00e9j\u00e0 sous l\u2019influence de puissants et nombreux lobbies commerciaux.<\/p>\n<ul>\n<li>La <em>d\u00e9mocratie<\/em> entretenue et pr\u00f4n\u00e9e par le politique n\u2019est plus d\u00e9mocratique si ce n\u2019est dans le simulacre d\u2019un formalisme<a href=\"#_ftn25\" name=\"_ftnref25\">[25]<\/a> ; la souverainet\u00e9 du peuple est ainsi bafou\u00e9e et le politique est vilipend\u00e9 par le peuple. Dignit\u00e9, respect et perspective commune s\u2019\u00e9vaporent.<\/li>\n<\/ul>\n<p>En effet des surgeons ont supplant\u00e9 les bourgeons natifs et ont ainsi \u00e9tiol\u00e9 le dessein initial.<\/p>\n<ul>\n<li>Nos <em>gouvernants<\/em> en l\u2019absence de s\u00e9r\u00e9nit\u00e9 ne gouvernent plus convenablement \u00e9tant soumis continuellement \u00e0 d\u2019innombrables contraintes et critiques, internes et externes, entre partis concurrents et devant s\u2019exhiber sans arr\u00eat sous la pression des m\u00e9dias<a href=\"#_ftn26\" name=\"_ftnref26\">[26]<\/a>.<\/li>\n<\/ul>\n<ul>\n<li>Les <em>travailleurs<\/em> encadr\u00e9s de leurs <em>syndicats<\/em> et les <em>entrepreneurs<\/em> soumis \u00e0 leurs <em>actionnaires<\/em> d\u00e9fendent deux positions oppos\u00e9es au point de ne plus vouloir s\u2019entendre, et dans leurs affronts <em>l\u2019Etat<\/em> ne dispose plus d\u2019autorit\u00e9 d\u2019apaisement ou de m\u00e9diation. L\u2019\u00e9conomie d\u00e9j\u00e0 d\u00e9voy\u00e9e, en est d\u00e9rang\u00e9e.<\/li>\n<\/ul>\n<ul>\n<li>Les <em>citoyens<\/em> que nous sommes sont pris entre le marteau de l\u2019\u00e9conomie et l\u2019enclume de l\u2019Etat, et notre humanit\u00e9 est pressur\u00e9e et devenue d\u00e9pendante de deux syst\u00e8mes inhumains et r\u00e9ducteurs de l\u2019autonomie individuelle et d\u2019un projet collectif.<\/li>\n<\/ul>\n<p>Il en r\u00e9sulte une perte des rep\u00e8res, soit un ph\u00e9nom\u00e8ne de nihilisme<a href=\"#_ftn27\" name=\"_ftnref27\">[27]<\/a>, de \u2018d\u00e9sinstitution\u2019<a href=\"#_ftn28\" name=\"_ftnref28\">[28]<\/a> par\u00a0\u2018la disqualification du principe m\u00eame du discours fondateur\u2019<a href=\"#_ftn29\" name=\"_ftnref29\">[29]<\/a> et de sa \u2018dimension normative (Etat)\u2019<a href=\"#_ftn30\" name=\"_ftnref30\">[30]<\/a> au profit des nouveaux mythes de la science et d\u2019un march\u00e9 d\u00e9r\u00e9gul\u00e9.<\/p>\n<p>Aussi il ne subsiste que des gravats de coh\u00e9sion soci\u00e9tale sous forme d\u2019un \u2018conglom\u00e9rat de subjectivit\u00e9s revendicatrices\u2019<a href=\"#_ftn31\" name=\"_ftnref31\">[31]<\/a>.<\/p>\n<p><a href=\"#_ftnref1\" name=\"_ftn1\">[1]<\/a> Henri Bergson\u00a0: \u00ab\u00a0L\u2019\u00e9volution cr\u00e9atrice\u00a0\u00bb<\/p>\n<p><a href=\"#_ftnref2\" name=\"_ftn2\">[2]<\/a> ibid.<\/p>\n<p><a href=\"#_ftnref3\" name=\"_ftn3\">[3]<\/a> ibid.<\/p>\n<p><a href=\"#_ftnref4\" name=\"_ftn4\">[4]<\/a> Jacques G\u00e9n\u00e9reux\u00a0: \u00ab\u00a0La dissoci\u00e9t\u00e9\u00a0\u00bb<\/p>\n<p><a href=\"#_ftnref5\" name=\"_ftn5\">[5]<\/a> Daniel Cohen\u00a0:\u00a0\u00ab\u00a0La prosp\u00e9rit\u00e9 du vice\u00a0\u00bb<\/p>\n<p><a href=\"#_ftnref6\" name=\"_ftn6\">[6]<\/a> machinisme que Gilbert Simondon appr\u00e9cia pour la production.<\/p>\n<p><a href=\"#_ftnref7\" name=\"_ftn7\">[7]<\/a> Lacan\u00a0; Edouard Delruelle\u00a0: \u00ab\u00a0L\u2019impatience de la libert\u00e9\u00a0\u00bb.<\/p>\n<p><a href=\"#_ftnref8\" name=\"_ftn8\">[8]<\/a> Pierre Legendre<\/p>\n<p><a href=\"#_ftnref9\" name=\"_ftn9\">[9]<\/a> Daniel Cohen\u00a0:\u00a0\u00ab\u00a0La prosp\u00e9rit\u00e9 du vice\u00a0\u00bb<\/p>\n<p><a href=\"#_ftnref10\" name=\"_ftn10\">[10]<\/a> Christian Arnsperger\u00a0: \u00ab\u00a0Critique de l\u2019existence capitaliste\u00a0\u00bb<\/p>\n<p><a href=\"#_ftnref11\" name=\"_ftn11\">[11]<\/a> Alain Finkielkraut\u00a0: \u00ab\u00a0Le M\u00e9contemporain\u00a0\u00bb<\/p>\n<p><a href=\"#_ftnref12\" name=\"_ftn12\">[12]<\/a> Edouard Delruelle\u00a0: \u00ab\u00a0L\u2019impatience de la libert\u00e9\u00a0\u00bb.<\/p>\n<p><a href=\"#_ftnref13\" name=\"_ftn13\">[13]<\/a> Alain Finkielkraut\u00a0: \u00ab\u00a0La d\u00e9faite de la pens\u00e9e\u00a0\u00bb<\/p>\n<p><a href=\"#_ftnref14\" name=\"_ftn14\">[14]<\/a> Pierre-Andr\u00e9 Taguief \u00ab\u00a0L\u2019effacement de l\u2019avenir\u00a0\u00bb<\/p>\n<p><a href=\"#_ftnref15\" name=\"_ftn15\">[15]<\/a> Edouard Delruelle\u00a0: \u00ab\u00a0L\u2019impatience de la libert\u00e9\u00a0\u00bb.<\/p>\n<p><a href=\"#_ftnref16\" name=\"_ftn16\">[16]<\/a> ibid.\u00a0: \u2018vide symbolique\u2019<\/p>\n<p><a href=\"#_ftnref17\" name=\"_ftn17\">[17]<\/a> Michel Foucault.<\/p>\n<p><a href=\"#_ftnref18\" name=\"_ftn18\">[18]<\/a> ibid.<\/p>\n<p><a href=\"#_ftnref19\" name=\"_ftn19\">[19]<\/a> Edouard Delruelle\u00a0: \u00ab\u00a0L\u2019impatience de la libert\u00e9\u00a0\u00bb.<\/p>\n<p><a href=\"#_ftnref20\" name=\"_ftn20\">[20]<\/a> Pierre Legendre<\/p>\n<p><a href=\"#_ftnref21\" name=\"_ftn21\">[21]<\/a> Erik Orsenna\u00a0: \u00ab\u00a0L\u2019avenir de l\u2019eau\u00a0\u00bb.<\/p>\n<p><a href=\"#_ftnref22\" name=\"_ftn22\">[22]<\/a> Paul Jorion dans \u2019Mis\u00e8re de la pens\u00e9e \u00e9conomique\u2019.<\/p>\n<p><a href=\"#_ftnref23\" name=\"_ftn23\">[23]<\/a> France Culture\u00a0: La Fabrique de l\u2019Histoire\u00a0: \u00ab\u00a0Naissance des partis politiques\u00a0\u00bb, janvier 2012.<\/p>\n<p><a href=\"#_ftnref24\" name=\"_ftn24\">[24]<\/a> Alain Destexhe, Alain Eraly, Eric Gilet\u00a0: \u00ab\u00a0D\u00e9mocratie ou particratie\u00a0\u00bb,<\/p>\n<p>Alain Destexhe,\u00a0: \u00ab\u00a0Syndicats. Enqu\u00eate sur le plus puissants lobby du pays (Belgique)\u00a0\u00bb.<\/p>\n<p><a href=\"#_ftnref25\" name=\"_ftn25\">[25]<\/a> Alain Destexhe, Alain Eraly, Eric Gilet\u00a0: \u00ab\u00a0D\u00e9mocratie ou particratie\u00a0\u00bb.<\/p>\n<p><a href=\"#_ftnref26\" name=\"_ftn26\">[26]<\/a> Alain Eraly\u00a0:\u00a0\u00ab\u00a0 Le pouvoir encha\u00een\u00e9\u00a0\u00bb.<\/p>\n<p><a href=\"#_ftnref27\" name=\"_ftn27\">[27]<\/a> Fr. Nietzsche<\/p>\n<p><a href=\"#_ftnref28\" name=\"_ftn28\">[28]<\/a> Pierre Legendre\u00a0:\u00a0 \u00ab\u00a0Le crime du caporal Lortie\u00a0\u00bb<\/p>\n<p><a href=\"#_ftnref29\" name=\"_ftn29\">[29]<\/a> ibid.<\/p>\n<p><a href=\"#_ftnref30\" name=\"_ftn30\">[30]<\/a> ibid.<\/p>\n<p><a href=\"#_ftnref31\" name=\"_ftn31\">[31]<\/a> ibid.<\/p>\n","protected":false},"excerpt":{"rendered":"<h3>FRAGMENT 1.<\/h3>\n<p>Nous verrons\u00a0:<\/p>\n<ul>\n<li>Une interrogation sur le vivre ensemble.<\/li>\n<li>Avant-propos o\u00f9 Bergson nous explique qu\u2019une innovation est n\u00e9cessaire en pr\u00e9sence d\u2019un \u00e9cueil.<\/li>\n<li>Une liste non exhaustive de multiples \u00e9cueils o\u00f9 le capitalisme conduit.<\/li>\n<\/ul>\n","protected":false},"author":1,"featured_media":0,"comment_status":"closed","ping_status":"closed","sticky":false,"template":"","format":"standard","meta":{"footnotes":""},"categories":[1603],"tags":[],"class_list":["post-71370","post","type-post","status-publish","format-standard","hentry","category-grand-tournant"],"_links":{"self":[{"href":"https:\/\/www.pauljorion.com\/blog\/wp-json\/wp\/v2\/posts\/71370","targetHints":{"allow":["GET"]}}],"collection":[{"href":"https:\/\/www.pauljorion.com\/blog\/wp-json\/wp\/v2\/posts"}],"about":[{"href":"https:\/\/www.pauljorion.com\/blog\/wp-json\/wp\/v2\/types\/post"}],"author":[{"embeddable":true,"href":"https:\/\/www.pauljorion.com\/blog\/wp-json\/wp\/v2\/users\/1"}],"replies":[{"embeddable":true,"href":"https:\/\/www.pauljorion.com\/blog\/wp-json\/wp\/v2\/comments?post=71370"}],"version-history":[{"count":2,"href":"https:\/\/www.pauljorion.com\/blog\/wp-json\/wp\/v2\/posts\/71370\/revisions"}],"predecessor-version":[{"id":71374,"href":"https:\/\/www.pauljorion.com\/blog\/wp-json\/wp\/v2\/posts\/71370\/revisions\/71374"}],"wp:attachment":[{"href":"https:\/\/www.pauljorion.com\/blog\/wp-json\/wp\/v2\/media?parent=71370"}],"wp:term":[{"taxonomy":"category","embeddable":true,"href":"https:\/\/www.pauljorion.com\/blog\/wp-json\/wp\/v2\/categories?post=71370"},{"taxonomy":"post_tag","embeddable":true,"href":"https:\/\/www.pauljorion.com\/blog\/wp-json\/wp\/v2\/tags?post=71370"}],"curies":[{"name":"wp","href":"https:\/\/api.w.org\/{rel}","templated":true}]}}