{"id":71612,"date":"2014-12-16T15:15:27","date_gmt":"2014-12-16T14:15:27","guid":{"rendered":"http:\/\/www.pauljorion.com\/blog\/?p=71612"},"modified":"2014-12-16T15:17:39","modified_gmt":"2014-12-16T14:17:39","slug":"de-quoi-ont-ils-peur-eux-qui-ont-tout-par-herve-connangle","status":"publish","type":"post","link":"https:\/\/www.pauljorion.com\/blog\/2014\/12\/16\/de-quoi-ont-ils-peur-eux-qui-ont-tout-par-herve-connangle\/","title":{"rendered":"<b>De quoi ont-ils peur, eux qui ont tout ?<\/b> par Herv\u00e9 Connangle"},"content":{"rendered":"<blockquote><p>Billet invit\u00e9.<\/p><\/blockquote>\n<p>Bonjour M. Jorion,<\/p>\n<p>Suite au <a href=\"http:\/\/www.pauljorion.com\/blog\/2014\/12\/15\/il-nest-dautres-voies-que-laction-politique-par-michel-leis\/#comment-530665\" target=\"_blank\">message envoy\u00e9<\/a> sous <a href=\"http:\/\/www.pauljorion.com\/blog\/2014\/12\/15\/il-nest-dautres-voies-que-laction-politique-par-michel-leis\/\" target=\"_blank\">l&rsquo;article de Michel Leis<\/a>, o\u00f9 je faisais allusion \u00e0 M. Peyrelevade, permettez-moi de faire une br\u00e8ve observation. Je pr\u00e9cise l&rsquo;information donn\u00e9e apr\u00e8s l&rsquo;\u00e9coute de l&rsquo;\u00e9mission du 15 d\u00e9cembre 2014 sur France Culture :<\/p>\n<p><strong>La Grande table (2\u00e8me partie)<\/strong> par <a href=\"http:\/\/www.franceculture.fr\/personne-caroline-broue.html\">Caroline Brou\u00e9<\/a><\/p>\n<p>\u00c9mission intitul\u00e9e : <a href=\"http:\/\/www.franceculture.fr\/emission-la-grande-table-2eme-partie-liberte-vs-egalite-l-economie-dans-la-constitution-acte-ii-2014\" target=\"_blank\">\u00ab\u00a0Libert\u00e9 vs \u00e9galit\u00e9 : l&rsquo;\u00e9conomie dans la Constitution acte II\u00a0\u00bb<\/a>\u00a0\/ Jean Peyrelevade<\/p>\n<p>Le titre de l&rsquo;\u00e9mission ne m&rsquo;est pas pass\u00e9 inaper\u00e7u. C&rsquo;est pr\u00e9cis\u00e9ment le contraire que vous pr\u00e9conisez, \u00e0 savoir une CONSTITUTION POUR L&rsquo;ECONOMIE.<\/p>\n<p><!--more-->Peyrelevade lui, imagine l&rsquo;inverse. Il veut constitutionnaliser l&rsquo;Economie de March\u00e9, ce qui &#8211; si je ne m&rsquo;abuse &#8211; est \u00e0 l&rsquo;inverse de vos vues, monsieur Jorion. Je comprends ais\u00e9ment bien pourquoi. Monsieur Peyrelevade tente un ultime coup de force pour red\u00e9finir l&rsquo;int\u00e9r\u00eat g\u00e9n\u00e9ral selon ses propres int\u00e9r\u00eats et ceux de sa classe. Il ne peut y avoir dans sa conception censitaire de la d\u00e9mocratie de contre-pouvoirs l\u00e0 o\u00f9 r\u00e8gne \u00ab\u00a0La-Libert\u00e9\u00a0\u00bb pour le 1% de privil\u00e9gi\u00e9s ; cette aristocratie nouvelle qui fait de l&rsquo;accroissement des in\u00e9galit\u00e9s et de la paup\u00e9risation g\u00e9n\u00e9ralis\u00e9e l&rsquo;alpha et l&rsquo;om\u00e9ga d&rsquo;une bien \u00e9trange \u00ab\u00a0utilit\u00e9 commune\u00a0\u00bb.<\/p>\n<p>Il y aurait beaucoup \u00e0 dire sur la conception qu&rsquo;a Monsieur Peyrelevade de l&rsquo;\u00c9tat, personnifi\u00e9 en un mauvais spectre, lui qui l&rsquo;a tant servi. Au del\u00e0 du fait qu&rsquo;il veuille en finir avec la R\u00e9publique fran\u00e7aise telle qu&rsquo;elle s&rsquo;est incarn\u00e9e d\u00e9mocratiquement dans l&rsquo;Histoire et qu&rsquo;il veuille verrouiller le syst\u00e8me en mettant l&rsquo;Entreprise \u2013 lieu o\u00f9 l&rsquo;on ne vote pas \u2013 comme corps \u00e9quivalent de l&rsquo;\u00c9tat \u2013 lieu de la repr\u00e9sentation nationale, espace de pouvoir issu de la d\u00e9lib\u00e9ration commune et garant des libert\u00e9s individuelles et publiques &#8211; l&rsquo;essentiel est ailleurs :<\/p>\n<p>En voulant constitutionnaliser l&rsquo;\u00c9conomie de March\u00e9, est-ce exag\u00e9r\u00e9 de dire que c&rsquo;est une autre fa\u00e7on pour Monsieur Peyrelevade et ceux qu&rsquo;il repr\u00e9sente, de faire un putsch sur la d\u00e9mocratie sans y toucher ? Disons que c&rsquo;est l\u00e0 un v\u0153u pieu plus ou moins conscient si l&rsquo;on sait lire entre les lignes et entendre l&rsquo;intentionnalit\u00e9 premi\u00e8re, entre les mots.<\/p>\n<p>Je suis toujours cependant tr\u00e8s \u00e9tonn\u00e9. Tandis que ces gens-l\u00e0 r\u00e8gnent sur tout ce qui bouge, respire ou remue, pourquoi sentent-ils encore le besoin de visser les boulons ? De quoi ont-ils peur, eux qui ont tout ? Est-ce parce que \u00ab\u00a0Tout\u00a0\u00bb n&rsquo;est pas encore \u00ab\u00a0Assez\u00a0\u00bb ? Ou est-ce que \u00ab\u00a0Monsieur Tout\u00a0\u00bb est trop fragile pour durer ? D&rsquo;o\u00f9 cette tentation de graver la fragilit\u00e9, dans le marbre de la constitution fran\u00e7aise.<\/p>\n<p>Le fameux <a href=\"http:\/\/www.pauljorion.com\/blog\/2014\/10\/14\/le-monde-leffet-de-cliquet-ennemi-de-la-democratie-le-mardi-14-octobre-2014\/\" target=\"_blank\">\u00ab\u00a0effet cliquet\u00a0\u00bb<\/a> dont vous parliez Monsieur Jorion et dont Monsieur Peyrelevade sait bien qu&rsquo;il est un m\u00e9canisme implacable pour reconfigurer des institutions d&rsquo;o\u00f9 il est quasiment impossible de sortir afin de revenir \u00e0 une situation ant\u00e9rieure.<\/p>\n<p>Avec le sentiment d&rsquo;une victoire totale en prime ?<\/p>\n","protected":false},"excerpt":{"rendered":"<blockquote>\n<p>Billet invit\u00e9.<\/p>\n<\/blockquote>\n<p>Bonjour M. Jorion,<\/p>\n<p>Suite au <a href=\"http:\/\/www.pauljorion.com\/blog\/2014\/12\/15\/il-nest-dautres-voies-que-laction-politique-par-michel-leis\/#comment-530665\" target=\"_blank\">message envoy\u00e9<\/a> sous <a href=\"http:\/\/www.pauljorion.com\/blog\/2014\/12\/15\/il-nest-dautres-voies-que-laction-politique-par-michel-leis\/\" target=\"_blank\">l&rsquo;article de Michel Leis<\/a>, o\u00f9 je faisais allusion \u00e0 M. Peyrelevade, permettez-moi de faire une br\u00e8ve observation. Je pr\u00e9cise l&rsquo;information donn\u00e9e apr\u00e8s l&rsquo;\u00e9coute de l&rsquo;\u00e9mission du 15 d\u00e9cembre 2014 sur France Culture :<\/p>\n<p><strong>La Grande table (2\u00e8me partie)<\/strong> par <a href=\"http:\/\/www.franceculture.fr\/personne-caroline-broue.html\">Caroline [&hellip;]<\/a><\/p>\n","protected":false},"author":1,"featured_media":0,"comment_status":"closed","ping_status":"closed","sticky":false,"template":"","format":"standard","meta":{"footnotes":""},"categories":[19],"tags":[1933],"class_list":["post-71612","post","type-post","status-publish","format-standard","hentry","category-constitution-pour-leconomie","tag-jean-peyrelevade"],"_links":{"self":[{"href":"https:\/\/www.pauljorion.com\/blog\/wp-json\/wp\/v2\/posts\/71612","targetHints":{"allow":["GET"]}}],"collection":[{"href":"https:\/\/www.pauljorion.com\/blog\/wp-json\/wp\/v2\/posts"}],"about":[{"href":"https:\/\/www.pauljorion.com\/blog\/wp-json\/wp\/v2\/types\/post"}],"author":[{"embeddable":true,"href":"https:\/\/www.pauljorion.com\/blog\/wp-json\/wp\/v2\/users\/1"}],"replies":[{"embeddable":true,"href":"https:\/\/www.pauljorion.com\/blog\/wp-json\/wp\/v2\/comments?post=71612"}],"version-history":[{"count":4,"href":"https:\/\/www.pauljorion.com\/blog\/wp-json\/wp\/v2\/posts\/71612\/revisions"}],"predecessor-version":[{"id":71623,"href":"https:\/\/www.pauljorion.com\/blog\/wp-json\/wp\/v2\/posts\/71612\/revisions\/71623"}],"wp:attachment":[{"href":"https:\/\/www.pauljorion.com\/blog\/wp-json\/wp\/v2\/media?parent=71612"}],"wp:term":[{"taxonomy":"category","embeddable":true,"href":"https:\/\/www.pauljorion.com\/blog\/wp-json\/wp\/v2\/categories?post=71612"},{"taxonomy":"post_tag","embeddable":true,"href":"https:\/\/www.pauljorion.com\/blog\/wp-json\/wp\/v2\/tags?post=71612"}],"curies":[{"name":"wp","href":"https:\/\/api.w.org\/{rel}","templated":true}]}}