{"id":71699,"date":"2014-12-19T10:10:55","date_gmt":"2014-12-19T09:10:55","guid":{"rendered":"http:\/\/www.pauljorion.com\/blog\/?p=71699"},"modified":"2014-12-19T10:10:55","modified_gmt":"2014-12-19T09:10:55","slug":"une-solution-politique-quelle-rafraichissante-naivete-par-roberto-boulant","status":"publish","type":"post","link":"https:\/\/www.pauljorion.com\/blog\/2014\/12\/19\/une-solution-politique-quelle-rafraichissante-naivete-par-roberto-boulant\/","title":{"rendered":"<b>Une solution politique ? Quelle rafra\u00eechissante na\u00efvet\u00e9 !<\/b>, par Roberto Boulant"},"content":{"rendered":"<blockquote><p>Billet invit\u00e9.<\/p><\/blockquote>\n<p>Ceci est dans mon esprit plus un compl\u00e9ment, qu\u2019une r\u00e9ponse au billet de Michel Leis, <a href=\"http:\/\/www.pauljorion.com\/blog\/2014\/12\/15\/il-nest-dautres-voies-que-laction-politique-par-michel-leis\/\" target=\"_blank\">\u2018Il n\u2019est d\u2019autres voies que l\u2019action politique\u2019<\/a>. (Et puis\u2026 j\u2019ai aussi beaucoup de mal avec cette injonction commercialo-religieuse qui veut que nous soyons tous b\u00e9atement heureux \u00e0 l\u2019approche de No\u00ebl\u00a0!).<\/p>\n<blockquote><p><em>\u00ab\u00a0Dans l\u2019antiquit\u00e9, les esclaves savaient qu\u2019ils ne pouvaient discuter avec nous, au moyen-\u00e2ge, les serfs savaient que leur statut d\u2019homme libre n\u2019\u00e9tait qu\u2019un leurre, aujourd\u2019hui, progr\u00e8s du storytelling aidant, une majorit\u00e9 pense vivre en d\u00e9mocratie et avoir le statut de citoyen. Magnifique m\u00e9lange d\u2019aveuglement et de l\u00e2chet\u00e9 qui nous conforte, nous les ma\u00eetres du monde, dans l\u2019assurance que nous sommes vraiment d\u2019une essence sup\u00e9rieure. Alors oui bien s\u00fbr, au fur \u00e0 mesure que notre nouvel ordre f\u00e9odal remplace des pans entiers de l\u2019ancien monde, que les anciens \u00e9tats-nations s\u2019effondrent, m\u00eame les gueux les plus d\u00e9sireux d\u2019\u00eatre berc\u00e9s d\u2019illusions ne peuvent que constater la r\u00e9alit\u00e9\u00a0: les politiciens professionnels sont nos serviteurs, ils votent nos lois et nous, au travers de ces marionnettes interchangeables, gouvernons cach\u00e9s aux yeux du commun.<\/em><\/p>\n<p><em>Et de fait, la crise d\u00e9clench\u00e9e par les subprimes prouve que nous sommes hors d\u2019atteinte des lois, nous sommes maintenant bien plus puissants qu\u2019en 2008\u00a0! Et quel plaisir, quelle jouissance m\u00eame, de voir la populace voter pour un socialiste-ennemi-de-la-finance qui quelques mois plus tard nommera \u00e0 Bercy\u00a0 un des n\u00f4tres, un banquier d\u2019affaires <\/em><a href=\"http:\/\/www.liberation.fr\/politiques\/2012\/09\/17\/avec-macron-l-elysee-decroche-le-poupon_847010\"><strong><em>devenu millionnaire en une nuit<\/em><\/strong><\/a>\u00a0<em>!<\/em><\/p>\n<p><em>Nous avons d\u2019ores et d\u00e9j\u00e0 gagn\u00e9. Les <a href=\"http:\/\/www.pauljorion.com\/blog\/?p=69936\">cliquets<\/a> install\u00e9s sont si nombreux et efficaces que quiconque serait assez fou pour vouloir les d\u00e9truire, d\u00e9truirait en m\u00eame temps la soci\u00e9t\u00e9. Il n\u2019y a plus aucun retour en arri\u00e8re possible\u00a0!\u00a0\u00bb<\/em><\/p><\/blockquote>\n<p><!--more-->Le trait est-il exag\u00e9r\u00e9\u00a0? Les ma\u00eetres du monde pensent-ils vraiment ainsi, avec ce m\u00e9lange de cynisme, de m\u00e9pris et de stupidit\u00e9 crasse\u00a0? Quelle importance finalement, puisque seul le r\u00e9sultat compte\u00a0: toute tentative de retour en arri\u00e8re pr\u00e9cipitera immanquablement nos soci\u00e9t\u00e9s dans le chaos. Soyons r\u00e9alistes, le cancer financier a totalement m\u00e9tastas\u00e9 sur l\u2019ensemble de la plan\u00e8te. Pour filer la m\u00e9taphore, soit nous tuons rapidement le patient en essayant de le sauver (tentative de retour en arri\u00e8re), soit nous le regardons agoniser longuement avant de mourir (option TINA). Dans les deux cas, le chaos et l\u2019inconnu au bout du chemin\u2026<\/p>\n<p>Une sorte de Syrie a l\u2019\u00e9chelle plan\u00e9taire, o\u00f9 les ma\u00eetres du monde sont devenus suffisamment puissants pour refuser toute solution politique. Car en d\u00e9finitive c\u2019est bien de cela qu\u2019il s\u2019agit\u00a0: non d\u2019un trop plein de politique comme pourrait le laisser penser la logorrh\u00e9e incessante des politiciens professionnels que plus personne n\u2019\u00e9coute, mais bien d\u2019une absence totale de choix. D\u2019une absence de La politique, remplac\u00e9e par une th\u00e9ocratie financi\u00e8re imposant sa Loi divine.<\/p>\n<p>Alors comment discuter, comment trouver un terrain d\u2019entente avec des extr\u00e9mistes qui ont br\u00fbl\u00e9 leurs vaisseaux\u00a0? Comment discuter avec Wall Street ou la City\u00a0? Comment discuter avec Daech ou Bashar El-Assad\u00a0? Comment faire de la politique avec des forcen\u00e9s aussi d\u00e9lirants que surpuissants\u00a0?<\/p>\n<p>Comment \u00e9chapper \u00e0 la violence\u00a0?<\/p>\n<p>Et parmi leurs nombreux crimes, celui-ci est sans contexte un des plus graves. En refusant tout dialogue, en se pla\u00e7ant en dehors de la sph\u00e8re de la raison, ces fous vont nous obliger \u00e0 nous salir, \u00e0 descendre \u00e0 leur niveau.<\/p>\n<p>Encore et toujours cette m\u00eame mal\u00e9diction ancestrale\u00a0: devenir \u00e0 son tour inhumain pour vivre libre. Mais comment arr\u00eater alors la mont\u00e9e aux extr\u00eames\u00a0?<\/p>\n<p>Et la nature nous presse, elle n\u2019attendra pas. La limite des deux degr\u00e9s du r\u00e9chauffement global est d\u00e9j\u00e0 enfonc\u00e9e. Des centaines de millions, des milliards de r\u00e9fugi\u00e9s climatiques se mettront en marche d\u2019ici la fin du si\u00e8cle.<\/p>\n<p>Tic-Tac, serons-nous assez intelligents pour trouver une solution \u00e0 nos comportements suicidaires\u00a0?<\/p>\n<p>Tic-Tac, serons-nous assez lucides pour vaincre notre mal\u00e9diction ancestrale\u00a0?<\/p>\n<p>Tic-Tac, le destin d\u2019une esp\u00e8ce se joue sur une petite plan\u00e8te bleue perdue dans l\u2019oc\u00e9an cosmique.<\/p>\n<p>Tic-Tac\u2026<\/p>\n","protected":false},"excerpt":{"rendered":"<blockquote>\n<p>Billet invit\u00e9.<\/p>\n<\/blockquote>\n<p>Ceci est dans mon esprit plus un compl\u00e9ment, qu\u2019une r\u00e9ponse au billet de Michel Leis, <a href=\"http:\/\/www.pauljorion.com\/blog\/2014\/12\/15\/il-nest-dautres-voies-que-laction-politique-par-michel-leis\/\" target=\"_blank\">\u2018Il n\u2019est d\u2019autres voies que l\u2019action politique\u2019<\/a>. (Et puis\u2026 j\u2019ai aussi beaucoup de mal avec cette injonction commercialo-religieuse qui veut que nous soyons tous b\u00e9atement heureux \u00e0 l\u2019approche de No\u00ebl\u00a0!).<\/p>\n<blockquote>\n<p><em>\u00ab\u00a0Dans l\u2019antiquit\u00e9, les esclaves savaient qu\u2019ils [&hellip;]<\/em><\/p>\n<\/blockquote>\n","protected":false},"author":1,"featured_media":0,"comment_status":"closed","ping_status":"closed","sticky":false,"template":"","format":"standard","meta":{"footnotes":""},"categories":[1603],"tags":[711],"class_list":["post-71699","post","type-post","status-publish","format-standard","hentry","category-grand-tournant","tag-ultraliberalisme"],"_links":{"self":[{"href":"https:\/\/www.pauljorion.com\/blog\/wp-json\/wp\/v2\/posts\/71699","targetHints":{"allow":["GET"]}}],"collection":[{"href":"https:\/\/www.pauljorion.com\/blog\/wp-json\/wp\/v2\/posts"}],"about":[{"href":"https:\/\/www.pauljorion.com\/blog\/wp-json\/wp\/v2\/types\/post"}],"author":[{"embeddable":true,"href":"https:\/\/www.pauljorion.com\/blog\/wp-json\/wp\/v2\/users\/1"}],"replies":[{"embeddable":true,"href":"https:\/\/www.pauljorion.com\/blog\/wp-json\/wp\/v2\/comments?post=71699"}],"version-history":[{"count":2,"href":"https:\/\/www.pauljorion.com\/blog\/wp-json\/wp\/v2\/posts\/71699\/revisions"}],"predecessor-version":[{"id":71701,"href":"https:\/\/www.pauljorion.com\/blog\/wp-json\/wp\/v2\/posts\/71699\/revisions\/71701"}],"wp:attachment":[{"href":"https:\/\/www.pauljorion.com\/blog\/wp-json\/wp\/v2\/media?parent=71699"}],"wp:term":[{"taxonomy":"category","embeddable":true,"href":"https:\/\/www.pauljorion.com\/blog\/wp-json\/wp\/v2\/categories?post=71699"},{"taxonomy":"post_tag","embeddable":true,"href":"https:\/\/www.pauljorion.com\/blog\/wp-json\/wp\/v2\/tags?post=71699"}],"curies":[{"name":"wp","href":"https:\/\/api.w.org\/{rel}","templated":true}]}}