{"id":72011,"date":"2015-01-03T17:33:25","date_gmt":"2015-01-03T16:33:25","guid":{"rendered":"http:\/\/www.pauljorion.com\/blog\/?p=72011"},"modified":"2015-01-03T18:15:42","modified_gmt":"2015-01-03T17:15:42","slug":"le-temps-de-la-politique-est-revenu-par-francois-leclerc","status":"publish","type":"post","link":"https:\/\/www.pauljorion.com\/blog\/2015\/01\/03\/le-temps-de-la-politique-est-revenu-par-francois-leclerc\/","title":{"rendered":"<b>LE TEMPS DE LA POLITIQUE EST REVENU<\/b>, par Fran\u00e7ois  Leclerc"},"content":{"rendered":"<blockquote><p>Billet invit\u00e9.<\/p><\/blockquote>\n<p>Cette ann\u00e9e, la crise politique europ\u00e9enne va s\u2019exprimer dans toute sa dimension. Du Nord au Sud, les consultations \u00e9lectorales qui en sont une des occasions ne vont pas manquer, et celles qui vont se d\u00e9rouler en Gr\u00e8ce, au Portugal, au Royaume-Uni et en Espagne vont \u00eatre suivies de particuli\u00e8rement pr\u00e8s, en attendant les \u00e9ch\u00e9ances fran\u00e7aises et italiennes qui suivront. <\/p>\n<p>Le rejet et l\u2019affaiblissement des partis de gouvernement s\u2019approfondit, expression du refus de leurs politiques, ce qu\u2019elles ont en commun ayant tendance \u00e0 l\u2019emporter dans l\u2019opinion sur ce qui les diff\u00e9rencie. Mais le vide politique qui est ainsi apparu a \u00e9t\u00e9 combl\u00e9 de mani\u00e8re h\u00e9t\u00e9roclite, amalgam\u00e9 d\u00e9daigneusement par les <i>\u00e9lites<\/i> de la politique sous le terme de <i>populisme<\/i>. Suivant les pays, certains partis et mouvements s\u2019inscrivent dans une perspective europ\u00e9enne, tandis que d\u2019autres s\u2019affirment europhobes. Ne pas confondre. <\/p>\n<p>Continuer de donner une onction d\u00e9mocratique \u00e0 une politique qui ne s\u2019en embarrasse pas, va impliquer la cr\u00e9ation, l\u00e0 o\u00f9 cela est possible et par d\u00e9faut, de coalitions des partis de gouvernement, aucun d\u2019entre eux ne pouvant plus \u00e0 lui seul s\u2019imposer. La Gr\u00e8ce, l\u2019Espagne et le Portugal pourront \u00eatre tous les trois dans ce cas, ainsi que le Royaume-Uni, l\u2019alternance se heurtant en \u00c9cosse \u00e0 la mont\u00e9e des nationalistes au d\u00e9triment des travaillistes.<\/p>\n<p><!--more-->Les mouvements r\u00e9gionalistes expriment \u00e9galement leur pouss\u00e9e en Catalogne, et peut-\u00eatre \u00e0 nouveau demain dans le Nord de l\u2019Italie (la \u00ab\u00a0Padanie\u00a0\u00bb). A d\u00e9faut de se reconna\u00eetre dans une politique europ\u00e9enne alternative &#8211; que Syriza et Podemos tentent de construire &#8211; les tentations ne manquent pas de se replier pour vivre \u00e0 une autre \u00e9chelle suppos\u00e9e plus accueillante. Et quand elles ne sont pas r\u00e9gionales, elles sont nationales. Rejet et repli proc\u00e8dent d&rsquo;un m\u00eame mouvement. <\/p>\n<p>D\u00e9sormais install\u00e9 par le plus puissant parti, celui de la peur, un climat anxiog\u00e8ne favorise des courants x\u00e9nophobes et racistes affirm\u00e9s. Sans toujours aller aussi loin, de profonds mouvements d\u2019opinion qui ne trouvent pas d\u2019autre issue pour s\u2019exprimer permettent toutes les manipulations. La monnaie commune devenue un probl\u00e8me et non plus une solution, s\u2019en lib\u00e9rer est ressenti comme une aspiration \u00e0 la libert\u00e9. Hors de port\u00e9e, les institutions europ\u00e9ennes sont non sans raison d\u00e9nonc\u00e9es comme \u00e9tant les gardiennes de la politique d\u2019aust\u00e9rit\u00e9 et de remise en cause de l&rsquo;Etat providence, du bien-\u00eatre comme disent plus justement les anglo-saxons. Les dirigeants politiques apparaissent comme repr\u00e9sentants d\u2019une oligarchie r\u00e9gnante et non plus des citoyens. <\/p>\n<p>Dans la grande confusion et le d\u00e9sarroi qui se sont install\u00e9s, des points d\u2019appui sont recherch\u00e9s et des solutions autoritaires pourraient \u00eatre trouv\u00e9es. De surcro\u00eet, les \u00e9l\u00e9ments ne manquent pas qui permettent de d\u00e9crire les contours d\u2019une soci\u00e9t\u00e9 de surveillance et de contr\u00f4le social sur la piste des d\u00e9viances. L\u2019innovation technologique n\u2019est plus n\u00e9cessairement synonyme d\u2019un progr\u00e8s dont la marche en avant serait irr\u00e9sistible, l\u2019avenir n\u2019est plus radieux par construction. <\/p>\n<p>L\u2019apparition de mouvements porteurs de nouvelles aspirations devient un enjeu principal. Restant tr\u00e8s in\u00e9gale, celle-ci suppose une double rupture, avec les formes d\u00e9su\u00e8tes de l\u2019action politique, ainsi qu\u2019avec des visions qui s\u2019obstinent \u00e0 perp\u00e9tuer un cadre oppressif et in\u00e9galitaire au nom d\u2019une nature humaine de pacotille. Elle s\u2019appuie sur l\u2019\u00e9mergence de pratiques sociales qui pr\u00e9figurent une alternative fragile, qui restent marginales bien que s\u2019inscrivant dans l\u2019air du temps. La politique, c\u2019est la vie dans la Cit\u00e9, ce qui implique de trouver d\u2019autres mani\u00e8res d\u2019en profiter, porteuses de la force de l\u2019exemple et s\u2019inscrivant dans le cadre du d\u00e9veloppement des <i>biens communs<\/i> d\u00e9passant ceux de la propri\u00e9t\u00e9 priv\u00e9e et \u00e9tatique, qui sont devenus \u00e9triqu\u00e9s. C\u2019est ce long chemin qu\u2019emprunte son renouveau, l\u2019affaire de tous et non pas de professionnels. <\/p>\n<p>Dans l\u2019imm\u00e9diat, il n\u2019est pas interdit de faire \u00e0 notre tour un peu de politique, afin de ne pas laisser Syriza et Podemos seuls dans leurs coins de l\u2019Europe. <\/p>\n","protected":false},"excerpt":{"rendered":"<blockquote>\n<p>Billet invit\u00e9.<\/p>\n<\/blockquote>\n<p>Cette ann\u00e9e, la crise politique europ\u00e9enne va s\u2019exprimer dans toute sa dimension. Du Nord au Sud, les consultations \u00e9lectorales qui en sont une des occasions ne vont pas manquer, et celles qui vont se d\u00e9rouler en Gr\u00e8ce, au Portugal, au Royaume-Uni et en Espagne vont \u00eatre suivies de particuli\u00e8rement pr\u00e8s, en attendant les [&hellip;]<\/p>\n","protected":false},"author":37,"featured_media":0,"comment_status":"closed","ping_status":"closed","sticky":false,"template":"","format":"standard","meta":{"footnotes":""},"categories":[17],"tags":[2361,81,3481,1939],"class_list":["post-72011","post","type-post","status-publish","format-standard","hentry","category-politique","tag-biens-communs","tag-democratie","tag-podemos","tag-syriza"],"_links":{"self":[{"href":"https:\/\/www.pauljorion.com\/blog\/wp-json\/wp\/v2\/posts\/72011","targetHints":{"allow":["GET"]}}],"collection":[{"href":"https:\/\/www.pauljorion.com\/blog\/wp-json\/wp\/v2\/posts"}],"about":[{"href":"https:\/\/www.pauljorion.com\/blog\/wp-json\/wp\/v2\/types\/post"}],"author":[{"embeddable":true,"href":"https:\/\/www.pauljorion.com\/blog\/wp-json\/wp\/v2\/users\/37"}],"replies":[{"embeddable":true,"href":"https:\/\/www.pauljorion.com\/blog\/wp-json\/wp\/v2\/comments?post=72011"}],"version-history":[{"count":5,"href":"https:\/\/www.pauljorion.com\/blog\/wp-json\/wp\/v2\/posts\/72011\/revisions"}],"predecessor-version":[{"id":72016,"href":"https:\/\/www.pauljorion.com\/blog\/wp-json\/wp\/v2\/posts\/72011\/revisions\/72016"}],"wp:attachment":[{"href":"https:\/\/www.pauljorion.com\/blog\/wp-json\/wp\/v2\/media?parent=72011"}],"wp:term":[{"taxonomy":"category","embeddable":true,"href":"https:\/\/www.pauljorion.com\/blog\/wp-json\/wp\/v2\/categories?post=72011"},{"taxonomy":"post_tag","embeddable":true,"href":"https:\/\/www.pauljorion.com\/blog\/wp-json\/wp\/v2\/tags?post=72011"}],"curies":[{"name":"wp","href":"https:\/\/api.w.org\/{rel}","templated":true}]}}