{"id":72462,"date":"2015-01-21T08:59:45","date_gmt":"2015-01-21T07:59:45","guid":{"rendered":"http:\/\/www.pauljorion.com\/blog\/?p=72462"},"modified":"2015-01-21T14:50:15","modified_gmt":"2015-01-21T13:50:15","slug":"2015-une-annee-badiou-michea-wallerstein","status":"publish","type":"post","link":"https:\/\/www.pauljorion.com\/blog\/2015\/01\/21\/2015-une-annee-badiou-michea-wallerstein\/","title":{"rendered":"<b>2015 : Une ann\u00e9e \u00ab\u00a0Badiou-Mich\u00e9a-Wallerstein\u00a0\u00bb ?<\/b>"},"content":{"rendered":"<p>Nous allons bient\u00f4t f\u00eater les six ans de <a href='http:\/\/www.pauljorion.com\/blog\/wp-content\/uploads\/sc3a9miotique_de_la_crise_jmg_20091.pdf' target=\"_blank\">S\u00e9miotique de la crise<\/a>, le rapport de Jean Maxence Granier de <a href=\"http:\/\/www.think-out.fr\/\" target=\"_blank\">Think-Out Research &#038; Consulting<\/a>. Je vous en rappelle l&rsquo;argument, tel que je le r\u00e9sumais dans <a href=\"http:\/\/www.pauljorion.com\/blog\/?p=1993\" target=\"_blank\">un billet dat\u00e9 du 18 f\u00e9vrier 2009<\/a> :<\/p>\n<blockquote><p>[Jean Maxence Granier] distingue quatre conceptions &#8211; qu&rsquo;il appelle \u00ab postures \u00bb &#8211; de <strong>sortie d&rsquo;une crise<\/strong> appel\u00e9es A, B, C et D, s&rsquo;\u00e9tageant du b\u00e9nin A o\u00f9 le syst\u00e8me autor\u00e9gul\u00e9 oscille de mani\u00e8re cyclique, au catastrophique D, o\u00f9 il est irr\u00e9parable, en passant par B o\u00f9 le syst\u00e8me survit, bien que difficilement, pour retrouver sa forme originelle, et C o\u00f9 le syst\u00e8me survit mais uniquement parce qu&rsquo;il subit une authentique m\u00e9tamorphose et se retrouve \u00e0 l&rsquo;arriv\u00e9e tr\u00e8s diff\u00e9rent de son point de d\u00e9part. <\/p>\n<p>Pour A, Granier ne trouve aucun auteur qui d\u00e9fende cette interpr\u00e9tation de la crise et ceci dit-il, \u00e0 juste titre, parce qu&rsquo;elle d\u00e9passe d&rsquo;ores et d\u00e9j\u00e0 en gravit\u00e9 le stade o\u00f9 une telle lecture pourrait encore se justifier. Parmi les auteurs d\u00e9fendant une conception de type B, il retient Patrick Artus, Michel Aglietta et Jacques Attali. Pour la \u00ab posture \u00bb C, les trois noms retenus par lui sont Joseph Stiglitz, Paul Krugman et moi-m\u00eame. Et pour le type D, Alain Badiou, Jean-Claude Mich\u00e9a et Immanuel Wallerstein.\n<\/p><\/blockquote>\n<p>Qu&rsquo;ont fait nos dirigeants depuis six ans ? Ils ont adopt\u00e9 d&rsquo;enthousiasme une interpr\u00e9tation de la crise comme relevant du type A, et se sont efforc\u00e9s de reconstruire \u00e0 l&rsquo;identique le syst\u00e8me d\u00e9sastreusement endommag\u00e9. <\/p>\n<p>Cons\u00e9quence ? 2015 sera sans doute une ann\u00e9e \u00ab\u00a0Badiou-Mich\u00e9a-Wallerstein\u00a0\u00bb ! Bravo Messieurs !<\/p>\n<p><a href=\"http:\/\/www.pauljorion.com\/blog\/wp-content\/uploads\/2015declinaison_semiotiquedelacrise.jpg\"><img loading=\"lazy\" decoding=\"async\" src=\"http:\/\/www.pauljorion.com\/blog\/wp-content\/uploads\/2015declinaison_semiotiquedelacrise.jpg\" alt=\"2015declinaison_semiotiquedelacrise\" width=\"610\" height=\"610\" class=\"alignleft size-full wp-image-72480\" \/><\/a><\/p>\n<p>\u00a9 <a href=\"http:\/\/hervey.pagesperso-orange.fr\/\" target=\"_blank\">Hervey<\/a>.<\/p>\n","protected":false},"excerpt":{"rendered":"<p>Nous allons bient\u00f4t f\u00eater les six ans de <a href='http:\/\/www.pauljorion.com\/blog\/wp-content\/uploads\/sc3a9miotique_de_la_crise_jmg_20091.pdf' target=\"_blank\">S\u00e9miotique de la crise<\/a>, le rapport de Jean Maxence Granier de <a href=\"http:\/\/www.think-out.fr\/\" target=\"_blank\">Think-Out Research &#038; Consulting<\/a>. Je vous en rappelle l&rsquo;argument, tel que je le r\u00e9sumais dans <a href=\"http:\/\/www.pauljorion.com\/blog\/?p=1993\" target=\"_blank\">un billet dat\u00e9 du 18 f\u00e9vrier 2009<\/a> :<\/p>\n<blockquote>\n<p>[Jean Maxence Granier] distingue quatre conceptions &#8211; [&hellip;]<\/p>\n<\/blockquote>\n","protected":false},"author":1,"featured_media":0,"comment_status":"closed","ping_status":"closed","sticky":false,"template":"","format":"standard","meta":{"footnotes":""},"categories":[1,307],"tags":[1006,4093,369],"class_list":["post-72462","post","type-post","status-publish","format-standard","hentry","category-economie","category-finance","tag-alain-badiou","tag-immanuel-wallerstein","tag-jean-claude-michea"],"_links":{"self":[{"href":"https:\/\/www.pauljorion.com\/blog\/wp-json\/wp\/v2\/posts\/72462","targetHints":{"allow":["GET"]}}],"collection":[{"href":"https:\/\/www.pauljorion.com\/blog\/wp-json\/wp\/v2\/posts"}],"about":[{"href":"https:\/\/www.pauljorion.com\/blog\/wp-json\/wp\/v2\/types\/post"}],"author":[{"embeddable":true,"href":"https:\/\/www.pauljorion.com\/blog\/wp-json\/wp\/v2\/users\/1"}],"replies":[{"embeddable":true,"href":"https:\/\/www.pauljorion.com\/blog\/wp-json\/wp\/v2\/comments?post=72462"}],"version-history":[{"count":5,"href":"https:\/\/www.pauljorion.com\/blog\/wp-json\/wp\/v2\/posts\/72462\/revisions"}],"predecessor-version":[{"id":72481,"href":"https:\/\/www.pauljorion.com\/blog\/wp-json\/wp\/v2\/posts\/72462\/revisions\/72481"}],"wp:attachment":[{"href":"https:\/\/www.pauljorion.com\/blog\/wp-json\/wp\/v2\/media?parent=72462"}],"wp:term":[{"taxonomy":"category","embeddable":true,"href":"https:\/\/www.pauljorion.com\/blog\/wp-json\/wp\/v2\/categories?post=72462"},{"taxonomy":"post_tag","embeddable":true,"href":"https:\/\/www.pauljorion.com\/blog\/wp-json\/wp\/v2\/tags?post=72462"}],"curies":[{"name":"wp","href":"https:\/\/api.w.org\/{rel}","templated":true}]}}