{"id":72644,"date":"2015-01-27T11:09:10","date_gmt":"2015-01-27T10:09:10","guid":{"rendered":"http:\/\/www.pauljorion.com\/blog\/?p=72644"},"modified":"2015-01-27T11:43:30","modified_gmt":"2015-01-27T10:43:30","slug":"syriza-veut-marquer-des-points-par-francois-leclerc","status":"publish","type":"post","link":"https:\/\/www.pauljorion.com\/blog\/2015\/01\/27\/syriza-veut-marquer-des-points-par-francois-leclerc\/","title":{"rendered":"<b>SYRIZA VEUT MARQUER DES POINTS<\/b>, par Fran\u00e7ois Leclerc"},"content":{"rendered":"<blockquote><p>Billet invit\u00e9.<\/p><\/blockquote>\n<p>La victoire de Syriza continue de surprendre, une fois enregistr\u00e9 son accord avec le parti souverainiste de droite des Grecs ind\u00e9pendants afin de disposer d\u2019une majorit\u00e9 parlementaire. Le nouveau premier ministre Alexis Tsipras ne veut pas perdre de temps et adresse un message aussi bien aux Grecs qu\u2019\u00e0 leurs cr\u00e9anciers : il a l\u2019intention d\u2019accomplir ce qu\u2019il a promis. L\u2019accord de gouvernement semble s\u2019\u00eatre fait sur la base du programme de Thessalonique de septembre dernier de Syriza, qui pr\u00e9voit de nombreuses mesures sociales, dont certaines devraient \u00eatre vite propos\u00e9es \u00e0 l\u2019adoption du nouveau parlement, dont l\u2019augmentation du salaire minimum. De premi\u00e8res nominations de ministres devraient intervenir, dont celle de Yanis Varoufakis comme ministre des finances, et de Panos Kamennos (le leader des Grecs ind\u00e9pendants) \u00e0 la d\u00e9fense. <\/p>\n<p>Le message a \u00e9t\u00e9 re\u00e7u par des dirigeants europ\u00e9ens un peu bouscul\u00e9s et d\u00e9sar\u00e7onn\u00e9s, et il r\u00e9clame un temps de digestion. Sur le m\u00eame terrain que Martin Schulz, le pr\u00e9sident du parlement europ\u00e9en qui va se rendre \u00e0 Ath\u00e8nes, Fran\u00e7ois Hollande cherche \u00e0 se positionner pour \u00eatre l\u2019artisan d\u2019un futur compromis, et la seule d\u00e9cision qui a \u00e9merg\u00e9 de la r\u00e9union de l\u2019Eurogroupe est de donner du temps \u00e0 la n\u00e9gociation. Mais toute r\u00e9duction de la dette est \u00e0 ce stade consid\u00e9r\u00e9e comme impensable&#8230;<\/p>\n<p><!--more--><\/p>\n<p>En s\u2019alliant avec les Grecs ind\u00e9pendants, Syriza a d\u00e9\u00e7u les attentes de ceux qui attendaient une coalition avec To Potami. Mais cela aurait introduit le loup dans la bergerie, en raison des conditions mises par ce dernier parti. Reposant sur cette hypoth\u00e8se d\u00e9\u00e7ue, la perspective d&rsquo;un compromis qui avait pris corps s&rsquo;est \u00e9loign\u00e9e, comment pourrait-elle revenir ? Syriza a d\u00e9j\u00e0 montr\u00e9 qu\u2019il avait choisi son terrain prioritaire : l\u2019adoption des mesures sociales pr\u00e9vues \u00e0 son programme. Raison pour laquelle il s\u2019est oppos\u00e9 \u00e0 tout ce qui pourrait y faire obstacle, en premier lieu la poursuite des discussions dans le cadre fix\u00e9 par la <i>Tro\u00efka<\/i>. Une fois cet horizon d\u00e9gag\u00e9, la n\u00e9gociation sur la dette pourra ensuite prendre son temps, s\u2019il est accord\u00e9. Son r\u00e9am\u00e9nagement sans proc\u00e9der \u00e0 sa r\u00e9duction &#8211; le compromis qui \u00e9tait en g\u00e9n\u00e9ral \u00e9voqu\u00e9 &#8211; est politiquement attractif pour les dirigeants europ\u00e9ens, mais est irr\u00e9aliste car il suppose la r\u00e9alisation d\u2019un important exc\u00e9dent primaire pendant une tr\u00e8s longue p\u00e9riode, au prix de l\u2019accentuation de la crise sociale, durant laquelle il ne servira qu&rsquo;\u00e0 rembourser la dette. En v\u00e9rit\u00e9, les principaux cr\u00e9anciers de la Gr\u00e8ce &#8211; les membres de la Tro\u00efka &#8211; n\u2019ont le choix, tels qu&rsquo;il s&rsquo;y prennent, qu&rsquo;entre un d\u00e9faut n\u00e9goci\u00e9 et un d\u00e9faut accidentel. Comme ils ne veulent pas se r\u00e9soudre \u00e0 l&rsquo;une ou l&rsquo;autre de ces deux options, craignant le prix politique qui en r\u00e9sulterait, ils cherchent une solution repoussant au plus tard possible ces extr\u00e9mit\u00e9s, pour se cantonner \u00e0 un simple r\u00e9am\u00e9nagement de la dette. <\/p>\n<p>Les mesures destin\u00e9es \u00e0 favoriser la relance et \u00e0 d\u00e9gager un exc\u00e9dent budg\u00e9taire substantiel permettant de rembourser la dette ayant \u00e9chou\u00e9, vu la faiblesse de ses r\u00e9sultats, les dirigeants europ\u00e9ens devraient admettre qu&rsquo;il faut en changer et ne pas se r\u00e9fugier derri\u00e8re des pr\u00e9visions optimistes \u00e0 chaque fois d\u00e9menties. Leur homme \u00e0 Ath\u00e8nes n&rsquo;\u00e9tant m\u00eame pas  parvenu \u00e0 r\u00e9aliser le programme qui lui \u00e9tait imparti, peut-\u00eatre le moment serait-il venu de changer la donne et de permettre au nouveau gouvernement de r\u00e9aliser celui sur la base duquel il a \u00e9t\u00e9 \u00e9lu, en lui en laissant les moyens. Ceux-ci r\u00e9clament 12 milliards d\u2019euros, et pourraient \u00eatre trouv\u00e9s si le FMI transformait en ligne de cr\u00e9dit les versements qu\u2019elle a suspendus, et si la BCE faisait rouler ses cr\u00e9ances de l\u2019\u00e9t\u00e9. Une nouvelle approche pourrait \u00eatre adopt\u00e9e pour le remboursement de la dette, le faisant d\u00e9pendre de la croissance \u00e9conomique, une fois rallong\u00e9es les maturit\u00e9s et diminu\u00e9s les taux de la dette. Un pourcentage maximum de l&rsquo;exc\u00e9dent primaire y serait consacr\u00e9, afin de laisser au gouvernement les moyens d&rsquo;agir. <\/p>\n<p>Un tel dispositif permettrait \u00e0 la Gr\u00e8ce de s&rsquo;affranchir de sa mise sous tutelle et d&rsquo;engager des r\u00e9formes attaquant les nombreux parasitages de son \u00e9conomie, ainsi que la fraude fiscale ou les avantages indus, au lieu d&rsquo;induire une crise sociale profonde. Il sera temps, plus tard, de reprendre la n\u00e9gociation sur l&rsquo;effacement de la dette, une fois montr\u00e9 que le pays est en mesure de faire face \u00e0 une partie d&rsquo;entre elle, ce qui n&rsquo;est pas le cas actuellement. T\u00f4t ou tard, le tabou de la r\u00e9duction de la dette devra tomber. <\/p>\n<p>Pour ceux qui n&rsquo;en sont pas convaincus, il suffit de lire <a href=\"http:\/\/www.ft.com\/intl\/cms\/s\/0\/4cdc1898-9c1c-11e4-a6b6-00144feabdc0.html?siteedition=intl#axzz3Pxx4m65P\">l&rsquo;article de Reza Moghadam dans le Financial Times<\/a>, un connaisseur. Avant d&rsquo;atterrir chez Morgan Stanley, celui-ci a \u00e9t\u00e9 le directeur Europe du FMI, de 2011 \u00e0 2014, \u00e0 ce titre \u00e9troitement impliqu\u00e9 dans les n\u00e9gociations de la <i>Tro\u00efka<\/i>&#8230; <\/p>\n<p>Yanis Varoufakis est partisan de faire d\u00e9pendre le remboursement de la dette de l&rsquo;\u00e9volution du PIB. Voir notamment <a href=\"http:\/\/www.latribune.fr\/actualites\/economie\/international\/20150120trib9ab84d48e\/la-grece-peut-forcer-l-europe-a-changer.html\">cette interview dans La Tribune.<\/a><\/p>\n","protected":false},"excerpt":{"rendered":"<blockquote>\n<p>Billet invit\u00e9.<\/p>\n<\/blockquote>\n<p>La victoire de Syriza continue de surprendre, une fois enregistr\u00e9 son accord avec le parti souverainiste de droite des Grecs ind\u00e9pendants afin de disposer d\u2019une majorit\u00e9 parlementaire. Le nouveau premier ministre Alexis Tsipras ne veut pas perdre de temps et adresse un message aussi bien aux Grecs qu\u2019\u00e0 leurs cr\u00e9anciers : il a [&hellip;]<\/p>\n","protected":false},"author":37,"featured_media":0,"comment_status":"closed","ping_status":"closed","sticky":false,"template":"","format":"standard","meta":{"footnotes":""},"categories":[1,204,307,17],"tags":[1715,160,4102,4080,1939,2589],"class_list":["post-72644","post","type-post","status-publish","format-standard","hentry","category-economie","category-europe","category-finance","category-politique","tag-francois-hollande","tag-grece","tag-grecs-independants","tag-martin-schulz","tag-syriza","tag-yanis-varoufakis"],"_links":{"self":[{"href":"https:\/\/www.pauljorion.com\/blog\/wp-json\/wp\/v2\/posts\/72644","targetHints":{"allow":["GET"]}}],"collection":[{"href":"https:\/\/www.pauljorion.com\/blog\/wp-json\/wp\/v2\/posts"}],"about":[{"href":"https:\/\/www.pauljorion.com\/blog\/wp-json\/wp\/v2\/types\/post"}],"author":[{"embeddable":true,"href":"https:\/\/www.pauljorion.com\/blog\/wp-json\/wp\/v2\/users\/37"}],"replies":[{"embeddable":true,"href":"https:\/\/www.pauljorion.com\/blog\/wp-json\/wp\/v2\/comments?post=72644"}],"version-history":[{"count":3,"href":"https:\/\/www.pauljorion.com\/blog\/wp-json\/wp\/v2\/posts\/72644\/revisions"}],"predecessor-version":[{"id":72647,"href":"https:\/\/www.pauljorion.com\/blog\/wp-json\/wp\/v2\/posts\/72644\/revisions\/72647"}],"wp:attachment":[{"href":"https:\/\/www.pauljorion.com\/blog\/wp-json\/wp\/v2\/media?parent=72644"}],"wp:term":[{"taxonomy":"category","embeddable":true,"href":"https:\/\/www.pauljorion.com\/blog\/wp-json\/wp\/v2\/categories?post=72644"},{"taxonomy":"post_tag","embeddable":true,"href":"https:\/\/www.pauljorion.com\/blog\/wp-json\/wp\/v2\/tags?post=72644"}],"curies":[{"name":"wp","href":"https:\/\/api.w.org\/{rel}","templated":true}]}}