{"id":72722,"date":"2015-01-29T17:24:13","date_gmt":"2015-01-29T16:24:13","guid":{"rendered":"http:\/\/www.pauljorion.com\/blog\/?p=72722"},"modified":"2015-01-29T18:24:23","modified_gmt":"2015-01-29T17:24:23","slug":"loccasion-ou-jamais-par-francois-leclerc","status":"publish","type":"post","link":"https:\/\/www.pauljorion.com\/blog\/2015\/01\/29\/loccasion-ou-jamais-par-francois-leclerc\/","title":{"rendered":"<b>L&rsquo;OCCASION OU JAMAIS<\/b>, par Fran\u00e7ois Leclerc"},"content":{"rendered":"<blockquote><p>Billet invit\u00e9<\/p><\/blockquote>\n<p>Au sortir de sa rencontre avec Alexis Tsipras \u00e0 Ath\u00e8nes, le pr\u00e9sident du Parlement europ\u00e9en Martin Schulz a d\u00e9clar\u00e9 : \u00ab Il y avait une crainte qu&rsquo;Alexis Tsipras suive sa propre voie, mais cela n&rsquo;est pas vrai, il est en faveur d&rsquo;une discussion. La Gr\u00e8ce cherche des solutions sur une base commune avec ses partenaires europ\u00e9ens \u00bb. Puis il s\u2019est f\u00e9licit\u00e9 que \u00ab la lutte contre l&rsquo;\u00e9vasion fiscale et l&rsquo;injustice sociale qui est li\u00e9e \u00e0 l&rsquo;\u00e9vasion fiscale \u00bb figure parmi les priorit\u00e9s du premier ministre grec, avant de souhaiter que des \u00ab pas concrets \u00bb puissent intervenir demain \u00e0 l\u2019occasion de la venue du chef de file de l\u2019Eurogroupe, Jeroen Dijsselbloem.<\/p>\n<p>La politique europ\u00e9enne est-elle \u00e0 la veille d\u2019un tournant ? Cet assouplissement que les gouvernements italien et fran\u00e7ais ne sont pas parvenus \u00e0 obtenir, la nouvelle \u00e9quipe grecque serait-elle en passe d\u2019y parvenir ? Et, si c\u2019est le cas, quelle en sera la port\u00e9e ? Le simple fait d\u2019entamer des n\u00e9gociations en vue d\u2019un compromis s\u2019inscrit d\u00e9j\u00e0 en rupture avec la pratique \u00e9tablie. Que celui-ci \u00e9lude dans l\u2019imm\u00e9diat la question centrale de la dette ne serait pas \u00e9tonnant, car comment la Gr\u00e8ce pourrait-elle \u00e0 elle seule modifier le rapport de force \u00e0 ce propos ? Mais ce qui pourrait \u00eatre obtenu n\u2019est pas rien, puisqu\u2019il repr\u00e9senterait un premier pas : l\u2019abandon du dogme selon lequel les <i>r\u00e9formes structurelles<\/i> d\u2019inspiration n\u00e9olib\u00e9rale sont la voie \u00e0 obligatoirement emprunter. Les intentions affich\u00e9es du gouvernement grec, qu\u2019il a commenc\u00e9 \u00e0 mettre en musique, sont en effet oppos\u00e9es et s\u2019inspirent de principes de justice sociale. <\/p>\n<p>Michel Sapin, le ministre des finances fran\u00e7ais, d\u00e9clarait ce matin sur le blog de Jean Quatremer de Lib\u00e9ration : \u00ab Lorsqu\u2019on va parler au niveau europ\u00e9en de lutte contre la fraude et l\u2019optimisation fiscale abusive, de convergence fiscale et sociale, de rythme adapt\u00e9 dans la consolidation budg\u00e9taire, nous aurons un interlocuteur de plus sensible \u00e0 ces sujets. Syriza renforce le camp de ceux qui, comme nous ou le gouvernement italien, veulent une \u00e9volution des politiques europ\u00e9ennes. \u00bb Fran\u00e7ois Hollande et Matteo Renzi auront-ils une autre occasion d\u2019infl\u00e9chir la strat\u00e9gie europ\u00e9enne et sauront-ils saisir celle qui se pr\u00e9sente ? <\/p>\n<p>Yanis Varoufakis, le ministre grec des finances, va entamer lundi une tourn\u00e9e qui le conduira de Londres \u00e0 Paris, puis \u00e0 Rome. <\/p>\n","protected":false},"excerpt":{"rendered":"<blockquote>\n<p>Billet invit\u00e9<\/p>\n<\/blockquote>\n<p>Au sortir de sa rencontre avec Alexis Tsipras \u00e0 Ath\u00e8nes, le pr\u00e9sident du Parlement europ\u00e9en Martin Schulz a d\u00e9clar\u00e9 : \u00ab Il y avait une crainte qu&rsquo;Alexis Tsipras suive sa propre voie, mais cela n&rsquo;est pas vrai, il est en faveur d&rsquo;une discussion. La Gr\u00e8ce cherche des solutions sur une base commune avec [&hellip;]<\/p>\n","protected":false},"author":37,"featured_media":0,"comment_status":"closed","ping_status":"closed","sticky":false,"template":"","format":"standard","meta":{"footnotes":""},"categories":[1,204,307,17],"tags":[160,4080,3346,1939],"class_list":["post-72722","post","type-post","status-publish","format-standard","hentry","category-economie","category-europe","category-finance","category-politique","tag-grece","tag-martin-schulz","tag-michel-sapin","tag-syriza"],"_links":{"self":[{"href":"https:\/\/www.pauljorion.com\/blog\/wp-json\/wp\/v2\/posts\/72722","targetHints":{"allow":["GET"]}}],"collection":[{"href":"https:\/\/www.pauljorion.com\/blog\/wp-json\/wp\/v2\/posts"}],"about":[{"href":"https:\/\/www.pauljorion.com\/blog\/wp-json\/wp\/v2\/types\/post"}],"author":[{"embeddable":true,"href":"https:\/\/www.pauljorion.com\/blog\/wp-json\/wp\/v2\/users\/37"}],"replies":[{"embeddable":true,"href":"https:\/\/www.pauljorion.com\/blog\/wp-json\/wp\/v2\/comments?post=72722"}],"version-history":[{"count":3,"href":"https:\/\/www.pauljorion.com\/blog\/wp-json\/wp\/v2\/posts\/72722\/revisions"}],"predecessor-version":[{"id":72726,"href":"https:\/\/www.pauljorion.com\/blog\/wp-json\/wp\/v2\/posts\/72722\/revisions\/72726"}],"wp:attachment":[{"href":"https:\/\/www.pauljorion.com\/blog\/wp-json\/wp\/v2\/media?parent=72722"}],"wp:term":[{"taxonomy":"category","embeddable":true,"href":"https:\/\/www.pauljorion.com\/blog\/wp-json\/wp\/v2\/categories?post=72722"},{"taxonomy":"post_tag","embeddable":true,"href":"https:\/\/www.pauljorion.com\/blog\/wp-json\/wp\/v2\/tags?post=72722"}],"curies":[{"name":"wp","href":"https:\/\/api.w.org\/{rel}","templated":true}]}}