{"id":73118,"date":"2015-02-13T19:32:42","date_gmt":"2015-02-13T18:32:42","guid":{"rendered":"http:\/\/www.pauljorion.com\/blog\/?p=73118"},"modified":"2015-02-18T06:58:26","modified_gmt":"2015-02-18T05:58:26","slug":"notre-guerre-de-religion-europeenne-par-zebu","status":"publish","type":"post","link":"https:\/\/www.pauljorion.com\/blog\/2015\/02\/13\/notre-guerre-de-religion-europeenne-par-zebu\/","title":{"rendered":"<b>Notre guerre de religion europ\u00e9enne<\/b>, par Z\u00e9bu"},"content":{"rendered":"<blockquote><p>Billet invit\u00e9.<\/p><\/blockquote>\n<p>Quand Antonis Samaras, Premier Ministre de Gr\u00e8ce, entama les discussion avec la Tro\u00efka en 2014 sur les conditions pr\u00e9sidant au versement de la derni\u00e8re tranche de l&rsquo;aide europ\u00e9enne, il pensait qu&rsquo;il obtiendrait sans doute &lsquo;quelque chose&rsquo; qui lui permettrait de se pr\u00e9senter devant ses \u00e9lecteurs avec autre chose qu&rsquo;un &lsquo;simple&rsquo; exc\u00e9dent primaire budg\u00e9taire, &lsquo;quelque chose&rsquo; qui lui permettrait de dire \u00e0 ceux-ci que les sacrifices accomplis par les Grecs \u00e9taient maintenant reconnus. &lsquo;Quelque chose&rsquo; m\u00eame d&rsquo;ordre tout \u00e0 fait symbolique, comme par exemple un all\u00e8gement, voire une suppression de l&rsquo;intol\u00e9rable contr\u00f4le de la Gr\u00e8ce par la Tro\u00efka. Il n&rsquo;obtint rien, en prit acte et joua son va-tout en appelant \u00e0 des \u00e9lections qu&rsquo;il savait perdues d&rsquo;avance, et qu&rsquo;il perdit effectivement.<\/p>\n<p>De ceci, Alexis Tsipras tira sans doute un enseignement\u00a0: il n\u2019aurait rien \u00e0 attendre de la Tro\u00efka, jamais, quels que fussent ses engagements et ses r\u00e9sultats. Si Samaras &lsquo;l&rsquo;\u00e9l\u00e8ve mod\u00e8le&rsquo;, lui qui avait si bien et si consciencieusement appliqu\u00e9 les desiderata de la Commission Europ\u00e9enne, du FMI et de la BCE, n&rsquo;avait rien obtenu, comment lui, Tsipras, qui avant m\u00eame les \u00e9lections pr\u00f4nait de sortir de ce cadre, pouvait-il esp\u00e9rer quoique ce soit d\u2019autre qu&rsquo;une humiliation suppl\u00e9mentaire, sans all\u00e9ger en rien les souffrances du peuple grec\u00a0? Il n&rsquo;est ainsi gu\u00e8re \u00e9tonnant de constater que l&rsquo;entr\u00e9e en mati\u00e8re du nouveau gouvernement \u00e9lu et ce d\u00e8s les premiers jours, en nommant deux ministres &lsquo;faisant d\u00e9bat&rsquo; pour le moins et s&rsquo;alliant avec le parti nationaliste ANEL, a certainement \u00e0 voir avec ce raisonnement.<\/p>\n<p><!--more-->Des rumeurs circulent, \u00e9manant des institutions europ\u00e9ennes, que si le gouvernement grec avait su prendre le temps de n\u00e9gocier avec elles, que s&rsquo;il avait pris le soin de ne pas les provoquer d\u00e8s le d\u00e9part en nommant par exemple le parti pro-europ\u00e9en To Potami en lieu et place d&rsquo;ANEL, en acceptant de faire profil bas quelque temps, le gouvernement grec n&rsquo;en serait pas l\u00e0 o\u00f9 il est actuellement, \u00e0 savoir isol\u00e9 en Europe et l&rsquo;\u00e9p\u00e9e de Damocl\u00e8s de la BCE pendue au-dessus de sa t\u00eate. Un temps qu&rsquo;Antonis Samaras avait lui pris pendant six mois en 2014, pour tenter de n\u00e9gocier la moindre parcelle d&rsquo;assouplissement du programme \u00e0 appliquer, parcelle qu&rsquo;il n&rsquo;obtint jamais, m\u00eame sous la menace sans cesse croissante d&rsquo;un changement potentiel d&rsquo;interlocuteur pour les institutions europ\u00e9ennes avec l&rsquo;arriv\u00e9e au pouvoir du parti Syriza, changement qui devint pourtant effectif.<\/p>\n<p>On se souvient par ailleurs des chantages exerc\u00e9s par ces m\u00eames institutions europ\u00e9ennes sur les gouvernements nouvellement \u00e9lus d&rsquo;Irlande et de Chypre, et du refus d&rsquo;exercer le droit d\u00e9mocratique de poser la question au peuple grec par r\u00e9f\u00e9rendum en 2011 d&rsquo;accepter ou non le m\u00e9morandum.<\/p>\n<p>Ce discours ainsi pos\u00e9 par les institutions face au nouveau gouvernement grec pourrait sembler totalement incoh\u00e9rent si on n&rsquo;observait que la surface des choses.<\/p>\n<p>Car de fait, que l&rsquo;\u00e9l\u00e8ve grec r\u00e9ussisse ou qu&rsquo;il \u00e9choue, qu&rsquo;il tr\u00e9passe ou non, que son gouvernement s&rsquo;oppose ou non au programme d\u00e9fini, que des choix d\u00e9mocratiques soient ou non op\u00e9r\u00e9s, et m\u00eame le fait que la Gr\u00e8ce puisse \u00e9ventuellement sortir de l&rsquo;euro et provoquer ainsi l&rsquo;insondable et l&rsquo;inimaginable au sein de l&rsquo;Union europ\u00e9enne, tout ceci importe peu.<\/p>\n<p>Ce qui est en jeu est bien plus important que tout ceci, ce qui est en jeu est tout simplement la survie d&rsquo;une <a href=\"http:\/\/www.pauljorion.com\/blog\/2013\/11\/06\/les-pretres-dune-religion-feroce\/\" target=\"_blank\"><em>religion f\u00e9roce<\/em><\/a>, d\u00e9fendue par tous les moyens par des pr\u00eatres serviteurs du dogme.<\/p>\n<p>Car d\u00e8s lors\u00a0que\u00a0la moindre &lsquo;faveur&rsquo; ou &lsquo;d\u00e9rogation&rsquo; serait accord\u00e9e \u00e0 tel ou tel, tel autre voudrait alors la\u00a0solliciter pour lui-m\u00eame (voir m\u00eame pour tous les autres !) ce que l&rsquo;on refusait obstin\u00e9ment jusqu&rsquo;alors \u00e0 quiconque. Ce serait ouvrir ainsi une br\u00e8che dans le credo\u00a0d&rsquo;une foi qui ne peut \u00eatre remise en question, mettant ainsi en d\u00e9bat le pouvoir illimit\u00e9s d&rsquo;une religion sacrificielle et doloriste, o\u00f9 le paradis n&rsquo;est point en Europe mais dans les trait\u00e9s de sciences \u00e9conomiques, pour laquelle\u00a0ceux qui en endossent les habits auto-consacr\u00e9s en exercent automatiquement\u00a0le pouvoir associ\u00e9. La Tro\u00efka, cette moderne inquisition europ\u00e9enne, ne peut \u00eatre rejet\u00e9e par des populations consid\u00e9r\u00e9es membres de fait de cette religion d\u00e8s\u00a0leur naissance, sous peine justement d&rsquo;\u00eatre accus\u00e9es de cacher &lsquo;quelque chose&rsquo;, ce &lsquo;quelque chose&rsquo; qui justifie pr\u00e9cis\u00e9ment\u00a0que l&rsquo;inquisition ait \u00e9t\u00e9 cr\u00e9\u00e9e\u00a0: le diable \u00e9tant omnipr\u00e9sent, m\u00eame et surtout dans les d\u00e9tails, que tous et tout soient assujettis et contr\u00f4l\u00e9s, sans cesse, m\u00eame et y compris les \u00a0communiants les plus fervents d&rsquo;entre eux.<\/p>\n<p>Samaras en sait quelque chose.<\/p>\n<p>D\u00e8s lors, quand un Tsipras et un Varoufakis se dressent pour refuser la Tro\u00efka, arguant que leurs &lsquo;p\u00e9ch\u00e9s&rsquo; ont d\u00e9j\u00e0 \u00e9t\u00e9 expi\u00e9s par le prix des larmes, demandant l&rsquo;absolution et le droit \u00e0 ne plus vivre que sous les propres lois de la religion europ\u00e9enne et non plus seulement sous celle de la terreur inquisitoriale de la Tro\u00efka, ils ne re\u00e7urent que le rappel des fondements du dogme. Pire, quand ils os\u00e8rent remettre en cause ces m\u00eames fondements, faisant la d\u00e9monstration de leur incoh\u00e9rence et de leurs effets d\u00e9l\u00e9t\u00e8res, ils furent\u00a0menac\u00e9s d&rsquo;excommunication de la foi dans l&rsquo;ordo-lib\u00e9ralisme, en les expulsant de l&rsquo;euro unique et qu&rsquo;on leur retire \u00e0 terme le b\u00e9n\u00e9fice de la b\u00e9n\u00e9diction du renouvellement de la dette publique, tout en pla\u00e7ant les banques grecques sous la menace d&rsquo;une fin possible de l&rsquo;ordonnancement des saints sacrements de la liquidit\u00e9. Que sainte &lsquo;Emergency Liquidity Assistance&rsquo; soit avec nous!<\/p>\n<p>La question n&rsquo;est donc pas de savoir si le chantage d&rsquo;une excommunication parviendra \u00e0 convaincre un Tsipras et un Varoufakis de rentrer dans les rangs de l&rsquo;\u00c9glise\u00a0: ceux-l\u00e0 savent qu&rsquo;ils n&rsquo;ont rien \u00e0 attendre de celle-ci. Et la question n&rsquo;est pas non plus de savoir si le chantage au schisme religieux, qu&rsquo;il soit d\u00fb \u00e0\u00a0l&rsquo;excommunication de l&rsquo;Inquisition et de l&rsquo;\u00c9glise ou \u00e0\u00a0la sortie volontaire par la Gr\u00e8ce de l&rsquo;\u00c9glise comme par un anglicanisme d\u00e9butant, pourra imposer aux participants de cette guerre de religion europ\u00e9enne l&rsquo;apaisement des esprits n\u00e9cessaire pour entrer en n\u00e9gociation comme on entre en r\u00e9sipiscence. Car de fait, la question d\u00e9passe et de loin la nature des acteurs, leurs pouvoirs ou leurs faiblesse\u00a0: c&rsquo;est bien de l&rsquo;existence d&rsquo;une religion dont nous parlons.<\/p>\n<p>Si schisme il y a, il ne peut \u00eatre celui existant entre le sunnisme et le chiisme, guerre de filiation d&rsquo;avec le proph\u00e8te Mahomet et guerre de pouvoir, ni celui m\u00eame entre l&rsquo;\u00c9glise de Rome et l&rsquo;\u00c9glise de Constantinople luttant pour la primaut\u00e9 au sein de la chr\u00e9tient\u00e9, mais celle du protestantisme\u00a0: ceux qui protestent contre le ralliement impos\u00e9 aux dogmes de l&rsquo;\u00c9glise et qui partagent l&rsquo;id\u00e9al de r\u00e9forme d&rsquo;un Luther.<\/p>\n<p>On peut ainsi voir dans le discours m\u00eame des institutions europ\u00e9ennes que le simple fait de &lsquo;demander&rsquo; la reconduction du plan d&rsquo;aide et l&rsquo;acceptation de l&rsquo;existence et de l&rsquo;action de la Tro\u00efka (quitte \u00e0 ne plus la nommer ainsi, tant il est vrai que dans la pens\u00e9e magique de ces institutions, ne plus nommer c&rsquo;est retirer du fait m\u00eame le pouvoir) suffiraient \u00e0 permettre la n\u00e9gociation, et donc la reconduction de l&rsquo;acc\u00e8s aux liquidit\u00e9s europ\u00e9ennes.<\/p>\n<p>Ce qui compte, in fine, ce n&rsquo;est pas tant ce qui est ou ce qui est dit, mais bien ce qui est fait, au\u00a0sens d&rsquo;une acceptation, m\u00eame de fa\u00e7ade, des dogmes de la religion europ\u00e9enne. Ne pas accepter cela publiquement, c&rsquo;est cracher sur ces dogmes, c&rsquo;est insulter l&rsquo;\u00c9glise europ\u00e9enne et ses pr\u00eatres.<\/p>\n<p>Voil\u00e0 pourquoi nous, Europ\u00e9ens, allons entrer dans une de nos guerres de religion comme nous les aimons tant depuis des si\u00e8cles, non pas tant parce que la Gr\u00e8ce aura \u00e9t\u00e9 humili\u00e9e pour pouvoir arriver \u00e0 n\u00e9gocier, ou parce qu&rsquo;elle aura \u00e9t\u00e9 excommuni\u00e9e de l&rsquo;euro, mais bien parce que cette volont\u00e9 de r\u00e9forme ainsi exprim\u00e9e sera marginalis\u00e9e puis combattue afin que les dogmes, l&rsquo;\u00c9glise et ses pr\u00eatres puissent perdurer en Europe.<\/p>\n<p>Nous aurons donc nos &lsquo;Protestants&rsquo; \u00e0 nous, qu&rsquo;ils soient Grecs aujourd&rsquo;hui, Espagnols demain, Irlandais ensuite.<\/p>\n<p>Nous aurons nos excommuni\u00e9s, nous aurons nos ligues et nos factions, au sein de nos pays, de nos partis.<\/p>\n<p>Et quand nous serons \u00e9puis\u00e9s, \u00e9c\u0153ur\u00e9s par nos propres combats, demain ou dans plusieurs ann\u00e9es, dans une Europe exsangue et menac\u00e9e par le fascisme, nous\u00a0d\u00e9ciderons peut-\u00eatre alors de jeter aux orties cette &lsquo;science \u00e9conomique&rsquo; qui pr\u00e9tend d\u00e9tenir seule la v\u00e9rit\u00e9 et qui s&rsquo;est \u00e9rig\u00e9e en nouvelle religion de l&rsquo;Europe.<\/p>\n<p>Ceux qui seraient le plus \u00e0 m\u00eame de comprendre cette r\u00e9alit\u00e9 sont, paradoxalement en apparence, les Allemands. Car ils ont eu eux-m\u00eames \u00e0 sacrifier \u00e0 cette religion europ\u00e9enne, ils ont eu \u00e0 subir et continuent de le faire encore avec la r\u00e9duction des salaires, la pr\u00e9carisation g\u00e9n\u00e9ralis\u00e9e institu\u00e9e comme norme sociale, avant que de &lsquo;b\u00e9n\u00e9ficier&rsquo; d&rsquo;un rapport de force leur permettant d&rsquo;exercer le pouvoir temporel en Europe et de faire r\u00e9gner la foi de la religion europ\u00e9enne par-del\u00e0 leurs propres fronti\u00e8res. Gardiens et victimes de l&rsquo;orthodoxie, les Allemands ont pourtant demand\u00e9 l&rsquo;institution d&rsquo;un salaire minimum, le rel\u00e8vement de ces m\u00eames salaires, et commencent aussi \u00e0 manifester massivement contre les effets des politiques d&rsquo;aust\u00e9rit\u00e9 men\u00e9es en Allemagne, \u00e0 manifester m\u00eame contre l&rsquo;islamophobie r\u00e9pandue ouvertement par le mouvement Pegida, soutenus en cela par Mme Merkel.<\/p>\n<p>C&rsquo;est sans doute aux Fran\u00e7ais que revient le r\u00f4le de devoir expliquer \u00e0 leurs fr\u00e8res allemands, tant les liens du sang vers\u00e9 pendant plus d&rsquo;un si\u00e8cle ont fini par forger une fraternit\u00e9 par-del\u00e0 la pr\u00e9sence ou l&rsquo;absence d&rsquo;une amiti\u00e9, que cette religion \u00e0 laquelle ils participent n&rsquo;a rien d&rsquo;europ\u00e9enne, mais bien au contraire que celle-ci immole l&rsquo;Europe au nom d&rsquo;un ordre lib\u00e9ral qui ne peut exister et encore moins perdurer dans l&rsquo;in\u00e9galit\u00e9 institu\u00e9e dans le marbre de trait\u00e9s, aussi paraph\u00e9s soient-ils par tous les peuples\u00a0europ\u00e9ens, dont le grec.<\/p>\n<p>Il va falloir expliquer \u00e0 nos fr\u00e8res allemands qu&rsquo;il est temps qu&rsquo;ils se r\u00e9veillent, parce que la question n&rsquo;est pas celle de la Gr\u00e8ce, pas m\u00eame celle de l&rsquo;ordre et de la monnaie, mais bien celle de savoir si nous voulons enfin sortir de notre guerre de religion europ\u00e9enne pour enfin entrer dans le temps de l&rsquo;Europe.<\/p>\n<p>Excommunier ou faire plier la Gr\u00e8ce n&rsquo;y changera rien. D&rsquo;autres prendront la rel\u00e8ve, d&rsquo;autres protesteront.<\/p>\n<p>Les Allemands doivent, eux aussi, protester.<\/p>\n<p>Ils sont aujourd&rsquo;hui les meilleurs boucliers de la Gr\u00e8ce, et de l&rsquo;Europe.<\/p>\n","protected":false},"excerpt":{"rendered":"<blockquote>\n<p>Billet invit\u00e9.<\/p>\n<\/blockquote>\n<p>Quand Antonis Samaras, Premier Ministre de Gr\u00e8ce, entama les discussion avec la Tro\u00efka en 2014 sur les conditions pr\u00e9sidant au versement de la derni\u00e8re tranche de l&rsquo;aide europ\u00e9enne, il pensait qu&rsquo;il obtiendrait sans doute &lsquo;quelque chose&rsquo; qui lui permettrait de se pr\u00e9senter devant ses \u00e9lecteurs avec autre chose qu&rsquo;un &lsquo;simple&rsquo; exc\u00e9dent primaire budg\u00e9taire, [&hellip;]<\/p>\n","protected":false},"author":1,"featured_media":0,"comment_status":"closed","ping_status":"closed","sticky":false,"template":"","format":"standard","meta":{"footnotes":""},"categories":[2597,204],"tags":[160,4103,35,1593],"class_list":["post-73118","post","type-post","status-publish","format-standard","hentry","category-democratie-2","category-europe","tag-grece","tag-religion-feroce","tag-science-economique","tag-troika"],"_links":{"self":[{"href":"https:\/\/www.pauljorion.com\/blog\/wp-json\/wp\/v2\/posts\/73118","targetHints":{"allow":["GET"]}}],"collection":[{"href":"https:\/\/www.pauljorion.com\/blog\/wp-json\/wp\/v2\/posts"}],"about":[{"href":"https:\/\/www.pauljorion.com\/blog\/wp-json\/wp\/v2\/types\/post"}],"author":[{"embeddable":true,"href":"https:\/\/www.pauljorion.com\/blog\/wp-json\/wp\/v2\/users\/1"}],"replies":[{"embeddable":true,"href":"https:\/\/www.pauljorion.com\/blog\/wp-json\/wp\/v2\/comments?post=73118"}],"version-history":[{"count":4,"href":"https:\/\/www.pauljorion.com\/blog\/wp-json\/wp\/v2\/posts\/73118\/revisions"}],"predecessor-version":[{"id":73235,"href":"https:\/\/www.pauljorion.com\/blog\/wp-json\/wp\/v2\/posts\/73118\/revisions\/73235"}],"wp:attachment":[{"href":"https:\/\/www.pauljorion.com\/blog\/wp-json\/wp\/v2\/media?parent=73118"}],"wp:term":[{"taxonomy":"category","embeddable":true,"href":"https:\/\/www.pauljorion.com\/blog\/wp-json\/wp\/v2\/categories?post=73118"},{"taxonomy":"post_tag","embeddable":true,"href":"https:\/\/www.pauljorion.com\/blog\/wp-json\/wp\/v2\/tags?post=73118"}],"curies":[{"name":"wp","href":"https:\/\/api.w.org\/{rel}","templated":true}]}}