{"id":73198,"date":"2015-02-17T11:20:27","date_gmt":"2015-02-17T10:20:27","guid":{"rendered":"http:\/\/www.pauljorion.com\/blog\/?p=73198"},"modified":"2015-02-17T12:37:00","modified_gmt":"2015-02-17T11:37:00","slug":"on-en-sait-un-peu-plus-par-francois-leclerc-2","status":"publish","type":"post","link":"https:\/\/www.pauljorion.com\/blog\/2015\/02\/17\/on-en-sait-un-peu-plus-par-francois-leclerc-2\/","title":{"rendered":"<b>ON EN SAIT UN PEU PLUS&#8230;<\/b> par Fran\u00e7ois Leclerc"},"content":{"rendered":"<blockquote><p>Billet invit\u00e9. Ouvert aux commentaires.<\/p><\/blockquote>\n<p>L&rsquo;intention aurait \u00e9t\u00e9 de saboter un accord lors de la r\u00e9union d\u2019hier de l\u2019Eurogroupe que l\u2019on ne n\u2019y se serait pas pris autrement. La comparaison entre les deux projets successivement pr\u00e9sent\u00e9s au ministre grec des finances, l\u2019un avant la s\u00e9ance par Pierre Moscovici, et l\u2019autre durant celle-ci par Jeroen Dijsselbloem le met clairement en \u00e9vidence. On peut <a href=\"http:\/\/blogs.channel4.com\/paul-mason-blog\/leak-counterleak-achieve-greek-deal\/3329\">lire ici<\/a> le premier que Yanis Varoufakis a d\u00e9clar\u00e9 s\u2019\u00eatre pr\u00e9par\u00e9 \u00e0 signer.<\/p>\n<p>Plus question dans le second d\u2019entre eux du nouveau \u00ab programme interm\u00e9diaire \u00bb \u00e9voqu\u00e9 dans le premier, mais la r\u00e9f\u00e9rence insistante \u00e0 l\u2019actuel programme qui se termine (le deuxi\u00e8me <i>plan de sauvetage<\/i>). Pas d\u2019autre engagement des autorit\u00e9s europ\u00e9ennes \u00e0 propos des futures conditionnalit\u00e9s d\u2019une nouvelle aide financi\u00e8re que de \u00ab faire le meilleur usage des flexibilit\u00e9 existantes dans le programme actuel \u00bb.<\/p>\n<p>Sur la question cl\u00e9 des exc\u00e9dents budg\u00e9taires primaires, l\u2019accent est mis sur les montants d\u00e9j\u00e0 arr\u00eat\u00e9s, tandis que le document de Pierre Moscovici pr\u00e9voyait que la faisabilit\u00e9 de l\u2019objectif 2015 serait examin\u00e9e \u00e0 la lumi\u00e8re de l\u2019\u00e9volution de la situation \u00e9conomique. Enfin, au chapitre tr\u00e8s sensible de la priorit\u00e9 accord\u00e9e aux mesures destin\u00e9es \u00e0 faire face \u00e0 la \u00ab crise humanitaire \u00bb d\u00e9nonc\u00e9e par le gouvernement grec, le document de l\u2019Eurogroupe n\u2019\u00e9voque que \u00ab l\u2019am\u00e9lioration du bien-\u00eatre social \u00bb afin de ne pas avoir \u00e0 reconna\u00eetre les d\u00e9g\u00e2ts et de rendre probl\u00e9matique son adoption.<\/p>\n<p>Sans commentaire.<\/p>\n","protected":false},"excerpt":{"rendered":"<blockquote>\n<p>Billet invit\u00e9. Ouvert aux commentaires.<\/p>\n<\/blockquote>\n<p>L&rsquo;intention aurait \u00e9t\u00e9 de saboter un accord lors de la r\u00e9union d\u2019hier de l\u2019Eurogroupe que l\u2019on ne n\u2019y se serait pas pris autrement. La comparaison entre les deux projets successivement pr\u00e9sent\u00e9s au ministre grec des finances, l\u2019un avant la s\u00e9ance par Pierre Moscovici, et l\u2019autre durant celle-ci par Jeroen Dijsselbloem [&hellip;]<\/p>\n","protected":false},"author":37,"featured_media":0,"comment_status":"open","ping_status":"closed","sticky":false,"template":"","format":"standard","meta":{"footnotes":""},"categories":[204,17],"tags":[160,2501,2656,2589],"class_list":["post-73198","post","type-post","status-publish","format-standard","hentry","category-europe","category-politique","tag-grece","tag-jeroen-dijsselbloem","tag-pierre-moscovici","tag-yanis-varoufakis"],"_links":{"self":[{"href":"https:\/\/www.pauljorion.com\/blog\/wp-json\/wp\/v2\/posts\/73198","targetHints":{"allow":["GET"]}}],"collection":[{"href":"https:\/\/www.pauljorion.com\/blog\/wp-json\/wp\/v2\/posts"}],"about":[{"href":"https:\/\/www.pauljorion.com\/blog\/wp-json\/wp\/v2\/types\/post"}],"author":[{"embeddable":true,"href":"https:\/\/www.pauljorion.com\/blog\/wp-json\/wp\/v2\/users\/37"}],"replies":[{"embeddable":true,"href":"https:\/\/www.pauljorion.com\/blog\/wp-json\/wp\/v2\/comments?post=73198"}],"version-history":[{"count":6,"href":"https:\/\/www.pauljorion.com\/blog\/wp-json\/wp\/v2\/posts\/73198\/revisions"}],"predecessor-version":[{"id":73210,"href":"https:\/\/www.pauljorion.com\/blog\/wp-json\/wp\/v2\/posts\/73198\/revisions\/73210"}],"wp:attachment":[{"href":"https:\/\/www.pauljorion.com\/blog\/wp-json\/wp\/v2\/media?parent=73198"}],"wp:term":[{"taxonomy":"category","embeddable":true,"href":"https:\/\/www.pauljorion.com\/blog\/wp-json\/wp\/v2\/categories?post=73198"},{"taxonomy":"post_tag","embeddable":true,"href":"https:\/\/www.pauljorion.com\/blog\/wp-json\/wp\/v2\/tags?post=73198"}],"curies":[{"name":"wp","href":"https:\/\/api.w.org\/{rel}","templated":true}]}}