{"id":73405,"date":"2015-02-21T11:13:20","date_gmt":"2015-02-21T10:13:20","guid":{"rendered":"http:\/\/www.pauljorion.com\/blog\/?p=73405"},"modified":"2015-02-21T11:24:02","modified_gmt":"2015-02-21T10:24:02","slug":"une-liberte-tres-conditionnelle-par-francois-leclerc","status":"publish","type":"post","link":"https:\/\/www.pauljorion.com\/blog\/2015\/02\/21\/une-liberte-tres-conditionnelle-par-francois-leclerc\/","title":{"rendered":"<b>UNE LIBERT\u00c9 TR\u00c8S CONDITIONNELLE<\/b>, par Fran\u00e7ois Leclerc"},"content":{"rendered":"<blockquote><p>Billet invit\u00e9. Ouvert aux commentaires.<\/p><\/blockquote>\n<p>\u00ab Les Grecs vont avoir des difficult\u00e9s \u00e0 expliquer l\u2019accord \u00e0 leurs \u00e9lecteurs \u00bb, a comment\u00e9 Wolfgang Sch\u00e4uble \u00bb, qui n\u2019en semble pas m\u00e9content, tandis que Yanis Varoufakis se f\u00e9licite des \u00ab degr\u00e9s de libert\u00e9 \u00bb suppl\u00e9mentaires qu\u2019il accorde. Dans les faits, le gouvernement grec reste coinc\u00e9 dans un \u00e9tau financier et a obtenu comme principale concession la promesse d\u2019une flexibilit\u00e9 sur les objectifs pr\u00e9c\u00e9dents d\u2019exc\u00e9dent budg\u00e9taire de cette ann\u00e9e. <\/p>\n<p>Il va lui falloir attendre pour b\u00e9n\u00e9ficier du versement de la derni\u00e8re tranche de l\u2019aide financi\u00e8re qui \u00e9tait en suspens, sans filet de s\u00e9curit\u00e9. La principale pr\u00e9occupation \u00e9tant de contenir les retraits des banques grecques, la BCE ayant fait savoir que des mesures de contr\u00f4le de capitaux \u00e9taient d\u00e9sormais hors de question. La reprise des facilit\u00e9s de pr\u00eat de la BCE aux banques pr\u00e9c\u00e9demment supprim\u00e9es &#8211; qui permettront aux banques de financer le gouvernement en achetant des bons du Tr\u00e9sor &#8211; n\u2019allant pas n\u00e9cessairement \u00eatre imm\u00e9diate et pouvant \u00eatre plafonn\u00e9e. <\/p>\n<p><!--more-->Dans un tel contexte, la liste des mesures que le gouvernement grec doit soumettre pour approbation lundi prochain va devoir \u00eatre pes\u00e9e afin d\u2019\u00e9viter qu\u2019elle ne soit rejet\u00e9e, ce qui impliquerait la r\u00e9union d\u2019un nouvel Eurogroupe d\u00e8s mardi. Il lui faudra ensuite se soumettre \u00e0 une \u00e9tude d\u00e9taill\u00e9e de celles-ci avant accord final, pendant une p\u00e9riode pouvant aller jusqu\u2019\u00e0 la fin avril. Dans ces conditions, le \u00ab degr\u00e9 de libert\u00e9 \u00bb est chichement mesur\u00e9 ! <\/p>\n<p>S\u2019il augure d\u2019un nouveau round de discussions difficile pour le plan qui devra succ\u00e9der \u00e0 cette extension des accords pr\u00e9c\u00e9dents, qui se terminera en juin \u00e0 la veille d&rsquo;importantes \u00e9ch\u00e9ances de remboursement \u00e0 la BCE, il ne r\u00e8gle aucune des deux grandes questions auxquelles le gouvernement grec a tent\u00e9 d\u2019apporter une r\u00e9ponse coh\u00e9rente : quels objectifs r\u00e9alistes d\u2019exc\u00e9dent budg\u00e9taire doivent \u00eatre adopt\u00e9s pour l\u2019avenir ? comment la dette doit-elle \u00eatre restructur\u00e9e pour devenir soutenable ? Ces questions ne r\u00e9clamant pas une r\u00e9ponse imm\u00e9diate, on devine qu\u2019il sera tent\u00e9 de leur apporter une nouvelle fois une r\u00e9ponse \u00e9conomiquement irr\u00e9aliste. Mais elle sera politiquement correcte\u2026  <\/p>\n","protected":false},"excerpt":{"rendered":"<blockquote>\n<p>Billet invit\u00e9. Ouvert aux commentaires.<\/p>\n<\/blockquote>\n<p>\u00ab Les Grecs vont avoir des difficult\u00e9s \u00e0 expliquer l\u2019accord \u00e0 leurs \u00e9lecteurs \u00bb, a comment\u00e9 Wolfgang Sch\u00e4uble \u00bb, qui n\u2019en semble pas m\u00e9content, tandis que Yanis Varoufakis se f\u00e9licite des \u00ab degr\u00e9s de libert\u00e9 \u00bb suppl\u00e9mentaires qu\u2019il accorde. Dans les faits, le gouvernement grec reste coinc\u00e9 dans un \u00e9tau [&hellip;]<\/p>\n","protected":false},"author":37,"featured_media":0,"comment_status":"open","ping_status":"closed","sticky":false,"template":"","format":"standard","meta":{"footnotes":""},"categories":[204,20],"tags":[160],"class_list":["post-73405","post","type-post","status-publish","format-standard","hentry","category-europe","category-philosophie","tag-grece"],"_links":{"self":[{"href":"https:\/\/www.pauljorion.com\/blog\/wp-json\/wp\/v2\/posts\/73405","targetHints":{"allow":["GET"]}}],"collection":[{"href":"https:\/\/www.pauljorion.com\/blog\/wp-json\/wp\/v2\/posts"}],"about":[{"href":"https:\/\/www.pauljorion.com\/blog\/wp-json\/wp\/v2\/types\/post"}],"author":[{"embeddable":true,"href":"https:\/\/www.pauljorion.com\/blog\/wp-json\/wp\/v2\/users\/37"}],"replies":[{"embeddable":true,"href":"https:\/\/www.pauljorion.com\/blog\/wp-json\/wp\/v2\/comments?post=73405"}],"version-history":[{"count":4,"href":"https:\/\/www.pauljorion.com\/blog\/wp-json\/wp\/v2\/posts\/73405\/revisions"}],"predecessor-version":[{"id":73413,"href":"https:\/\/www.pauljorion.com\/blog\/wp-json\/wp\/v2\/posts\/73405\/revisions\/73413"}],"wp:attachment":[{"href":"https:\/\/www.pauljorion.com\/blog\/wp-json\/wp\/v2\/media?parent=73405"}],"wp:term":[{"taxonomy":"category","embeddable":true,"href":"https:\/\/www.pauljorion.com\/blog\/wp-json\/wp\/v2\/categories?post=73405"},{"taxonomy":"post_tag","embeddable":true,"href":"https:\/\/www.pauljorion.com\/blog\/wp-json\/wp\/v2\/tags?post=73405"}],"curies":[{"name":"wp","href":"https:\/\/api.w.org\/{rel}","templated":true}]}}