{"id":73710,"date":"2015-03-04T09:37:27","date_gmt":"2015-03-04T08:37:27","guid":{"rendered":"http:\/\/www.pauljorion.com\/blog\/?p=73710"},"modified":"2015-03-04T10:35:34","modified_gmt":"2015-03-04T09:35:34","slug":"grece-le-chemin-est-etroit-par-francois-leclerc","status":"publish","type":"post","link":"https:\/\/www.pauljorion.com\/blog\/2015\/03\/04\/grece-le-chemin-est-etroit-par-francois-leclerc\/","title":{"rendered":"<b>GR\u00c8CE, LE CHEMIN EST \u00c9TROIT<\/b>, par Fran\u00e7ois Leclerc"},"content":{"rendered":"<blockquote><p>Billet invit\u00e9.<\/p><\/blockquote>\n<p>Entre une \u00e9ch\u00e9ance du pr\u00eat du FMI et le remboursement\u00a0de bons du Tr\u00e9sor \u00e9mis, le gouvernement grec doit trouver six milliards d\u2019euros pour passer le cap du mois de mars, en attendant le dernier versement fin avril de 7 milliards d\u2019euros du deuxi\u00e8me <i>plan de sauvetage<\/i>, qui les financera si tout se passe bien. Prenant au mot Jeroen Dijsselbloem, le pr\u00e9sident de l&rsquo;Eurogroupe, qui a \u00e9voqu\u00e9 un d\u00e9blocage partiel de celui-ci avant l&rsquo;\u00e9ch\u00e9ance, Yanis Varoufakis affecte la s\u00e9r\u00e9nit\u00e9 \u00e0 propos de la tr\u00e9sorerie du gouvernement et annonce qu&rsquo;il va pr\u00e9senter le 9 mars \u00e0 l\u2019Eurogroupe un plan de six mesures \u00e0 mettre en \u0153uvre imm\u00e9diatement. Parmi celles-ci figurent un programme d&rsquo;aide humanitaire, la cr\u00e9ation d&rsquo;un nouveau corps de contr\u00f4leurs fiscaux, une r\u00e9forme de l&rsquo;administration fiscale et un projet de loi pour r\u00e9gler les dettes des contribuables vis-\u00e0-vis de l\u2019\u00c9tat et de la s\u00e9curit\u00e9 sociale dont les d\u00e9tails ne sont pas connus.<\/p>\n<p>Une question se pose encore \u00e0 ce stade : les autorit\u00e9s europ\u00e9ennes savent-elles vraiment \u00e0 quoi elles jouent ? Deux hypoth\u00e8ses se pr\u00e9sentent, et cela r\u00e9clame de leur part une clarification sans tarder. Elles peuvent soit s\u2019\u00eatre alarm\u00e9es de la situation dans laquelle elles ont elles-m\u00eames plong\u00e9 le gouvernement grec, et vouloir l\u2019assouplir, ou bien le condamner \u00e0 l&rsquo;asphyxie financi\u00e8re. Dans cette derni\u00e8re hypoth\u00e8se, qui joue avec le feu, ces autorit\u00e9s pourraient esp\u00e9rer trouver un interlocuteur plus complaisant avec qui n\u00e9gocier d\u2019ici juin prochain un 3<sup>\u00e8me<\/sup> plan de sauvetage. Car sous une forme ou une autre, celui-ci va \u00eatre indispensable pour maintenir la Gr\u00e8ce dans la zone euro, l&rsquo;objectif proclam\u00e9. <\/p>\n<p><!--more-->On peut dans ces conditions se demander pourquoi une sortie de l&rsquo;euro de la Gr\u00e8ce &#8211; ce fauteur de trouble &#8211; ne serait-elle pas en fin de compte d\u00e9cid\u00e9e ? Quelles en seraient donc les cons\u00e9quences, dont l\u2019on semble chercher \u00e0 se pr\u00e9munir avec aussi peu de ma\u00eetrise ? Le d\u00e9faut de la Gr\u00e8ce qui s\u2019en suivrait aurait pour cons\u00e9quence d\u2019accro\u00eetre le d\u00e9ficit de ses cr\u00e9anciers publics, les \u00c9tats europ\u00e9ens et la BCE, ne laissant comme choix aux premiers, une fois leur pertes constat\u00e9es, que d\u2019augmenter les imp\u00f4ts ou de r\u00e9duire leurs d\u00e9penses pour l\u2019absorber. \u00c0 d\u00e9faut, il en r\u00e9sulterait un accroissement de leur propre endettement, faisant dans la pratique voler en \u00e9clats le Trait\u00e9 de 2012 sur la stabilit\u00e9, la coordination et la gouvernance, plus commun\u00e9ment appel\u00e9 <i>pacte budg\u00e9taire europ\u00e9en<\/i>. Telle est la situation qu\u2019il est tent\u00e9 d\u2019\u00e9viter en repoussant \u00e0 plus tard l&rsquo;heure de v\u00e9rit\u00e9. Et c\u2019est aux Grecs d\u2019en payer le prix.<\/p>\n<p>Comment rendre soutenable une dette qui ne l\u2019est pas ? Les calculs montrent qu\u2019un r\u00e9\u00e9chelonnement de la dette et une diminution de ses int\u00e9r\u00eats impliquent de d\u00e9gager des exc\u00e9dents budg\u00e9taires r\u00e9clamant des recettes fiscales irr\u00e9alistes. Soit parce que la conjoncture \u00e9conomique g\u00e9n\u00e9rale ne s\u2019y pr\u00eate clairement pas, soit parce que cela suppose une accentuation des mesures d\u2019aust\u00e9rit\u00e9 aggravant encore la crise sociale. D\u2019entr\u00e9e de jeu, le ministre des finances grec Yanis Varoufakis a propos\u00e9 une solution qui s\u2019effor\u00e7ait de contourner les obstacles, mais celle-ci n\u2019a suscit\u00e9 aucune r\u00e9action dans un petit monde p\u00e9tri de conformisme et de respect des dogmes. Les autorit\u00e9s europ\u00e9ennes s&rsquo;en tiennent \u00e0 ces derniers, sans parvenir \u00e0 les faire concorder avec la r\u00e9alit\u00e9.  <\/p>\n<p>Pr\u00e9parant son avenir, Luis de Guindos, le ministre espagnol des finances qui aspire \u00e0 succ\u00e9der \u00e0 la t\u00eate de l\u2019Eurogroupe \u00e0 Jeroen Dijsselbloem en fin de mandat, a mang\u00e9 le morceau en \u00e9voquant le montant possible d\u2019un troisi\u00e8me <i>plan de sauvetage<\/i> de la Gr\u00e8ce : entre 30 et 50 milliards d\u2019euros. Pr\u00e8s de 11 milliards d\u2019euros devront \u00eatre rembours\u00e9s \u00e0 la BCE en juillet et ao\u00fbt prochains, montrant que la nouvelle aide n\u2019a \u00e0 nouveau pour objectif que de permettre \u00e0 la Gr\u00e8ce de rouler sa dette, coup\u00e9e du march\u00e9 \u00e0 moyen et long terme. Elle ne pourra pas disposer de ces fonds pour pratiquer une politique de relance qui seule lui permettrait de d\u00e9gager un exc\u00e9dent primaire compatible avec le remboursement de sa dette. Nous sommes l\u00e0 au c\u0153ur de la contradiction. Et la m\u00eame sempiternelle question va se trouver \u00e0 nouveau pos\u00e9e : quelles seront les contreparties exig\u00e9es au pr\u00e9texte de garantir le remboursement de la nouvelle aide ? <\/p>\n<p>Dans l\u2019imm\u00e9diat, la strat\u00e9gie de tension ne peut que se poursuivre. De son c\u00f4t\u00e9, le gouvernement grec va vivre d\u2019exp\u00e9dients et concr\u00e9tiser par de nouvelles lois ses intentions afin de ne pas trahir ses promesses \u00e9lectorales et de s&rsquo;inscrire dans le cadre de ses engagements europ\u00e9ens, tout en \u00e9tant d\u00e9muni de moyens financiers. <\/p>\n<p>Voil\u00e0 en attendant l\u2019enjeu de la situation en Gr\u00e8ce vu par Jean-Claude Juncker, pr\u00e9sident de la Commission europ\u00e9enne et ancien premier ministre du principal paradis fiscal europ\u00e9en : \u00ab Tsipras a fait un pas fondamental : il a commenc\u00e9 \u00e0 assumer ses responsabilit\u00e9s. Mais il a un probl\u00e8me : il doit encore expliquer que certaines des promesses avec lesquelles il a emport\u00e9 les \u00e9lections ne seront pas tenues \u00bb. Il ajoute ce commentaire se voulant d\u00e9finitif, \u00ab les \u00e9lections ne changent pas les trait\u00e9s \u00bb. <\/p>\n","protected":false},"excerpt":{"rendered":"<blockquote>\n<p>Billet invit\u00e9.<\/p>\n<\/blockquote>\n<p>Entre une \u00e9ch\u00e9ance du pr\u00eat du FMI et le remboursement\u00a0de bons du Tr\u00e9sor \u00e9mis, le gouvernement grec doit trouver six milliards d\u2019euros pour passer le cap du mois de mars, en attendant le dernier versement fin avril de 7 milliards d\u2019euros du deuxi\u00e8me <i>plan de sauvetage<\/i>, qui les financera si tout se passe [&hellip;]<\/p>\n","protected":false},"author":37,"featured_media":0,"comment_status":"closed","ping_status":"closed","sticky":false,"template":"","format":"standard","meta":{"footnotes":""},"categories":[204,17],"tags":[160],"class_list":["post-73710","post","type-post","status-publish","format-standard","hentry","category-europe","category-politique","tag-grece"],"_links":{"self":[{"href":"https:\/\/www.pauljorion.com\/blog\/wp-json\/wp\/v2\/posts\/73710","targetHints":{"allow":["GET"]}}],"collection":[{"href":"https:\/\/www.pauljorion.com\/blog\/wp-json\/wp\/v2\/posts"}],"about":[{"href":"https:\/\/www.pauljorion.com\/blog\/wp-json\/wp\/v2\/types\/post"}],"author":[{"embeddable":true,"href":"https:\/\/www.pauljorion.com\/blog\/wp-json\/wp\/v2\/users\/37"}],"replies":[{"embeddable":true,"href":"https:\/\/www.pauljorion.com\/blog\/wp-json\/wp\/v2\/comments?post=73710"}],"version-history":[{"count":5,"href":"https:\/\/www.pauljorion.com\/blog\/wp-json\/wp\/v2\/posts\/73710\/revisions"}],"predecessor-version":[{"id":73715,"href":"https:\/\/www.pauljorion.com\/blog\/wp-json\/wp\/v2\/posts\/73710\/revisions\/73715"}],"wp:attachment":[{"href":"https:\/\/www.pauljorion.com\/blog\/wp-json\/wp\/v2\/media?parent=73710"}],"wp:term":[{"taxonomy":"category","embeddable":true,"href":"https:\/\/www.pauljorion.com\/blog\/wp-json\/wp\/v2\/categories?post=73710"},{"taxonomy":"post_tag","embeddable":true,"href":"https:\/\/www.pauljorion.com\/blog\/wp-json\/wp\/v2\/tags?post=73710"}],"curies":[{"name":"wp","href":"https:\/\/api.w.org\/{rel}","templated":true}]}}