{"id":74005,"date":"2015-03-16T22:11:40","date_gmt":"2015-03-16T21:11:40","guid":{"rendered":"http:\/\/www.pauljorion.com\/blog\/?p=74005"},"modified":"2015-03-16T22:11:57","modified_gmt":"2015-03-16T21:11:57","slug":"pollution-on-remet-une-couche-atmospherique-par-francois-corre","status":"publish","type":"post","link":"https:\/\/www.pauljorion.com\/blog\/2015\/03\/16\/pollution-on-remet-une-couche-atmospherique-par-francois-corre\/","title":{"rendered":"<b>Pollution : on remet une couche&#8230; atmosph\u00e9rique<\/b>, par Fran\u00e7ois Corre"},"content":{"rendered":"<blockquote><p>Billet invit\u00e9<\/p><\/blockquote>\n<p>Hier une\u00a0<i>\u00ab\u00a0alerte pour \u00e9pisode de pollution\u00a0\u00bb<\/i> de\u00a0<a href=\"http:\/\/www.airnormand.fr\/Risque-de-pollution\/Alerte?n=PP2SEI&amp;d=2015-03-15%2014:00:00\" target=\"_blank\">AirNormand<\/a>\u00a0est tomb\u00e9e dans ma bo\u00eete mail, mais du niveau\u00a0<i>\u00ab\u00a0proc\u00e9dure d&rsquo;information et de recommandation\u00a0\u00bb<\/i>, en couleur orange sur la carte, c&rsquo;est rassurant&#8230; Notons les\u00a0<a href=\"http:\/\/www.airnormand.fr\/L-air-le-b.a-ba\/Consignes-de-precaution\" target=\"_blank\">\u00ab\u00a0consignes de pr\u00e9caution\u00a0\u00bb<\/a>\u00a0assez d\u00e9taill\u00e9es, un d\u00e9lice linguistique, et \u00ab\u00a0de principe\u00a0\u00bb bien s\u00fbr&#8230;<\/p>\n<p>En extrapolant un tout petit peu, si on suit \u00e0 la lettre ces consignes, il faudrait donc fermer les \u00e9coles, au moins maternelles et primaires, ou bien conseiller aux personnes travaillant dans un domaine comportant des\u00a0<i>\u00ab\u00a0activit\u00e9s physiques intenses\u00a0\u00bb<\/i>, comme les chantiers de travaux publics ou de construction par exemple, de laisser de c\u00f4t\u00e9 la pelle et le marteau-piqueur, de pratiquer des <i>\u00ab\u00a0exercices plus calmes\u00a0\u00bb<\/i>, voire m\u00eame de les inciter \u00e0 rester chez eux. Certes, \u00e7a risque de faire pas mal de jours d&rsquo;arr\u00eats sur une ann\u00e9e&#8230; Et la productivit\u00e9, y avez-vous pens\u00e9 \u00e0 la productivit\u00e9 ?<\/p>\n<p><!--more-->D\u00e9j\u00e0 signal\u00e9 sur le blog, on peut zyeuter sur\u00a0<a href=\"http:\/\/www2.prevair.org\/\" target=\"_blank\">Prev&rsquo;Air<\/a>, pour une vision un peu plus large&#8230; Apr\u00e8s une journ\u00e9e assez m\u00e9diocre hier le 15 mars, c&rsquo;\u00e9tait plut\u00f4t en am\u00e9lioration pour ce 16 mars, mais les pr\u00e9visions en PM10 pour les journ\u00e9es du 17 et 18 (et au del\u00e0 ?), bien qu&rsquo;inf\u00e9rieures aux derniers records de mars 2014, sont tr\u00e8s prometteuses (donn\u00e9es semblables pour les PM 2,5) !<\/p>\n<p>Bien s\u00fbr ces &lsquo;pointes&rsquo; sont consid\u00e9r\u00e9es comme des \u00e9pisodes, mais quand la s\u00e9rie commence \u00e0 \u00eatre un peu longue, on se lasse&#8230; Pour faire vraiment quelques actions efficaces, il faudrait &lsquo;arr\u00eater&rsquo; beaucoup de choses le temps n\u00e9cessaire, un vrai projet politique ambitieux en somme ! Oui mais \u00e7a, vous savez bien que &lsquo;cela ne va pas \u00eatre possible&rsquo;&#8230; Enfin, pour l&rsquo;instant.<\/p>\n<p><a href=\"http:\/\/www.pauljorion.com\/blog\/wp-content\/uploads\/Fran\u00e7ois-Corre01.png\"><img loading=\"lazy\" decoding=\"async\" src=\"http:\/\/www.pauljorion.com\/blog\/wp-content\/uploads\/Fran\u00e7ois-Corre01.png\" alt=\"Fran\u00e7ois Corre01\" width=\"700\" height=\"407\" class=\"aligncenter size-full wp-image-74010\" \/><\/a><\/p>\n<p><a href=\"http:\/\/www.pauljorion.com\/blog\/wp-content\/uploads\/Fran\u00e7ois-Corre-02.png\"><img loading=\"lazy\" decoding=\"async\" src=\"http:\/\/www.pauljorion.com\/blog\/wp-content\/uploads\/Fran\u00e7ois-Corre-02.png\" alt=\"Fran\u00e7ois Corre 02\" width=\"700\" height=\"407\" class=\"aligncenter size-full wp-image-74011\" \/><\/a><\/p>\n","protected":false},"excerpt":{"rendered":"<blockquote>\n<p>Billet invit\u00e9<\/p>\n<\/blockquote>\n<p>Hier une\u00a0<i>\u00ab\u00a0alerte pour \u00e9pisode de pollution\u00a0\u00bb<\/i> de\u00a0<a href=\"http:\/\/www.airnormand.fr\/Risque-de-pollution\/Alerte?n=PP2SEI&amp;d=2015-03-15%2014:00:00\" target=\"_blank\">AirNormand<\/a>\u00a0est tomb\u00e9e dans ma bo\u00eete mail, mais du niveau\u00a0<i>\u00ab\u00a0proc\u00e9dure d&rsquo;information et de recommandation\u00a0\u00bb<\/i>, en couleur orange sur la carte, c&rsquo;est rassurant&#8230; Notons les\u00a0<a href=\"http:\/\/www.airnormand.fr\/L-air-le-b.a-ba\/Consignes-de-precaution\" target=\"_blank\">\u00ab\u00a0consignes de pr\u00e9caution\u00a0\u00bb<\/a>\u00a0assez d\u00e9taill\u00e9es, un d\u00e9lice linguistique, et \u00ab\u00a0de principe\u00a0\u00bb bien s\u00fbr&#8230;<\/p>\n<p>En extrapolant un tout petit peu, si on suit [&hellip;]<\/p>\n","protected":false},"author":38,"featured_media":0,"comment_status":"closed","ping_status":"closed","sticky":false,"template":"","format":"standard","meta":{"footnotes":""},"categories":[22],"tags":[961],"class_list":["post-74005","post","type-post","status-publish","format-standard","hentry","category-ecologie","tag-pollution"],"_links":{"self":[{"href":"https:\/\/www.pauljorion.com\/blog\/wp-json\/wp\/v2\/posts\/74005","targetHints":{"allow":["GET"]}}],"collection":[{"href":"https:\/\/www.pauljorion.com\/blog\/wp-json\/wp\/v2\/posts"}],"about":[{"href":"https:\/\/www.pauljorion.com\/blog\/wp-json\/wp\/v2\/types\/post"}],"author":[{"embeddable":true,"href":"https:\/\/www.pauljorion.com\/blog\/wp-json\/wp\/v2\/users\/38"}],"replies":[{"embeddable":true,"href":"https:\/\/www.pauljorion.com\/blog\/wp-json\/wp\/v2\/comments?post=74005"}],"version-history":[{"count":3,"href":"https:\/\/www.pauljorion.com\/blog\/wp-json\/wp\/v2\/posts\/74005\/revisions"}],"predecessor-version":[{"id":74014,"href":"https:\/\/www.pauljorion.com\/blog\/wp-json\/wp\/v2\/posts\/74005\/revisions\/74014"}],"wp:attachment":[{"href":"https:\/\/www.pauljorion.com\/blog\/wp-json\/wp\/v2\/media?parent=74005"}],"wp:term":[{"taxonomy":"category","embeddable":true,"href":"https:\/\/www.pauljorion.com\/blog\/wp-json\/wp\/v2\/categories?post=74005"},{"taxonomy":"post_tag","embeddable":true,"href":"https:\/\/www.pauljorion.com\/blog\/wp-json\/wp\/v2\/tags?post=74005"}],"curies":[{"name":"wp","href":"https:\/\/api.w.org\/{rel}","templated":true}]}}