{"id":74361,"date":"2015-03-29T15:54:11","date_gmt":"2015-03-29T14:54:11","guid":{"rendered":"http:\/\/www.pauljorion.com\/blog\/?p=74361"},"modified":"2015-03-29T22:04:23","modified_gmt":"2015-03-29T21:04:23","slug":"plaidoyer-sarcastique-mais-neanmoins-argumente-pour-le-remplacement-de-la-troika-par-une-autorite-de-curatelle-par-georges-lagarde","status":"publish","type":"post","link":"https:\/\/www.pauljorion.com\/blog\/2015\/03\/29\/plaidoyer-sarcastique-mais-neanmoins-argumente-pour-le-remplacement-de-la-troika-par-une-autorite-de-curatelle-par-georges-lagarde\/","title":{"rendered":"<b>Plaidoyer sarcastique mais n\u00e9anmoins argument\u00e9 pour le remplacement de la Tro\u00efka par une <em>Autorit\u00e9 de curatelle<\/em><\/b>, par Georges Lagarde"},"content":{"rendered":"<blockquote><p>Billet invit\u00e9. Ouvert aux commentaires.<\/p><\/blockquote>\n<p dir=\"ltr\">Remplacer la Tro\u00efka improvis\u00e9e\u00a0en mai 2010 par autorit\u00e9 de curatelle adapt\u00e9e aux r\u00e9alit\u00e9s nouvelles r\u00e9sultant \u00e0 la fois du trait\u00e9 de Lisbonne, du pacte budg\u00e9taire europ\u00e9en (TSCG) et de la crise \u00e9conomique et financi\u00e8re est devenu indispensable et urgent.<\/p>\n<p dir=\"ltr\">Cette Autorit\u00e9 de Curatelle Tripartite (ACT) aurait pour fonction d&rsquo;assurer, apr\u00e8s d\u00e9cision d&rsquo;une Cour Europ\u00e9enne des Tutelles, la protection de tout gouvernement national dont les d\u00e9cisions (1) ne seraient pas conformes aux Trait\u00e9s ou (2) iraient \u00e0 l&rsquo;encontre des d\u00e9cisions du Conseil ou de la Commission ou (3) feraient obstacle \u00e0 l&rsquo;action de la Banque Centrale Europ\u00e9enne.<\/p>\n<p dir=\"ltr\">Un gouvernement prot\u00e9g\u00e9 pourrait continuer \u00e0 accomplir en toute souverainet\u00e9 la plupart des actes qui lui sont habituellement d\u00e9volus. Cependant, pour certains de ces actes tels que le budget, les imp\u00f4ts ou les privatisations, pour lesquels les int\u00e9r\u00eats de l&rsquo;Union s&rsquo;opposent souvent \u00e0 ceux du pays concern\u00e9, le gouvernement prot\u00e9g\u00e9 devrait se soumettre au contr\u00f4le de l&rsquo;ACT et suivre imp\u00e9rativement ses conseils.<\/p>\n<p><!--more--><\/p>\n<p dir=\"ltr\">Depuis la d\u00e9claration de\u00a0Jyrki Katainen\u00a0vice-pr\u00e9sident de la Commission europ\u00e9enne : \u00ab\u00a0We don\u2019t change policies depending on elections\u201d, qui reprend sous une forme concise et limpide d&rsquo;autres d\u00e9clarations allant dans le m\u00eame sens, il est devenu clair que, de quelques tendances qu&rsquo;ils soient, les programmes politiques d\u00e9raisonnables, populistes et extr\u00e9mistes ne sont pas compatibles avec les r\u00e8gles de l&rsquo;Union. Dans un ensemble qui compte pas loin d&rsquo;une trentaine de membres, les revirements \u00e9lectoraux trop fr\u00e9quents et les gouvernements instables auxquels ils conduisent n&rsquo;ont plus leur place et ce d&rsquo;autant plus que cette instabilit\u00e9 risque de mettre en p\u00e9ril la monnaie unique, r\u00e9sultat des efforts et des sacrifices de tous.<\/p>\n<p dir=\"ltr\">Le remplacement du gouvernement\u00a0Berlusconi, incapable de se conformer au r\u00e8gles communautaires, par celui de Mario Monti \u00e0 la suite des pressions exerc\u00e9es par la BCE et accessoirement par les membres les plus influents du Conseil et de la Commission n&rsquo;a abouti \u00e0 aucun r\u00e9sultat durable, ce gouvernement ayant \u00e9t\u00e9 balay\u00e9 par le suffrage universel \u00e0 la premi\u00e8re occasion &#8230;ceci n&#8217;emp\u00eachant d&rsquo;ailleurs pas\u00a0une large majorit\u00e9\u00a0d&rsquo;\u00e9lecteurs de\u00a0se dire attach\u00e9s \u00e0 l&rsquo;Europe et oppos\u00e9s \u00e0 l&rsquo;abandon de l&rsquo;euro!<\/p>\n<p dir=\"ltr\">Le chantage permanent exerc\u00e9 par des partis favorables \u00e0 la sortie de l&rsquo;UE pour les uns ou l&rsquo;abandon de l&rsquo;euro pour les autres, apr\u00e8s r\u00e9f\u00e9rendum ou non, est incompatible avec la stabilit\u00e9 n\u00e9cessaire \u00e0 l&rsquo;\u00e9conomie de march\u00e9 et a fortiori avec le financement des \u00c9tats membres par ce m\u00eame march\u00e9, deux des choses auxquelles nous nous sommes engag\u00e9s par des trait\u00e9s irr\u00e9versibles et de plus en plus contraignants.<\/p>\n<p dir=\"ltr\">Seuls des programmes politiques conformes aux trait\u00e9s et tenant compte de mani\u00e8re r\u00e9aliste du principe de suppl\u00e9ance comme du principe de subsidiarit\u00e9 peuvent permettre un fonctionnement harmonieux des institutions et assurer la stabilit\u00e9 indispensable \u00e0 la coh\u00e9rence d&rsquo;un ensemble europ\u00e9en attach\u00e9 \u00e0 sa monnaie commune.<\/p>\n<p dir=\"ltr\">La Cour Europ\u00e9enne des Tutelles, \u00e0 qui il reviendrait de d\u00e9cider de la mise en curatelle, pourrait faire penser \u00e0 la Cour Supr\u00eame des \u00c9tats-Unis qui est appel\u00e9e \u00e0 trancher dans d&rsquo;innombrables et in\u00e9vitables querelles de r\u00e9partition des pouvoirs entre les \u00c9tats de l&rsquo;Union et les institutions f\u00e9d\u00e9rales. La Cour Supr\u00eame a par exemple d\u00e9cid\u00e9 en 1857 que les Noirs n&rsquo;\u00e9taient pas et ne pouvaient pas \u00eatre citoyens des \u00c9tats-Unis ou encore que le gouvernement f\u00e9d\u00e9ral ne pouvait pas interdire l&rsquo;esclavage dans les territoires de l&rsquo;Ouest (cette derni\u00e8re d\u00e9cision s&rsquo;\u00e9tant av\u00e9r\u00e9e par la suite une des causes principales de la guerre de S\u00e9cession.)<\/p>\n<p dir=\"ltr\">Il y a cependant une diff\u00e9rence radicale entre les \u00c9tats-Unis et l&rsquo;Europe: les d\u00e9cisions de la Cour Supr\u00eame portent le plus souvent sur des points de droit que le Pr\u00e9sident et son gouvernement peuvent ais\u00e9ment faire appliquer une fois que la Cour a tranch\u00e9, au besoin en faisant appel \u00e0 la force. A l&rsquo;inverse c&rsquo;est l&rsquo;application des d\u00e9cisions de Bruxelles par les \u00c9tats concern\u00e9s qui laisse \u00e0 d\u00e9sirer puisque l&rsquo;UE ne dispose pas de services fiscaux communs, ni de services de renseignement communs, ni non plus d&rsquo;une police et d&rsquo;une force militaire susceptible d&rsquo;intervenir en dernier recours.<\/p>\n<p dir=\"ltr\">Comme on peut s&rsquo;en rendre compte lors des interventions de la Tro\u00efka, le flou concernant les domaines dans lesquels les diff\u00e9rents niveaux de pouvoir et de contr\u00f4le ont \u00e0 intervenir est une autre source de d\u00e9sordre et de confusion. Gr\u00e2ce \u00e0 l&rsquo;action directe de l&rsquo;ACT les choses deviendraient beaucoup plus simples, rapides et efficaces.<\/p>\n<p dir=\"ltr\">Les cas de la Gr\u00e8ce (Syriza) ou de l&rsquo;Espagne (Podemos) sont des exemples \u00e9vidents pour lesquels il ne semble pas n\u00e9cessaire d&rsquo;argumenter longuement sur l&rsquo;int\u00e9r\u00eat d&rsquo;une mise en curatelle qui les prot\u00e9gerait de leurs propres erreurs. Il suffit de dire qu&rsquo;une surveillance de leurs emprunts publics aurait \u00e9vit\u00e9 \u00e0 ces deux pays bien des souffrances et que les deux partis extr\u00e9mistes en question constituent un menace inadmissible pour l&rsquo;euro.<\/p>\n<p dir=\"ltr\">Le cas du Royaume-Uni est \u00e0 l&rsquo;inverse bien plus d\u00e9licat \u00e0 trancher : en raison d&rsquo;une tradition de fiert\u00e9 un peu rigide de ses gouvernements, d&rsquo;une m\u00e9fiance quasi syst\u00e9matique envers Bruxelles, de traditions d\u00e9mocratiques s\u00e9culaires restant encore profond\u00e9ment ancr\u00e9es dans l&rsquo;esprit de ses citoyens et du fait qu&rsquo;il d\u00e9tient l&rsquo;arme nucl\u00e9aire, on imagine mal qu&rsquo;une forme quelconque de mise sous tutelle du Royaume-Uni soit possible. Il semble donc que son d\u00e9part soit \u00e0 terme aussi souhaitable que difficilement \u00e9vitable, d&rsquo;autant plus que l&rsquo;euro ne s&rsquo;en trouverait pas menac\u00e9.<\/p>\n<p dir=\"ltr\">La solution la plus habituelle pour les autres pays membres, adopt\u00e9e par exemple par l&rsquo;Italie et la France \u00e0 plusieurs reprises, a \u00e9t\u00e9 de pr\u00e9senter aux \u00e9lecteurs un programme plus ou moins incompatible avec les r\u00e8gles et trait\u00e9s tout en rassurant les autorit\u00e9s de Bruxelles sur la ferme intention qu&rsquo;ils avaient de ne pas appliquer ce programme. Certes, cela permet d&rsquo;habituer progressivement les \u00e9lecteurs aux r\u00e9alit\u00e9s nouvelles mais cela affaiblit tellement leur pouvoir politique que ces gouvernements ne peuvent ensuite assurer l&rsquo;\u00e9quilibre de leur budget et le remboursement de leur dette. Cette attitude politicienne de double jeux vis \u00e0 vis de Bruxelles et qui menace l&rsquo;euro \u00e0 chaque \u00e9lection (Front National de Marine Le Pen, M5S de Beppe Grillo) serait quasiment impossible d\u00e8s lors que celle-ci se d\u00e9roulerait sous la menace d&rsquo;une mise en curatelle par la Cour Europ\u00e9enne des Tutelles.<\/p>\n<p dir=\"ltr\">Les membres de cette Cour Europ\u00e9enne des Tutelles, inamovibles comme ceux de la Cour Supr\u00eame, devraient \u00eatre choisis par la Commission sur proposition du Conseil. Ainsi, lib\u00e9r\u00e9s de toute contrainte \u00e9lectorale, ils seraient en mesure de prot\u00e9ger contre eux-m\u00eames les pays qui seraient confi\u00e9s \u00e0 l&rsquo;ACT afin de les guider sur la voie la plus efficace: la comp\u00e9titivit\u00e9, la croissance, l&rsquo;\u00e9quilibre financier et finalement le remboursement de la dette qui assurerait la p\u00e9rennit\u00e9 de l&rsquo;euro.<\/p>\n<p dir=\"ltr\">Comme l&rsquo;a montr\u00e9 aux \u00c9tats-Unis la guerre de S\u00e9cession et le million de morts qui s&rsquo;en est suivi, il n&rsquo;y a pas d&rsquo;alternative au strict respect des r\u00e8gles communes quand il s&rsquo;agit d&rsquo;\u00e9viter les aventures irresponsables et les catastrophes auxquelles elles conduisent fatalement.<\/p>\n","protected":false},"excerpt":{"rendered":"<blockquote>\n<p>Billet invit\u00e9. Ouvert aux commentaires.<\/p>\n<\/blockquote>\n<p dir=\"ltr\">Remplacer la Tro\u00efka improvis\u00e9e\u00a0en mai 2010 par autorit\u00e9 de curatelle adapt\u00e9e aux r\u00e9alit\u00e9s nouvelles r\u00e9sultant \u00e0 la fois du trait\u00e9 de Lisbonne, du pacte budg\u00e9taire europ\u00e9en (TSCG) et de la crise \u00e9conomique et financi\u00e8re est devenu indispensable et urgent.<\/p>\n<p dir=\"ltr\">Cette Autorit\u00e9 de Curatelle Tripartite (ACT) aurait pour fonction [&hellip;]<\/p>\n","protected":false},"author":1,"featured_media":0,"comment_status":"open","ping_status":"open","sticky":false,"template":"","format":"standard","meta":{"footnotes":""},"categories":[204,3004],"tags":[1593],"class_list":["post-74361","post","type-post","status-publish","format-standard","hentry","category-europe","category-le-grand-oeuvre","tag-troika"],"_links":{"self":[{"href":"https:\/\/www.pauljorion.com\/blog\/wp-json\/wp\/v2\/posts\/74361","targetHints":{"allow":["GET"]}}],"collection":[{"href":"https:\/\/www.pauljorion.com\/blog\/wp-json\/wp\/v2\/posts"}],"about":[{"href":"https:\/\/www.pauljorion.com\/blog\/wp-json\/wp\/v2\/types\/post"}],"author":[{"embeddable":true,"href":"https:\/\/www.pauljorion.com\/blog\/wp-json\/wp\/v2\/users\/1"}],"replies":[{"embeddable":true,"href":"https:\/\/www.pauljorion.com\/blog\/wp-json\/wp\/v2\/comments?post=74361"}],"version-history":[{"count":2,"href":"https:\/\/www.pauljorion.com\/blog\/wp-json\/wp\/v2\/posts\/74361\/revisions"}],"predecessor-version":[{"id":74367,"href":"https:\/\/www.pauljorion.com\/blog\/wp-json\/wp\/v2\/posts\/74361\/revisions\/74367"}],"wp:attachment":[{"href":"https:\/\/www.pauljorion.com\/blog\/wp-json\/wp\/v2\/media?parent=74361"}],"wp:term":[{"taxonomy":"category","embeddable":true,"href":"https:\/\/www.pauljorion.com\/blog\/wp-json\/wp\/v2\/categories?post=74361"},{"taxonomy":"post_tag","embeddable":true,"href":"https:\/\/www.pauljorion.com\/blog\/wp-json\/wp\/v2\/tags?post=74361"}],"curies":[{"name":"wp","href":"https:\/\/api.w.org\/{rel}","templated":true}]}}