{"id":74655,"date":"2015-04-13T20:32:31","date_gmt":"2015-04-13T18:32:31","guid":{"rendered":"http:\/\/www.pauljorion.com\/blog\/?p=74655"},"modified":"2015-04-13T20:34:01","modified_gmt":"2015-04-13T18:34:01","slug":"la-crise-des-subprimes-cest-bien-simple","status":"publish","type":"post","link":"https:\/\/www.pauljorion.com\/blog\/2015\/04\/13\/la-crise-des-subprimes-cest-bien-simple\/","title":{"rendered":"<b>\u00ab\u00a0La crise des <em>subprimes<\/em>, c\u2019est bien simple\u2026\u00a0\u00bb<\/b>"},"content":{"rendered":"<blockquote><p>Ouvert aux commentaires.<\/p><\/blockquote>\n<p>Je pr\u00e9pare en ce moment la le\u00e7on que je consacrerai lundi prochain \u00e0 la crise des <em>subprimes<\/em> dans le cadre de la chaire \u00ab\u00a0Stewardship of Finance\u00a0\u00bb \u00e0 la VUB, et je repense aux nombreuses personnes qui m\u2019ont dit au fil des ann\u00e9es\u00a0: \u00ab\u00a0Vous savez, la crise des <em>subprimes<\/em>, c\u2019est bien simple\u00a0: on pr\u00eatait de l\u2019argent \u00e0 des gens qui ne pouvaient pas rembourser\u00a0!\u00a0\u00bb<\/p>\n<p>La tentation \u00e9tait grande de r\u00e9pondre\u00a0: \u00ab\u00a0Vous savez, j\u2019ai travaill\u00e9 plusieurs ann\u00e9es dans le secteur des <em>subprimes <\/em>et les trois livres (*) que j\u2019ai r\u00e9dig\u00e9s sur le sujet repr\u00e9sentent 950 pages consacr\u00e9es \u00e0 la question, et je peux vous affirmer que, non, la crise des <em>subprimes<\/em>, ce n\u2019est malheureusement pas aussi simple que vous l\u2019affirmez\u00a0!\u00a0\u00bb<\/p>\n<p><!--more--><\/p>\n<p>J\u2019ai d\u00fb r\u00e9pondre cela \u00e0 l\u2019interlocuteur qui me faisait cette remarque une fois ou deux. Le reste du temps, je me suis content\u00e9 de rester silencieux, j\u2019ai simplement r\u00e9fl\u00e9chi au fait que d\u2019une part, une explication simple, m\u00eame si elle est grossi\u00e8rement simpliste, a beaucoup plus de chance de l\u2019emporter aux yeux du public qu\u2019une explication complexe et, d\u2019autre part, que lire 950 pages, cela repr\u00e9sente un temps consid\u00e9rable \u00e0 consacrer \u00e0 une question particuli\u00e8re, et qu\u2019il n\u2019est donc pas \u00e9tonnant que seul un tr\u00e8s petit nombre de personnes soit dispos\u00e9 \u00e0 le faire.<\/p>\n<p>\u00c0 quoi cela sert-il alors d\u2019expliquer de mani\u00e8re d\u00e9taill\u00e9e une question complexe si une hypoth\u00e8se simpliste sans rapport avec le v\u00e9ritable d\u00e9roulement des faits est \u00e0 port\u00e9e de la main et deviendra in\u00e9luctablement l\u2019opinion commun\u00e9ment admise\u00a0?<\/p>\n<p>Je ne connais pas la r\u00e9ponse mais j\u2019aimerais bien savoir ce que vous en pensez.<\/p>\n<p>======================<\/p>\n<p>* <em><a href=\"http:\/\/croquant.atheles.org\/dynamiquessocioeconomiques\/lacriseducapitalismeamericain\/index.html\">La crise du capitalisme am\u00e9ricain<\/a><\/em> (La D\u00e9couverte 2007\u00a0; Le Croquant 2009)<\/p>\n<p>* <em><a href=\"http:\/\/www.fayard.fr\/limplosion-la-finance-contre-leconomie-ce-que-revele-et-annonce-la-crise-des-subprimes-9782213637419\">L\u2019implosion. La finance contre l\u2019\u00e9conomie. Ce que r\u00e9v\u00e8le et annonce la \u00ab\u00a0crise des subprimes\u00a0\u00bb<\/a><\/em> (Fayard 2008)<\/p>\n<p>* <em><a href=\"http:\/\/www.fayard.fr\/la-crise-9782213638607\">La crise. Des subprimes au s\u00e9isme financier plan\u00e9taire<\/a><\/em> (Fayard 2008)<\/p>\n","protected":false},"excerpt":{"rendered":"<blockquote>\n<p>Ouvert aux commentaires.<\/p>\n<\/blockquote>\n<p>Je pr\u00e9pare en ce moment la le\u00e7on que je consacrerai lundi prochain \u00e0 la crise des <em>subprimes<\/em> dans le cadre de la chaire \u00ab\u00a0Stewardship of Finance\u00a0\u00bb \u00e0 la VUB, et je repense aux nombreuses personnes qui m\u2019ont dit au fil des ann\u00e9es\u00a0: \u00ab\u00a0Vous savez, la crise des <em>subprimes<\/em>, c\u2019est bien simple\u00a0: on [&hellip;]<\/p>\n","protected":false},"author":1,"featured_media":0,"comment_status":"open","ping_status":"closed","sticky":false,"template":"","format":"standard","meta":{"footnotes":""},"categories":[12],"tags":[1405,1533,2022,877],"class_list":["post-74655","post","type-post","status-publish","format-standard","hentry","category-subprime","tag-la-crise","tag--limplosion-","tag-crise-des-subprimes","tag-la-crise-du-capitalisme-americain"],"_links":{"self":[{"href":"https:\/\/www.pauljorion.com\/blog\/wp-json\/wp\/v2\/posts\/74655","targetHints":{"allow":["GET"]}}],"collection":[{"href":"https:\/\/www.pauljorion.com\/blog\/wp-json\/wp\/v2\/posts"}],"about":[{"href":"https:\/\/www.pauljorion.com\/blog\/wp-json\/wp\/v2\/types\/post"}],"author":[{"embeddable":true,"href":"https:\/\/www.pauljorion.com\/blog\/wp-json\/wp\/v2\/users\/1"}],"replies":[{"embeddable":true,"href":"https:\/\/www.pauljorion.com\/blog\/wp-json\/wp\/v2\/comments?post=74655"}],"version-history":[{"count":3,"href":"https:\/\/www.pauljorion.com\/blog\/wp-json\/wp\/v2\/posts\/74655\/revisions"}],"predecessor-version":[{"id":74658,"href":"https:\/\/www.pauljorion.com\/blog\/wp-json\/wp\/v2\/posts\/74655\/revisions\/74658"}],"wp:attachment":[{"href":"https:\/\/www.pauljorion.com\/blog\/wp-json\/wp\/v2\/media?parent=74655"}],"wp:term":[{"taxonomy":"category","embeddable":true,"href":"https:\/\/www.pauljorion.com\/blog\/wp-json\/wp\/v2\/categories?post=74655"},{"taxonomy":"post_tag","embeddable":true,"href":"https:\/\/www.pauljorion.com\/blog\/wp-json\/wp\/v2\/tags?post=74655"}],"curies":[{"name":"wp","href":"https:\/\/api.w.org\/{rel}","templated":true}]}}