{"id":74869,"date":"2015-04-23T09:13:02","date_gmt":"2015-04-23T07:13:02","guid":{"rendered":"http:\/\/www.pauljorion.com\/blog\/?p=74869"},"modified":"2015-04-23T09:20:31","modified_gmt":"2015-04-23T07:20:31","slug":"pouvoir-et-bouts-de-ficelles-par-francois-leclerc-2","status":"publish","type":"post","link":"https:\/\/www.pauljorion.com\/blog\/2015\/04\/23\/pouvoir-et-bouts-de-ficelles-par-francois-leclerc-2\/","title":{"rendered":"<b>POUVOIR ET BOUTS DE FICELLES<\/b>, par Fran\u00e7ois Leclerc"},"content":{"rendered":"<blockquote><p>Billet invit\u00e9.<\/p><\/blockquote>\n<p>Benoit Coeur\u00e9 de la BCE l\u2019affirme ce matin : \u00ab La reprise dans la zone euro est clairement l\u00e0. La croissance revient, tous les indicateurs de confiance des entreprises et des m\u00e9nages sont orient\u00e9s \u00e0 la hausse, et la bonne nouvelle c&rsquo;est que cette reprise est fond\u00e9e sur la demande int\u00e9rieure \u00bb. Puis il nuance sa p\u00e9n\u00e9trante analyse : \u00ab nous avons une inqui\u00e9tude qui est que la reprise actuelle ne soit qu&rsquo;une reprise cyclique, ou en bon fran\u00e7ais qu&rsquo;elle ne soit qu&rsquo;un feu de paille \u00bb. L\u2019attribuant \u00e0 la baisse du prix du p\u00e9trole et au carburant inject\u00e9 par la BCE, il en tire la conclusion qui s\u2019impose : \u00ab Il est extr\u00eamement important de transformer l&rsquo;essai, de mani\u00e8re \u00e0 ce que ce soit la croissance de long terme qui prenne le relais. Cela passe par des r\u00e9formes des march\u00e9s du travail et plus g\u00e9n\u00e9ralement par un climat des affaires plus favorable \u00e0 l&rsquo;investissement \u00bb. C\u2019est tout simple, l\u2019\u00e9conomie expliqu\u00e9e aux enfants.<\/p>\n<p>Sur un autre registre, le premier ministre Manuel Valls est intervenu pour annoncer que pas moins de cinq attentats avaient \u00e9t\u00e9 d\u00e9jou\u00e9s en France. Suggestion : pourquoi ne pas imposer une mission de service public aux radios et t\u00e9l\u00e9visions en faisant suivre le bulletin m\u00e9t\u00e9o du d\u00e9compte des attentats qui n\u2019ont pas eu lieu ? Afin de conditionner l\u2019opinion en jouant sur la peur, le premier ministre qui d\u00e9fend une loi sur le renseignement que le monde entier nous jalouse en est \u00e0 utiliser des \u00e9v\u00e8nements pr\u00e9sum\u00e9s.<\/p>\n<p>Trop, c\u2019est trop !<\/p>\n","protected":false},"excerpt":{"rendered":"<blockquote>\n<p>Billet invit\u00e9.<\/p>\n<\/blockquote>\n<p>Benoit Coeur\u00e9 de la BCE l\u2019affirme ce matin : \u00ab La reprise dans la zone euro est clairement l\u00e0. La croissance revient, tous les indicateurs de confiance des entreprises et des m\u00e9nages sont orient\u00e9s \u00e0 la hausse, et la bonne nouvelle c&rsquo;est que cette reprise est fond\u00e9e sur la demande int\u00e9rieure \u00bb. Puis [&hellip;]<\/p>\n","protected":false},"author":37,"featured_media":0,"comment_status":"closed","ping_status":"closed","sticky":false,"template":"","format":"standard","meta":{"footnotes":""},"categories":[1,2668],"tags":[96,3755],"class_list":["post-74869","post","type-post","status-publish","format-standard","hentry","category-economie","category-guerre-civile-numerique","tag-croissance","tag-hypersurveillance"],"_links":{"self":[{"href":"https:\/\/www.pauljorion.com\/blog\/wp-json\/wp\/v2\/posts\/74869","targetHints":{"allow":["GET"]}}],"collection":[{"href":"https:\/\/www.pauljorion.com\/blog\/wp-json\/wp\/v2\/posts"}],"about":[{"href":"https:\/\/www.pauljorion.com\/blog\/wp-json\/wp\/v2\/types\/post"}],"author":[{"embeddable":true,"href":"https:\/\/www.pauljorion.com\/blog\/wp-json\/wp\/v2\/users\/37"}],"replies":[{"embeddable":true,"href":"https:\/\/www.pauljorion.com\/blog\/wp-json\/wp\/v2\/comments?post=74869"}],"version-history":[{"count":3,"href":"https:\/\/www.pauljorion.com\/blog\/wp-json\/wp\/v2\/posts\/74869\/revisions"}],"predecessor-version":[{"id":74874,"href":"https:\/\/www.pauljorion.com\/blog\/wp-json\/wp\/v2\/posts\/74869\/revisions\/74874"}],"wp:attachment":[{"href":"https:\/\/www.pauljorion.com\/blog\/wp-json\/wp\/v2\/media?parent=74869"}],"wp:term":[{"taxonomy":"category","embeddable":true,"href":"https:\/\/www.pauljorion.com\/blog\/wp-json\/wp\/v2\/categories?post=74869"},{"taxonomy":"post_tag","embeddable":true,"href":"https:\/\/www.pauljorion.com\/blog\/wp-json\/wp\/v2\/tags?post=74869"}],"curies":[{"name":"wp","href":"https:\/\/api.w.org\/{rel}","templated":true}]}}