{"id":75216,"date":"2015-05-07T11:26:44","date_gmt":"2015-05-07T09:26:44","guid":{"rendered":"http:\/\/www.pauljorion.com\/blog\/?p=75216"},"modified":"2015-05-07T11:28:01","modified_gmt":"2015-05-07T09:28:01","slug":"imagine-demain-le-monde-a-bas-le-court-termisme-n-109-mai-juin-2015","status":"publish","type":"post","link":"https:\/\/www.pauljorion.com\/blog\/2015\/05\/07\/imagine-demain-le-monde-a-bas-le-court-termisme-n-109-mai-juin-2015\/","title":{"rendered":"<b>IMAGINE, demain le monde : \u00c0 bas le court-termisme !<\/b>, <\/br>N\u00b0&nbsp;109, mai-juin 2015"},"content":{"rendered":"<blockquote><p><a href=\"http:\/\/www.imagine-magazine.com\" target=\"_blank\"><em>IMAGINE, demain le monde<\/em><\/a>, mais aujourd&rsquo;hui en librairie. Ma chronique pour\u00a0ce magazine.<\/p><\/blockquote>\n<p><strong>\u00c0 bas le court-termisme !<\/strong><\/p>\n<p>\u00ab\u00a0\u00c0 bas le Court-termisme\u00a0!\u00a0\u00bb, et j\u2019ajouterai aussit\u00f4t\u00a0: \u00ab\u00a0Et honte \u00e0 l\u2019obsolescence programm\u00e9e\u00a0!\u00a0\u00bb<\/p>\n<p>Voil\u00e0 des choses qui devaient \u00eatre dites\u00a0!<\/p>\n<p>Et maintenant\u00a0?<\/p>\n<p>Maintenir notre bonne plan\u00e8te en \u00e9tat pour que nous continuions d\u2019y vivre est une exigence essentielle. En tirer le maximum de profit dans le minimum de temps est au contraire le meilleur moyen de la rendre invivable \u00e0 br\u00e8ve \u00e9ch\u00e9ance\u00a0; certains cycles physico-chimiques essentiels comme ceux de l\u2019azote ou du phosphore sont d\u00e9j\u00e0 menac\u00e9s.<\/p>\n<p><!--more--><\/p>\n<p>Chacun devrait se convertir au long-termisme et mettre sa vie quotidienne en conformit\u00e9 avec ce nouveau mot d\u2019ordre. Jacques Attali sugg\u00e8re que nous nous imaginions \u00e0 chaque instant devant un parterre de repr\u00e9sentants des g\u00e9n\u00e9rations futures en train de juger nos actions. Excellent conseil\u00a0!<\/p>\n<p>Nous ne sommes pas assez nombreux \u00e0 vouloir le faire, mais imaginons qu\u2019une masse critique puisse \u00eatre atteinte, une perspective \u00e0 long terme \u00e9mergerait-elle pour autant de la somme de nos comportements devenus vertueux\u00a0?<\/p>\n<p>Il est h\u00e9las permis d\u2019en douter. Essentiellement parce que le court-termisme est d\u00e9sormais boulonn\u00e9 dans la logique-m\u00eame de nos \u00e9conomies.<\/p>\n<p>Qui l\u2019y a mis\u00a0? Les r\u00e8gles comptables et les nouvelles pratiques financi\u00e8res que nous nous sommes donn\u00e9s. \u00ab\u00a0Nous\u00a0\u00bb est bien entendu une fa\u00e7on de parler\u00a0: la r\u00e9daction des r\u00e8gles comptables en particulier a \u00e9t\u00e9 abandonn\u00e9e par les \u00c9tats \u00e0 des organismes priv\u00e9s (le FASB pour les \u00c9tats-Unis, l\u2019IASB pour le reste du monde).<\/p>\n<p>La comptabilit\u00e9 moderne a \u00e9volu\u00e9 en trois \u00e9tapes\u00a0: 1) au d\u00e9but du XIXe si\u00e8cle,\u00a0des b\u00e9n\u00e9fices n\u2019\u00e9taient comptabilis\u00e9s que lorsqu\u2019ils \u00e9taient v\u00e9ritablement apparus\u00a0; 2) au milieu du XIXe si\u00e8cle, on faisait appara\u00eetre pr\u00e9matur\u00e9ment des b\u00e9n\u00e9fices en \u00ab\u00a0enkystant\u00a0\u00bb le passif, et ceci, n\u2019est-ce pas, pour ne pas d\u00e9courager les petits investisseurs\u00a0; 3) dans les ann\u00e9es 1980,\u00a0on se mit \u00e0 distribuer des b\u00e9n\u00e9fices anticip\u00e9s (\u00ab\u00a0marking-to-market\u00a0\u00bb) &#8211; Y a d\u2019la joie\u00a0!<\/p>\n<p>R\u00e9sultat\u00a0: on partage d\u00e9sormais entre soi la moindre ombre de b\u00e9n\u00e9fice et s\u2019il manque de l\u2019argent pour des choses accessoires comme refinancer l\u2019entreprise ou la recherche et le d\u00e9veloppement, eh bien, on l\u2019emprunte\u00a0!<\/p>\n<p>Dans les ann\u00e9es 1975, le cabinet d\u2019\u00e9tudes McKinsey s\u2019attaqua \u00e0 un probl\u00e8me d\u2019envergure\u00a0: les int\u00e9r\u00eats des investisseurs et des dirigeants des grosses entreprises n\u2019\u00e9taient pas align\u00e9s\u00a0: d\u2019une certaine mani\u00e8re ce que les uns obtenaient dans le partage des b\u00e9n\u00e9fices, les autres en \u00e9taient priv\u00e9s. Cet antagonisme larv\u00e9 b\u00e9n\u00e9ficiait aux salari\u00e9s. Il y avait donc l\u00e0 un probl\u00e8me urgent \u00e0 r\u00e9soudre\u00a0! et McKinsey &amp; Co le r\u00e9solut. Les dirigeants des entreprises se verraient attribuer des options sur l\u2019achat d\u2019actions de leur compagnie au cours du jour o\u00f9 ces \u00ab\u00a0stock-options\u00a0\u00bb leur seraient attribu\u00e9es. Si le cours de l\u2019action grimpait, ils b\u00e9n\u00e9ficieraient de la hausse en fonction du nombre de leurs options.<\/p>\n<p>Les dirigeants, tout comme les actionnaires, auraient dor\u00e9navant les yeux fix\u00e9s sur le cours des actions de l\u2019entreprise, s\u2019effor\u00e7ant de booster son bilan de trimestre en trimestre par tous les moyens possibles et par la \u00ab\u00a0comptabilit\u00e9 cr\u00e9ative (imaginative\u00a0!)\u00a0\u00bb en particulier. Le court-termisme \u00e9tait d\u00e9sormais inscrit dans l\u2019\u00e9conomie\u00a0: McKinsey avait r\u00e9ussi\u00a0! l\u2019avenir avait \u00e9t\u00e9 enti\u00e8rement sacrifi\u00e9 au pr\u00e9sent\u00a0!<\/p>\n<p>Et s\u2019il n\u2019y avait que le court-termisme\u00a0! L\u2019obsolescence programm\u00e9e n\u2019est-elle pas encore bien pire\u00a0? R\u00e9v\u00e9lez-nous le nom du bureau d\u2019\u00e9tudes qui a bien pu elle l\u2019inventer\u00a0?<\/p>\n<p>Peut-\u00eatre notre propre programmeur a-t-il une opinion l\u00e0-dessus\u00a0?<\/p>\n<p>\u00ab\u00a0Comment faire pour les rendre immortels\u00a0? \u2026 Hmm\u2026 pas une mince affaire\u00a0! \u2026 Il y a bien une alternative\u00a0: je ne les rends pas immortels mais je les encourage \u00e0 se reproduire et\u2026 une fois qu\u2019ils se sont reproduits, je les rends extr\u00eamement friables\u2026 \u00c7a leur donnera s\u00fbrement une mentalit\u00e9 \u00ab\u00a0apr\u00e8s moi le d\u00e9luge\u00a0\u00bb, parce que ce qui se passera apr\u00e8s eux, ils n\u2019en sauront jamais grand-chose, pour ne pas dire rien du tout\u00a0! Mais bon, rien n\u2019est parfait en ce bas-monde\u00a0! Je me tue d\u2019ailleurs \u00e0 le r\u00e9p\u00e9ter\u00a0!\u00a0\u00bb<\/p>\n","protected":false},"excerpt":{"rendered":"<blockquote>\n<p><a href=\"http:\/\/www.imagine-magazine.com\" target=\"_blank\"><em>IMAGINE, demain le monde<\/em><\/a>, mais aujourd&rsquo;hui en librairie. Ma chronique pour\u00a0ce magazine.<\/p>\n<\/blockquote>\n<p><strong>\u00c0 bas le court-termisme !<\/strong><\/p>\n<p>\u00ab\u00a0\u00c0 bas le Court-termisme\u00a0!\u00a0\u00bb, et j\u2019ajouterai aussit\u00f4t\u00a0: \u00ab\u00a0Et honte \u00e0 l\u2019obsolescence programm\u00e9e\u00a0!\u00a0\u00bb<\/p>\n<p>Voil\u00e0 des choses qui devaient \u00eatre dites\u00a0!<\/p>\n<p>Et maintenant\u00a0?<\/p>\n<p>Maintenir notre bonne plan\u00e8te en \u00e9tat pour que nous continuions d\u2019y vivre est une exigence [&hellip;]<\/p>\n","protected":false},"author":1,"featured_media":0,"comment_status":"closed","ping_status":"closed","sticky":false,"template":"","format":"standard","meta":{"footnotes":""},"categories":[22],"tags":[394,475,3555,161],"class_list":["post-75216","post","type-post","status-publish","format-standard","hentry","category-ecologie","tag-comptabilite","tag-court-termisme","tag-obsolescence-programmee","tag-stock-options"],"_links":{"self":[{"href":"https:\/\/www.pauljorion.com\/blog\/wp-json\/wp\/v2\/posts\/75216","targetHints":{"allow":["GET"]}}],"collection":[{"href":"https:\/\/www.pauljorion.com\/blog\/wp-json\/wp\/v2\/posts"}],"about":[{"href":"https:\/\/www.pauljorion.com\/blog\/wp-json\/wp\/v2\/types\/post"}],"author":[{"embeddable":true,"href":"https:\/\/www.pauljorion.com\/blog\/wp-json\/wp\/v2\/users\/1"}],"replies":[{"embeddable":true,"href":"https:\/\/www.pauljorion.com\/blog\/wp-json\/wp\/v2\/comments?post=75216"}],"version-history":[{"count":4,"href":"https:\/\/www.pauljorion.com\/blog\/wp-json\/wp\/v2\/posts\/75216\/revisions"}],"predecessor-version":[{"id":75220,"href":"https:\/\/www.pauljorion.com\/blog\/wp-json\/wp\/v2\/posts\/75216\/revisions\/75220"}],"wp:attachment":[{"href":"https:\/\/www.pauljorion.com\/blog\/wp-json\/wp\/v2\/media?parent=75216"}],"wp:term":[{"taxonomy":"category","embeddable":true,"href":"https:\/\/www.pauljorion.com\/blog\/wp-json\/wp\/v2\/categories?post=75216"},{"taxonomy":"post_tag","embeddable":true,"href":"https:\/\/www.pauljorion.com\/blog\/wp-json\/wp\/v2\/tags?post=75216"}],"curies":[{"name":"wp","href":"https:\/\/api.w.org\/{rel}","templated":true}]}}