{"id":75326,"date":"2015-05-13T17:11:11","date_gmt":"2015-05-13T15:11:11","guid":{"rendered":"http:\/\/www.pauljorion.com\/blog\/?p=75326"},"modified":"2015-05-14T22:31:11","modified_gmt":"2015-05-14T20:31:11","slug":"un-manifeste-pour-une-economie-pluraliste-par-francois-leclerc","status":"publish","type":"post","link":"https:\/\/www.pauljorion.com\/blog\/2015\/05\/13\/un-manifeste-pour-une-economie-pluraliste-par-francois-leclerc\/","title":{"rendered":"<b>UN MANIFESTE POUR UNE \u00c9CONOMIE PLURALISTE<\/b>, par Fran\u00e7ois Leclerc"},"content":{"rendered":"<blockquote><p>Billet invit\u00e9.<\/p><\/blockquote>\n<p>\u00ab \u00c0 quoi servent les \u00e9conomistes s\u2019ils disent tous la m\u00eame chose ?\u00a0\u00bb s\u2019interrogent \u00e0 haute voix ceux qui s\u2019alarment de la domination \u00e0 pr\u00e9tention exclusive des repr\u00e9sentants de l\u2019orthodoxie au sein de l\u2019universit\u00e9 fran\u00e7aise ? Le constat n\u2019est pas propre \u00e0 la France, pas plus que les r\u00e9actions s\u2019y opposant, mais le courant <i>mainstream<\/i> ne cesse de progresser. Selon le pointage des auteurs du livre, dont c\u2019est le titre (1), les professeurs d\u2019universit\u00e9 pouvant \u00eatre qualifi\u00e9s d\u2019h\u00e9t\u00e9rodoxes ne repr\u00e9senteraient plus que 5 % de l\u2019ensemble du corps professoral, et leur nombre continuerait de diminuer. Or ceux-ci pilotent le renouvellement du corps, dirigent les masters, encadrent les th\u00e8ses, pr\u00e9sident les comit\u00e9s scientifiques des revues et des colloques et s\u00e9lectionnent leurs pairs.<\/p>\n<p>Un \u00ab\u00a0Manifeste pour une \u00e9conomie pluraliste\u00a0\u00bb (2) est propos\u00e9 \u00e0 la signature, qui aurait d\u00e9j\u00e0 recueilli plus de 5.000 signatures, en France et \u00e0 l\u2019\u00e9tranger, aupr\u00e8s non seulement d\u2019\u00e9conomistes, mais aussi de sociologues, de philosophes, de juristes et de \u00ab\u00a0simples citoyens\u00a0\u00bb, dans la volont\u00e9 affirm\u00e9e de non seulement sauvegarder le pluralisme mais aussi de d\u00e9cloisonner la discipline. Une association qui regroupe 600 docteurs en sciences sociales (3), dont 90 % d\u2019\u00e9conomistes, a \u00e9t\u00e9 cr\u00e9\u00e9e sous le nom de l\u2019Association fran\u00e7aise d\u2019\u00e9conomie politique (AFEP), qui renoue avec l\u2019ancienne appellation de la discipline, refusant de sacrifier au mythe entretenu d\u2019une pr\u00e9tendue <i>science dure<\/i> des tenants du courant <i>n\u00e9oclassique<\/i>, qui cherchent \u00ab\u00a0\u00e0 \u00e9laborer une th\u00e9orie math\u00e9matique du march\u00e9 pour faire de l\u2019\u00e9conomie une science exacte\u00a0\u00bb. Alors qu\u2019ils n\u2019ont rien venu venir de la crise en cours.<\/p>\n<p><!--more--><\/p>\n<p>Il faut lire dans le petit livre qui \u00e9tait pr\u00e9sent\u00e9 mardi dernier \u00e0 l\u2019Universit\u00e9 Paris-Diderot par les responsables de l\u2019AFEP, dont Andr\u00e9 Orl\u00e9an, l\u2019article <i>orthodoxie<\/i> de leur glossaire. Selon celui-ci, l\u2019orthodoxie \u00ab\u00a0emprunte \u00e0 la religion\u00a0\u00bb, pr\u00e9tendant d\u00e9cider de \u00ab\u00a0ce qui est digne de figurer comme \u00e9nonc\u00e9 ou r\u00e9sultat scientifique et ce qui ne l\u2019est pas\u00a0\u00bb. On voudra comme preuve de cette outrance la violence verbale &#8211; peu coutumi\u00e8re dans ce milieu &#8211; avec laquelle il a \u00e9t\u00e9 r\u00e9pondu \u00e0 la tentative d\u2019obtenir la cr\u00e9ation d\u2019une nouvelle section \u00ab\u00a0\u00e9conomie et soci\u00e9t\u00e9\u00a0\u00bb au sein du cadre institutionnel actuel, les h\u00e9t\u00e9rodoxes consid\u00e9rant qu\u2019il ne restait plus comme solution que de prononcer le divorce avec les orthodoxes, puisque ces derniers refusaient m\u00eame tout dialogue. L\u2019appel lanc\u00e9 en 2012 suscitait l\u2019engagement solennel de plus de 300 enseignants-chercheurs de rejoindre cette section d\u00e8s qu\u2019elle serait cr\u00e9\u00e9e. Mais la ministre, apr\u00e8s avoir finalement sign\u00e9 en janvier dernier le d\u00e9cret l\u2019instituant, a recul\u00e9 devant ses adversaires, \u00e0 la t\u00eate desquels se trouvait le nouveau prix <i>Nobel d\u2019\u00e9conomie<\/i>, Jean Tirole. Comment ne pas relever le paradoxe que repr\u00e9sente sa d\u00e9fense du monopole d\u2019une \u00e9cole de pens\u00e9e au sein du monde acad\u00e9mique, alors que celle-ci d\u00e9fend farouchement la libre concurrence ?<\/p>\n<p>Le livre vaut plus particuli\u00e8rement pour sa description des m\u00e9canismes qui ont pr\u00e9sid\u00e9 &#8211; et qui continuent en ce sens &#8211; \u00e0 la domination des \u00e9conomistes n\u00e9oclassiques dans le champ acad\u00e9mique. Car il faut \u00eatre du s\u00e9rail pour les connaitre. Il est en particulier question de ce que Jean Tirole appelle \u00ab\u00a0un standard unique d\u2019\u00e9valuation scientifique bas\u00e9e sur un classement des revues\u00a0\u00bb. En d\u2019autres termes, la n\u00e9cessit\u00e9 &#8211; au nom d\u2019une conception particuli\u00e8re de l\u2019excellence &#8211; d\u2019avoir publi\u00e9 des articles dans une liste restreinte de cinq revues anglo-saxonnes, toutes d\u2019inspiration orthodoxe et veillant scrupuleusement au respect de leur ligne \u00e9ditoriale, pour \u00eatre adoub\u00e9 par le Conseil national des universit\u00e9s (CNU) et admis au sein du corps professoral. Telle est la cl\u00e9 de vo\u00fbte du syst\u00e8me de s\u00e9lection des professeurs d\u2019\u00e9conomie, avec les r\u00e9sultats que l\u2019on peut observer. Un observatoire du pluralisme a \u00e9t\u00e9 cr\u00e9\u00e9 afin de d\u00e9crire ses effets. Refl\u00e9tant la pression qui s\u2019exerce au sein de l\u2019Universit\u00e9, un doctorant en est venu \u00e0 demander lors de la pr\u00e9sentation du livre s\u2019il \u00e9tait possible de signer la p\u00e9tition sous pseudonyme, afin de ne pas encourir les foudres de son directeur de th\u00e8se, au risque de compromettre sa carri\u00e8re ! Et la r\u00e9ponse fut affirmative !<\/p>\n<p>\u00c0 quoi doivent servir les \u00e9conomistes, s&rsquo;interrogent les auteurs de l&rsquo;ouvrage ? \u00c0 \u00ab\u00a0permettre aux citoyens de d\u00e9terminer leur avenir de la mani\u00e8re la plus \u00e9clair\u00e9e qui soit\u00a0\u00bb, par \u00ab\u00a0le d\u00e9bat d\u00e9mocratique le plus large\u00a0\u00bb. Cela n\u2019en prend pas la tournure au sein de l\u2019universit\u00e9. Cela au moment o\u00f9 <i>l\u2019\u00e9lite<\/i> de ce pays m\u00e8ne violemment campagne contre la r\u00e9forme d\u2019un coll\u00e8ge qui n\u2019a d\u2019unique que le nom, au pr\u00e9texte qu\u2019elle nivellerait par le bas la formation des \u00e9l\u00e8ves. Dans les faits, celle-ci lui retirerait la possibilit\u00e9 de contourner la carte scolaire et d\u2019inscrire ses enfants dans des classes d\u2019excellence o\u00f9 ils sont regroup\u00e9s, en choisissant des options rares. La lutte des classes n\u2019est pas morte, on le saurait.<\/p>\n<p>&#8212;&#8212;<br \/>\n(1) \u00ab\u00a0\u00c0 quoi servent les \u00e9conomistes s\u2019ils disent tous la m\u00eame chose\u00a0? \u00bb, sous la direction d\u2019Andr\u00e9 Orl\u00e9an. Ed. Les liens qui lib\u00e8rent &#8211; mai 2015, 10 \u20ac.<br \/>\n(2) http:\/\/assoeconomiepolitique.org<br \/>\n(3) sur un total de 1.800 enseignants-chercheurs, ma\u00eetres de conf\u00e9rence et professeurs d\u2019universit\u00e9 confondus.<\/p>\n","protected":false},"excerpt":{"rendered":"<blockquote>\n<p>Billet invit\u00e9.<\/p>\n<\/blockquote>\n<p>\u00ab \u00c0 quoi servent les \u00e9conomistes s\u2019ils disent tous la m\u00eame chose ?\u00a0\u00bb s\u2019interrogent \u00e0 haute voix ceux qui s\u2019alarment de la domination \u00e0 pr\u00e9tention exclusive des repr\u00e9sentants de l\u2019orthodoxie au sein de l\u2019universit\u00e9 fran\u00e7aise ? Le constat n\u2019est pas propre \u00e0 la France, pas plus que les r\u00e9actions s\u2019y opposant, mais le [&hellip;]<\/p>\n","protected":false},"author":37,"featured_media":0,"comment_status":"closed","ping_status":"closed","sticky":false,"template":"","format":"standard","meta":{"footnotes":""},"categories":[2597,2095,2769],"tags":[2123,4274,3889],"class_list":["post-75326","post","type-post","status-publish","format-standard","hentry","category-democratie-2","category-education","category-science-economique-2","tag-andre-orlean","tag-association-francaise-deconomie-politique-afep","tag-jean-tirole"],"_links":{"self":[{"href":"https:\/\/www.pauljorion.com\/blog\/wp-json\/wp\/v2\/posts\/75326","targetHints":{"allow":["GET"]}}],"collection":[{"href":"https:\/\/www.pauljorion.com\/blog\/wp-json\/wp\/v2\/posts"}],"about":[{"href":"https:\/\/www.pauljorion.com\/blog\/wp-json\/wp\/v2\/types\/post"}],"author":[{"embeddable":true,"href":"https:\/\/www.pauljorion.com\/blog\/wp-json\/wp\/v2\/users\/37"}],"replies":[{"embeddable":true,"href":"https:\/\/www.pauljorion.com\/blog\/wp-json\/wp\/v2\/comments?post=75326"}],"version-history":[{"count":10,"href":"https:\/\/www.pauljorion.com\/blog\/wp-json\/wp\/v2\/posts\/75326\/revisions"}],"predecessor-version":[{"id":75342,"href":"https:\/\/www.pauljorion.com\/blog\/wp-json\/wp\/v2\/posts\/75326\/revisions\/75342"}],"wp:attachment":[{"href":"https:\/\/www.pauljorion.com\/blog\/wp-json\/wp\/v2\/media?parent=75326"}],"wp:term":[{"taxonomy":"category","embeddable":true,"href":"https:\/\/www.pauljorion.com\/blog\/wp-json\/wp\/v2\/categories?post=75326"},{"taxonomy":"post_tag","embeddable":true,"href":"https:\/\/www.pauljorion.com\/blog\/wp-json\/wp\/v2\/tags?post=75326"}],"curies":[{"name":"wp","href":"https:\/\/api.w.org\/{rel}","templated":true}]}}